{"id":10605,"date":"2026-01-28T09:23:44","date_gmt":"2026-01-28T07:23:44","guid":{"rendered":"https:\/\/nagykokenyes.hu\/?p=10605"},"modified":"2026-01-28T09:23:44","modified_gmt":"2026-01-28T07:23:44","slug":"az-orfk-rfi-ugyeleti-foosztaly-112-es-hirlevele-3","status":"publish","type":"post","link":"https:\/\/nagykokenyes.hu\/?p=10605","title":{"rendered":"Az ORFK RFI \u00dcgyeleti f\u0151oszt\u00e1ly 112-es h\u00edrlevele"},"content":{"rendered":"<p style=\"text-align: justify;\">2025. okt\u00f3ber 18-\u00e1n els\u0151 alkalommal ker\u00fclt megrendez\u00e9sre a <strong>Gondos\u00f3ra Nap a Budapesti N\u00e9prajzi M\u00fazeumban<\/strong>, amelyen t\u00f6bb mint f\u00e9lezer \u00e9rdekl\u0151d\u0151 vett r\u00e9szt. A l\u00e1togat\u00f3kat 18 ki\u00e1ll\u00edt\u00f3 \u00e9s 20 szakmai el\u0151ad\u00e1s v\u00e1rta, valamint a M\u00fazeum melletti szabad ter\u00fcleten kitelep\u00fclt Magyarorsz\u00e1g \u00e1tfog\u00f3 eg\u00e9szs\u00e9gv\u00e9delmi sz\u0171r\u0151programj\u00e1nak sz\u0171r\u0151kamionja is, ahol a nap folyam\u00e1n eg\u00e9szs\u00e9g\u00fcgyi sz\u0171r\u0151vizsg\u00e1latokra v\u00e1rt\u00e1k az l\u00e1togat\u00f3kat.<\/p>\n<p style=\"text-align: justify;\">A programon \u2013 a szombathelyi munkat\u00e1rsak k\u00e9pviselet\u00e9ben \u2013 ki\u00e1ll\u00edt\u00f3k\u00e9nt bemutatkoztak a h\u00edv\u00e1sfogad\u00f3 k\u00f6zpontok is. A z\u00f6m\u00e9ben 65 \u00e9v feletti koroszt\u00e1lyt k\u00e9pvisel\u0151 \u00e9rdekl\u0151d\u0151k a seg\u00e9lyh\u00edv\u00f3 sz\u00e1mok rendeltet\u00e9sszer\u0171 haszn\u00e1lat\u00e1val kapcsolatos sz\u00f3keres\u0151- \u00e9s keresztrejtv\u00e9nyeket fejthettek meg, kv\u00edzt t\u00f6lthettek ki \u00e9s a h\u00edv\u00e1sfogad\u00f3kkal t\u00f6rt\u00e9n\u0151 besz\u00e9lget\u00e9sek sor\u00e1n megismerhett\u00e9k a h\u00edv\u00e1sfogad\u00f3 k\u00f6zpontokban foly\u00f3 munkav\u00e9gz\u00e9st is.<\/p>\n<p>A h\u00edrlev\u00e9l b\u0151vebben <a href=\"https:\/\/nagykokenyes.hu\/wp-content\/uploads\/2026\/01\/112Hirlevel4-.pdf\">ITT<\/a> olvashat\u00f3.<\/p>\n","protected":false},"excerpt":{"rendered":"<p>2025. okt\u00f3ber 18-\u00e1n els\u0151 alkalommal ker\u00fclt megrendez\u00e9sre a Gondos\u00f3ra Nap a Budapesti N\u00e9prajzi M\u00fazeumban, amelyen t\u00f6bb mint f\u00e9lezer \u00e9rdekl\u0151d\u0151 vett r\u00e9szt. A l\u00e1togat\u00f3kat 18 ki\u00e1ll\u00edt\u00f3 \u00e9s 20 szakmai el\u0151ad\u00e1s v\u00e1rta, valamint a M\u00fazeum melletti szabad ter\u00fcleten kitelep\u00fclt Magyarorsz\u00e1g \u00e1tfog\u00f3 eg\u00e9szs\u00e9gv\u00e9delmi sz\u0171r\u0151programj\u00e1nak sz\u0171r\u0151kamionja is, ahol a nap folyam\u00e1n eg\u00e9szs\u00e9g\u00fcgyi sz\u0171r\u0151vizsg\u00e1latokra v\u00e1rt\u00e1k az l\u00e1togat\u00f3kat. A programon \u2013 [&hellip;]<\/p>\n","protected":false},"author":3,"featured_media":0,"comment_status":"closed","ping_status":"closed","sticky":false,"template":"","format":"standard","meta":{"footnotes":""},"categories":[1],"tags":[],"class_list":["post-10605","post","type-post","status-publish","format-standard","hentry","category-egyeb"],"yoast_head":"<!-- This site is optimized with the Yoast SEO plugin v26.5 - https:\/\/yoast.com\/wordpress\/plugins\/seo\/ -->\n<title>Az ORFK RFI \u00dcgyeleti f\u0151oszt\u00e1ly 112-es h\u00edrlevele - Nagyk\u00f6k\u00e9nyes K\u00f6zs\u00e9g \u00d6nkorm\u00e1nyzata<\/title>\n<meta name=\"robots\" content=\"index, follow, max-snippet:-1, max-image-preview:large, max-video-preview:-1\" \/>\n<link rel=\"canonical\" href=\"https:\/\/nagykokenyes.hu\/?p=10605\" \/>\n<meta property=\"og:locale\" content=\"hu_HU\" \/>\n<meta property=\"og:type\" content=\"article\" \/>\n<meta property=\"og:title\" content=\"Az ORFK RFI \u00dcgyeleti f\u0151oszt\u00e1ly 112-es h\u00edrlevele - Nagyk\u00f6k\u00e9nyes K\u00f6zs\u00e9g \u00d6nkorm\u00e1nyzata\" \/>\n<meta property=\"og:description\" content=\"2025. okt\u00f3ber 18-\u00e1n els\u0151 alkalommal ker\u00fclt megrendez\u00e9sre a Gondos\u00f3ra Nap a Budapesti N\u00e9prajzi M\u00fazeumban, amelyen t\u00f6bb mint f\u00e9lezer \u00e9rdekl\u0151d\u0151 vett r\u00e9szt. A l\u00e1togat\u00f3kat 18 ki\u00e1ll\u00edt\u00f3 \u00e9s 20 szakmai el\u0151ad\u00e1s v\u00e1rta, valamint a M\u00fazeum melletti szabad ter\u00fcleten kitelep\u00fclt Magyarorsz\u00e1g \u00e1tfog\u00f3 eg\u00e9szs\u00e9gv\u00e9delmi sz\u0171r\u0151programj\u00e1nak sz\u0171r\u0151kamionja is, ahol a nap folyam\u00e1n eg\u00e9szs\u00e9g\u00fcgyi sz\u0171r\u0151vizsg\u00e1latokra v\u00e1rt\u00e1k az l\u00e1togat\u00f3kat. A programon \u2013 [&hellip;]\" \/>\n<meta property=\"og:url\" content=\"https:\/\/nagykokenyes.hu\/?p=10605\" \/>\n<meta property=\"og:site_name\" content=\"Nagyk\u00f6k\u00e9nyes K\u00f6zs\u00e9g \u00d6nkorm\u00e1nyzata\" \/>\n<meta property=\"article:published_time\" content=\"2026-01-28T07:23:44+00:00\" \/>\n<meta name=\"author\" content=\"Toldi-Media&amp;Web\u00a9\" \/>\n<meta name=\"twitter:card\" content=\"summary_large_image\" \/>\n<meta name=\"twitter:label1\" content=\"Szerz\u0151:\" \/>\n\t<meta name=\"twitter:data1\" content=\"Toldi-Media&amp;Web\u00a9\" \/>\n\t<meta name=\"twitter:label2\" content=\"Becs\u00fclt olvas\u00e1si id\u0151\" \/>\n\t<meta name=\"twitter:data2\" content=\"1 perc\" \/>\n<script type=\"application\/ld+json\" class=\"yoast-schema-graph\">{\"@context\":\"https:\/\/schema.org\",\"@graph\":[{\"@type\":\"WebPage\",\"@id\":\"https:\/\/nagykokenyes.hu\/?p=10605\",\"url\":\"https:\/\/nagykokenyes.hu\/?p=10605\",\"name\":\"Az ORFK RFI \u00dcgyeleti f\u0151oszt\u00e1ly 112-es h\u00edrlevele - Nagyk\u00f6k\u00e9nyes K\u00f6zs\u00e9g \u00d6nkorm\u00e1nyzata\",\"isPartOf\":{\"@id\":\"https:\/\/nagykokenyes.hu\/#website\"},\"datePublished\":\"2026-01-28T07:23:44+00:00\",\"author\":{\"@id\":\"https:\/\/nagykokenyes.hu\/#\/schema\/person\/91a03ceb98215334e96f799e0fbcb3be\"},\"breadcrumb\":{\"@id\":\"https:\/\/nagykokenyes.hu\/?p=10605#breadcrumb\"},\"inLanguage\":\"hu\",\"potentialAction\":[{\"@type\":\"ReadAction\",\"target\":[\"https:\/\/nagykokenyes.hu\/?p=10605\"]}]},{\"@type\":\"BreadcrumbList\",\"@id\":\"https:\/\/nagykokenyes.hu\/?p=10605#breadcrumb\",\"itemListElement\":[{\"@type\":\"ListItem\",\"position\":1,\"name\":\"Kezd\u0151lap\",\"item\":\"https:\/\/nagykokenyes.hu\/\"},{\"@type\":\"ListItem\",\"position\":2,\"name\":\"Az ORFK RFI \u00dcgyeleti f\u0151oszt\u00e1ly 112-es h\u00edrlevele\"}]},{\"@type\":\"WebSite\",\"@id\":\"https:\/\/nagykokenyes.hu\/#website\",\"url\":\"https:\/\/nagykokenyes.hu\/\",\"name\":\"Nagyk\u00f6k\u00e9nyes K\u00f6zs\u00e9g \u00d6nkorm\u00e1nyzata\",\"description\":\"\",\"potentialAction\":[{\"@type\":\"SearchAction\",\"target\":{\"@type\":\"EntryPoint\",\"urlTemplate\":\"https:\/\/nagykokenyes.hu\/?s={search_term_string}\"},\"query-input\":{\"@type\":\"PropertyValueSpecification\",\"valueRequired\":true,\"valueName\":\"search_term_string\"}}],\"inLanguage\":\"hu\"},{\"@type\":\"Person\",\"@id\":\"https:\/\/nagykokenyes.hu\/#\/schema\/person\/91a03ceb98215334e96f799e0fbcb3be\",\"name\":\"Toldi-Media&amp;Web\u00a9\",\"image\":{\"@type\":\"ImageObject\",\"inLanguage\":\"hu\",\"@id\":\"https:\/\/nagykokenyes.hu\/#\/schema\/person\/image\/\",\"url\":\"https:\/\/secure.gravatar.com\/avatar\/adc3df0c265574e995fc88e9d5fca046c2077c4ac097b10c58e854f5d7ae42ac?s=96&d=mm&r=g\",\"contentUrl\":\"https:\/\/secure.gravatar.com\/avatar\/adc3df0c265574e995fc88e9d5fca046c2077c4ac097b10c58e854f5d7ae42ac?s=96&d=mm&r=g\",\"caption\":\"Toldi-Media&amp;Web\u00a9\"},\"url\":\"https:\/\/nagykokenyes.hu\/?author=3\"}]}<\/script>\n<!-- \/ Yoast SEO plugin. -->","yoast_head_json":{"title":"Az ORFK RFI \u00dcgyeleti f\u0151oszt\u00e1ly 112-es h\u00edrlevele - Nagyk\u00f6k\u00e9nyes K\u00f6zs\u00e9g \u00d6nkorm\u00e1nyzata","robots":{"index":"index","follow":"follow","max-snippet":"max-snippet:-1","max-image-preview":"max-image-preview:large","max-video-preview":"max-video-preview:-1"},"canonical":"https:\/\/nagykokenyes.hu\/?p=10605","og_locale":"hu_HU","og_type":"article","og_title":"Az ORFK RFI \u00dcgyeleti f\u0151oszt\u00e1ly 112-es h\u00edrlevele - Nagyk\u00f6k\u00e9nyes K\u00f6zs\u00e9g \u00d6nkorm\u00e1nyzata","og_description":"2025. okt\u00f3ber 18-\u00e1n els\u0151 alkalommal ker\u00fclt megrendez\u00e9sre a Gondos\u00f3ra Nap a Budapesti N\u00e9prajzi M\u00fazeumban, amelyen t\u00f6bb mint f\u00e9lezer \u00e9rdekl\u0151d\u0151 vett r\u00e9szt. A l\u00e1togat\u00f3kat 18 ki\u00e1ll\u00edt\u00f3 \u00e9s 20 szakmai el\u0151ad\u00e1s v\u00e1rta, valamint a M\u00fazeum melletti szabad ter\u00fcleten kitelep\u00fclt Magyarorsz\u00e1g \u00e1tfog\u00f3 eg\u00e9szs\u00e9gv\u00e9delmi sz\u0171r\u0151programj\u00e1nak sz\u0171r\u0151kamionja is, ahol a nap folyam\u00e1n eg\u00e9szs\u00e9g\u00fcgyi sz\u0171r\u0151vizsg\u00e1latokra v\u00e1rt\u00e1k az l\u00e1togat\u00f3kat. A programon \u2013 [&hellip;]","og_url":"https:\/\/nagykokenyes.hu\/?p=10605","og_site_name":"Nagyk\u00f6k\u00e9nyes K\u00f6zs\u00e9g \u00d6nkorm\u00e1nyzata","article_published_time":"2026-01-28T07:23:44+00:00","author":"Toldi-Media&amp;Web\u00a9","twitter_card":"summary_large_image","twitter_misc":{"Szerz\u0151:":"Toldi-Media&amp;Web\u00a9","Becs\u00fclt olvas\u00e1si id\u0151":"1 perc"},"schema":{"@context":"https:\/\/schema.org","@graph":[{"@type":"WebPage","@id":"https:\/\/nagykokenyes.hu\/?p=10605","url":"https:\/\/nagykokenyes.hu\/?p=10605","name":"Az ORFK RFI \u00dcgyeleti f\u0151oszt\u00e1ly 112-es h\u00edrlevele - Nagyk\u00f6k\u00e9nyes K\u00f6zs\u00e9g \u00d6nkorm\u00e1nyzata","isPartOf":{"@id":"https:\/\/nagykokenyes.hu\/#website"},"datePublished":"2026-01-28T07:23:44+00:00","author":{"@id":"https:\/\/nagykokenyes.hu\/#\/schema\/person\/91a03ceb98215334e96f799e0fbcb3be"},"breadcrumb":{"@id":"https:\/\/nagykokenyes.hu\/?p=10605#breadcrumb"},"inLanguage":"hu","potentialAction":[{"@type":"ReadAction","target":["https:\/\/nagykokenyes.hu\/?p=10605"]}]},{"@type":"BreadcrumbList","@id":"https:\/\/nagykokenyes.hu\/?p=10605#breadcrumb","itemListElement":[{"@type":"ListItem","position":1,"name":"Kezd\u0151lap","item":"https:\/\/nagykokenyes.hu\/"},{"@type":"ListItem","position":2,"name":"Az ORFK RFI \u00dcgyeleti f\u0151oszt\u00e1ly 112-es h\u00edrlevele"}]},{"@type":"WebSite","@id":"https:\/\/nagykokenyes.hu\/#website","url":"https:\/\/nagykokenyes.hu\/","name":"Nagyk\u00f6k\u00e9nyes K\u00f6zs\u00e9g \u00d6nkorm\u00e1nyzata","description":"","potentialAction":[{"@type":"SearchAction","target":{"@type":"EntryPoint","urlTemplate":"https:\/\/nagykokenyes.hu\/?s={search_term_string}"},"query-input":{"@type":"PropertyValueSpecification","valueRequired":true,"valueName":"search_term_string"}}],"inLanguage":"hu"},{"@type":"Person","@id":"https:\/\/nagykokenyes.hu\/#\/schema\/person\/91a03ceb98215334e96f799e0fbcb3be","name":"Toldi-Media&amp;Web\u00a9","image":{"@type":"ImageObject","inLanguage":"hu","@id":"https:\/\/nagykokenyes.hu\/#\/schema\/person\/image\/","url":"https:\/\/secure.gravatar.com\/avatar\/adc3df0c265574e995fc88e9d5fca046c2077c4ac097b10c58e854f5d7ae42ac?s=96&d=mm&r=g","contentUrl":"https:\/\/secure.gravatar.com\/avatar\/adc3df0c265574e995fc88e9d5fca046c2077c4ac097b10c58e854f5d7ae42ac?s=96&d=mm&r=g","caption":"Toldi-Media&amp;Web\u00a9"},"url":"https:\/\/nagykokenyes.hu\/?author=3"}]}},"_links":{"self":[{"href":"https:\/\/nagykokenyes.hu\/index.php?rest_route=\/wp\/v2\/posts\/10605","targetHints":{"allow":["GET"]}}],"collection":[{"href":"https:\/\/nagykokenyes.hu\/index.php?rest_route=\/wp\/v2\/posts"}],"about":[{"href":"https:\/\/nagykokenyes.hu\/index.php?rest_route=\/wp\/v2\/types\/post"}],"author":[{"embeddable":true,"href":"https:\/\/nagykokenyes.hu\/index.php?rest_route=\/wp\/v2\/users\/3"}],"replies":[{"embeddable":true,"href":"https:\/\/nagykokenyes.hu\/index.php?rest_route=%2Fwp%2Fv2%2Fcomments&post=10605"}],"version-history":[{"count":1,"href":"https:\/\/nagykokenyes.hu\/index.php?rest_route=\/wp\/v2\/posts\/10605\/revisions"}],"predecessor-version":[{"id":10607,"href":"https:\/\/nagykokenyes.hu\/index.php?rest_route=\/wp\/v2\/posts\/10605\/revisions\/10607"}],"wp:attachment":[{"href":"https:\/\/nagykokenyes.hu\/index.php?rest_route=%2Fwp%2Fv2%2Fmedia&parent=10605"}],"wp:term":[{"taxonomy":"category","embeddable":true,"href":"https:\/\/nagykokenyes.hu\/index.php?rest_route=%2Fwp%2Fv2%2Fcategories&post=10605"},{"taxonomy":"post_tag","embeddable":true,"href":"https:\/\/nagykokenyes.hu\/index.php?rest_route=%2Fwp%2Fv2%2Ftags&post=10605"}],"curies":[{"name":"wp","href":"https:\/\/api.w.org\/{rel}","templated":true}]}}