{"id":1138,"date":"2019-02-19T19:43:31","date_gmt":"2019-02-19T19:43:31","guid":{"rendered":"http:\/\/nagykokenyes.hu\/?p=1138"},"modified":"2019-02-19T19:44:24","modified_gmt":"2019-02-19T19:44:24","slug":"a-telepulesi-onkormanyzat-jegyzojenek-engedelyezesi-hataskorebe-tartozo-kutak-eljarasjogi-szabalyairol","status":"publish","type":"post","link":"https:\/\/nagykokenyes.hu\/?p=1138","title":{"rendered":"A telep\u00fcl\u00e9si \u00f6nkorm\u00e1nyzat jegyz\u0151j\u00e9nek enged\u00e9lyez\u00e9si hat\u00e1sk\u00f6r\u00e9be tartoz\u00f3 kutak elj\u00e1r\u00e1sjogi szab\u00e1lyair\u00f3l"},"content":{"rendered":"<p style=\"text-align: justify;\"><a href=\"http:\/\/nagykokenyes.hu\/wp-content\/uploads\/2019\/02\/vizjog-768x820.jpg\"><img loading=\"lazy\" decoding=\"async\" class=\"wp-image-1139 size-thumbnail alignleft\" src=\"http:\/\/nagykokenyes.hu\/wp-content\/uploads\/2019\/02\/vizjog-768x820-150x150.jpg\" alt=\"\" width=\"150\" height=\"150\" \/><\/a>Magyarorsz\u00e1g iv\u00f3v\u00edzell\u00e1t\u00e1sa 95%-ban felsz\u00edn alatti v\u00edzk\u00e9szleteinkb\u0151l t\u00f6rt\u00e9nik. A v\u00edzk\u00e9szlet v\u00e9ges term\u00e9szeti er\u0151forr\u00e1s, melyet csak olyan m\u00e9rt\u00e9kben szabad ig\u00e9nybe venni, hogy a v\u00edzkiv\u00e9tel \u00e9s az ut\u00e1n p\u00f3tl\u00f3d\u00e1s egyens\u00falya min\u0151s\u00e9gi k\u00e1rosod\u00e1s n\u00e9lk\u00fcl megmaradjon. Ma Magyarorsz\u00e1gon a fenntarthat\u00f3 v\u00edzgazd\u00e1lkod\u00e1st jelent\u0151sen vesz\u00e9lyezteti az enged\u00e9ly n\u00e9lk\u00fcl l\u00e9tes\u00edtett \u00e9s \u00fczemeltetett kutak nagy sz\u00e1ma. Egyes becsl\u00e9sek szerint a kutak 80-90%-\u00e1t \u00e9p\u00edtik a sz\u00fcks\u00e9ges enged\u00e9lyek \u00e9s nyilv\u00e1ntart\u00e1sba v\u00e9tel n\u00e9lk\u00fcl, amellett, hogy a sz\u00fcks\u00e9ges jogos\u00edtv\u00e1nyokkal nem rendelkez\u0151 k\u00fatf\u00far\u00f3k nem kis h\u00e1nyada szakmai felk\u00e9sz\u00fclts\u00e9g \u00e9s megfelel\u0151 felszerel\u00e9s hi\u00e1ny\u00e1ban nem k\u00e9pes szakszer\u0171 munka elv\u00e9gz\u00e9s\u00e9re.<\/p>\n<p style=\"text-align: justify;\"><strong>Az illeg\u00e1lisan k\u00e9sz\u00edtett kutak jellemz\u0151en k\u00e9t csoportra oszthat\u00f3k:<\/strong><\/p>\n<ul style=\"text-align: justify;\">\n<li>a h\u00e1ztart\u00e1si v\u00edzig\u00e9nyt kiel\u00e9g\u00edt\u0151 \u2013 ide tartoz\u00f3an jellemz\u0151en a h\u00e1zi kertek locsol\u00e1si c\u00e9lj\u00e1ra l\u00e9tes\u00edtett \u2013 kutak,<\/li>\n<li>a mez\u0151gazdas\u00e1gi \u00f6nt\u00f6z\u00e9s c\u00e9lj\u00e1ra l\u00e9tes\u00edtett kutak.<\/li>\n<\/ul>\n<p style=\"text-align: justify;\">E kutak k\u00f6z\u00fcl <strong>a h\u00e1ztart\u00e1si v\u00edzig\u00e9nyt kiel\u00e9g\u00edt\u0151 talajv\u00edzkutak \u2013 bele\u00e9rtve a h\u00e1zi iv\u00f3v\u00edzig\u00e9ny kiel\u00e9g\u00edt\u00e9s\u00e9re szolg\u00e1l\u00f3 sek\u00e9ly m\u00e9lys\u00e9g\u0171 v\u00edzi l\u00e9tes\u00edtm\u00e9nyeket is \u2013 tartoznak a jegyz\u0151 enged\u00e9lyez\u00e9si hat\u00e1sk\u00f6r\u00e9be.<\/strong><\/p>\n<p><a href=\"http:\/\/nagykokenyes.hu\/wp-content\/uploads\/2019\/02\/KSZ-1-132-2-mell\u00e9klet-F\u00fart-kutakkal-kapcsolatos-t\u00e1j\u00e9koztat\u00f3_BM.pdf\">A t\u00e9m\u00e1val kapcsolatos b\u0151vebb inform\u00e1ci\u00f3 itt let\u00f6lthet\u0151.<\/a><\/p>\n<p>&nbsp;<\/p>\n","protected":false},"excerpt":{"rendered":"<p>Magyarorsz\u00e1g iv\u00f3v\u00edzell\u00e1t\u00e1sa 95%-ban felsz\u00edn alatti v\u00edzk\u00e9szleteinkb\u0151l t\u00f6rt\u00e9nik. A v\u00edzk\u00e9szlet v\u00e9ges term\u00e9szeti er\u0151forr\u00e1s, melyet csak olyan m\u00e9rt\u00e9kben szabad ig\u00e9nybe venni, hogy a v\u00edzkiv\u00e9tel \u00e9s az ut\u00e1n p\u00f3tl\u00f3d\u00e1s egyens\u00falya min\u0151s\u00e9gi k\u00e1rosod\u00e1s n\u00e9lk\u00fcl megmaradjon. Ma Magyarorsz\u00e1gon a fenntarthat\u00f3 v\u00edzgazd\u00e1lkod\u00e1st jelent\u0151sen vesz\u00e9lyezteti az enged\u00e9ly n\u00e9lk\u00fcl l\u00e9tes\u00edtett \u00e9s \u00fczemeltetett kutak nagy sz\u00e1ma. Egyes becsl\u00e9sek szerint a kutak 80-90%-\u00e1t \u00e9p\u00edtik a [&hellip;]<\/p>\n","protected":false},"author":1,"featured_media":0,"comment_status":"closed","ping_status":"closed","sticky":false,"template":"","format":"standard","meta":{"footnotes":""},"categories":[1],"tags":[],"class_list":["post-1138","post","type-post","status-publish","format-standard","hentry","category-egyeb"],"yoast_head":"<!-- This site is optimized with the Yoast SEO plugin v26.5 - https:\/\/yoast.com\/wordpress\/plugins\/seo\/ -->\n<title>A telep\u00fcl\u00e9si \u00f6nkorm\u00e1nyzat jegyz\u0151j\u00e9nek enged\u00e9lyez\u00e9si hat\u00e1sk\u00f6r\u00e9be tartoz\u00f3 kutak elj\u00e1r\u00e1sjogi szab\u00e1lyair\u00f3l - Nagyk\u00f6k\u00e9nyes K\u00f6zs\u00e9g \u00d6nkorm\u00e1nyzata<\/title>\n<meta name=\"robots\" content=\"index, follow, max-snippet:-1, max-image-preview:large, max-video-preview:-1\" \/>\n<link rel=\"canonical\" href=\"https:\/\/nagykokenyes.hu\/?p=1138\" \/>\n<meta property=\"og:locale\" content=\"hu_HU\" \/>\n<meta property=\"og:type\" content=\"article\" \/>\n<meta property=\"og:title\" content=\"A telep\u00fcl\u00e9si \u00f6nkorm\u00e1nyzat jegyz\u0151j\u00e9nek enged\u00e9lyez\u00e9si hat\u00e1sk\u00f6r\u00e9be tartoz\u00f3 kutak elj\u00e1r\u00e1sjogi szab\u00e1lyair\u00f3l - Nagyk\u00f6k\u00e9nyes K\u00f6zs\u00e9g \u00d6nkorm\u00e1nyzata\" \/>\n<meta property=\"og:description\" content=\"Magyarorsz\u00e1g iv\u00f3v\u00edzell\u00e1t\u00e1sa 95%-ban felsz\u00edn alatti v\u00edzk\u00e9szleteinkb\u0151l t\u00f6rt\u00e9nik. A v\u00edzk\u00e9szlet v\u00e9ges term\u00e9szeti er\u0151forr\u00e1s, melyet csak olyan m\u00e9rt\u00e9kben szabad ig\u00e9nybe venni, hogy a v\u00edzkiv\u00e9tel \u00e9s az ut\u00e1n p\u00f3tl\u00f3d\u00e1s egyens\u00falya min\u0151s\u00e9gi k\u00e1rosod\u00e1s n\u00e9lk\u00fcl megmaradjon. Ma Magyarorsz\u00e1gon a fenntarthat\u00f3 v\u00edzgazd\u00e1lkod\u00e1st jelent\u0151sen vesz\u00e9lyezteti az enged\u00e9ly n\u00e9lk\u00fcl l\u00e9tes\u00edtett \u00e9s \u00fczemeltetett kutak nagy sz\u00e1ma. Egyes becsl\u00e9sek szerint a kutak 80-90%-\u00e1t \u00e9p\u00edtik a [&hellip;]\" \/>\n<meta property=\"og:url\" content=\"https:\/\/nagykokenyes.hu\/?p=1138\" \/>\n<meta property=\"og:site_name\" content=\"Nagyk\u00f6k\u00e9nyes K\u00f6zs\u00e9g \u00d6nkorm\u00e1nyzata\" \/>\n<meta property=\"article:published_time\" content=\"2019-02-19T19:43:31+00:00\" \/>\n<meta property=\"article:modified_time\" content=\"2019-02-19T19:44:24+00:00\" \/>\n<meta property=\"og:image\" content=\"http:\/\/nagykokenyes.hu\/wp-content\/uploads\/2019\/02\/vizjog-768x820-150x150.jpg\" \/>\n<meta name=\"author\" content=\"Toldi-Media&amp;Web\u00a9\" \/>\n<meta name=\"twitter:card\" content=\"summary_large_image\" \/>\n<meta name=\"twitter:label1\" content=\"Szerz\u0151:\" \/>\n\t<meta name=\"twitter:data1\" content=\"Toldi-Media&amp;Web\u00a9\" \/>\n\t<meta name=\"twitter:label2\" content=\"Becs\u00fclt olvas\u00e1si id\u0151\" \/>\n\t<meta name=\"twitter:data2\" content=\"1 perc\" \/>\n<script type=\"application\/ld+json\" class=\"yoast-schema-graph\">{\"@context\":\"https:\/\/schema.org\",\"@graph\":[{\"@type\":\"WebPage\",\"@id\":\"https:\/\/nagykokenyes.hu\/?p=1138\",\"url\":\"https:\/\/nagykokenyes.hu\/?p=1138\",\"name\":\"A telep\u00fcl\u00e9si \u00f6nkorm\u00e1nyzat jegyz\u0151j\u00e9nek enged\u00e9lyez\u00e9si hat\u00e1sk\u00f6r\u00e9be tartoz\u00f3 kutak elj\u00e1r\u00e1sjogi szab\u00e1lyair\u00f3l - Nagyk\u00f6k\u00e9nyes K\u00f6zs\u00e9g \u00d6nkorm\u00e1nyzata\",\"isPartOf\":{\"@id\":\"https:\/\/nagykokenyes.hu\/#website\"},\"primaryImageOfPage\":{\"@id\":\"https:\/\/nagykokenyes.hu\/?p=1138#primaryimage\"},\"image\":{\"@id\":\"https:\/\/nagykokenyes.hu\/?p=1138#primaryimage\"},\"thumbnailUrl\":\"http:\/\/nagykokenyes.hu\/wp-content\/uploads\/2019\/02\/vizjog-768x820-150x150.jpg\",\"datePublished\":\"2019-02-19T19:43:31+00:00\",\"dateModified\":\"2019-02-19T19:44:24+00:00\",\"author\":{\"@id\":\"https:\/\/nagykokenyes.hu\/#\/schema\/person\/ba2ba93c7c7503248716e2c9b3e03cb9\"},\"breadcrumb\":{\"@id\":\"https:\/\/nagykokenyes.hu\/?p=1138#breadcrumb\"},\"inLanguage\":\"hu\",\"potentialAction\":[{\"@type\":\"ReadAction\",\"target\":[\"https:\/\/nagykokenyes.hu\/?p=1138\"]}]},{\"@type\":\"ImageObject\",\"inLanguage\":\"hu\",\"@id\":\"https:\/\/nagykokenyes.hu\/?p=1138#primaryimage\",\"url\":\"https:\/\/nagykokenyes.hu\/wp-content\/uploads\/2019\/02\/vizjog-768x820.jpg\",\"contentUrl\":\"https:\/\/nagykokenyes.hu\/wp-content\/uploads\/2019\/02\/vizjog-768x820.jpg\",\"width\":768,\"height\":820},{\"@type\":\"BreadcrumbList\",\"@id\":\"https:\/\/nagykokenyes.hu\/?p=1138#breadcrumb\",\"itemListElement\":[{\"@type\":\"ListItem\",\"position\":1,\"name\":\"Kezd\u0151lap\",\"item\":\"https:\/\/nagykokenyes.hu\/\"},{\"@type\":\"ListItem\",\"position\":2,\"name\":\"A telep\u00fcl\u00e9si \u00f6nkorm\u00e1nyzat jegyz\u0151j\u00e9nek enged\u00e9lyez\u00e9si hat\u00e1sk\u00f6r\u00e9be tartoz\u00f3 kutak elj\u00e1r\u00e1sjogi szab\u00e1lyair\u00f3l\"}]},{\"@type\":\"WebSite\",\"@id\":\"https:\/\/nagykokenyes.hu\/#website\",\"url\":\"https:\/\/nagykokenyes.hu\/\",\"name\":\"Nagyk\u00f6k\u00e9nyes K\u00f6zs\u00e9g \u00d6nkorm\u00e1nyzata\",\"description\":\"\",\"potentialAction\":[{\"@type\":\"SearchAction\",\"target\":{\"@type\":\"EntryPoint\",\"urlTemplate\":\"https:\/\/nagykokenyes.hu\/?s={search_term_string}\"},\"query-input\":{\"@type\":\"PropertyValueSpecification\",\"valueRequired\":true,\"valueName\":\"search_term_string\"}}],\"inLanguage\":\"hu\"},{\"@type\":\"Person\",\"@id\":\"https:\/\/nagykokenyes.hu\/#\/schema\/person\/ba2ba93c7c7503248716e2c9b3e03cb9\",\"name\":\"Toldi-Media&amp;Web\u00a9\",\"image\":{\"@type\":\"ImageObject\",\"inLanguage\":\"hu\",\"@id\":\"https:\/\/nagykokenyes.hu\/#\/schema\/person\/image\/\",\"url\":\"https:\/\/secure.gravatar.com\/avatar\/2dac2571de4f37e90c24eb6e6ae2792d9014feeaa0958c550badf9cc9089b3f4?s=96&d=mm&r=g\",\"contentUrl\":\"https:\/\/secure.gravatar.com\/avatar\/2dac2571de4f37e90c24eb6e6ae2792d9014feeaa0958c550badf9cc9089b3f4?s=96&d=mm&r=g\",\"caption\":\"Toldi-Media&amp;Web\u00a9\"},\"url\":\"https:\/\/nagykokenyes.hu\/?author=1\"}]}<\/script>\n<!-- \/ Yoast SEO plugin. -->","yoast_head_json":{"title":"A telep\u00fcl\u00e9si \u00f6nkorm\u00e1nyzat jegyz\u0151j\u00e9nek enged\u00e9lyez\u00e9si hat\u00e1sk\u00f6r\u00e9be tartoz\u00f3 kutak elj\u00e1r\u00e1sjogi szab\u00e1lyair\u00f3l - Nagyk\u00f6k\u00e9nyes K\u00f6zs\u00e9g \u00d6nkorm\u00e1nyzata","robots":{"index":"index","follow":"follow","max-snippet":"max-snippet:-1","max-image-preview":"max-image-preview:large","max-video-preview":"max-video-preview:-1"},"canonical":"https:\/\/nagykokenyes.hu\/?p=1138","og_locale":"hu_HU","og_type":"article","og_title":"A telep\u00fcl\u00e9si \u00f6nkorm\u00e1nyzat jegyz\u0151j\u00e9nek enged\u00e9lyez\u00e9si hat\u00e1sk\u00f6r\u00e9be tartoz\u00f3 kutak elj\u00e1r\u00e1sjogi szab\u00e1lyair\u00f3l - Nagyk\u00f6k\u00e9nyes K\u00f6zs\u00e9g \u00d6nkorm\u00e1nyzata","og_description":"Magyarorsz\u00e1g iv\u00f3v\u00edzell\u00e1t\u00e1sa 95%-ban felsz\u00edn alatti v\u00edzk\u00e9szleteinkb\u0151l t\u00f6rt\u00e9nik. A v\u00edzk\u00e9szlet v\u00e9ges term\u00e9szeti er\u0151forr\u00e1s, melyet csak olyan m\u00e9rt\u00e9kben szabad ig\u00e9nybe venni, hogy a v\u00edzkiv\u00e9tel \u00e9s az ut\u00e1n p\u00f3tl\u00f3d\u00e1s egyens\u00falya min\u0151s\u00e9gi k\u00e1rosod\u00e1s n\u00e9lk\u00fcl megmaradjon. Ma Magyarorsz\u00e1gon a fenntarthat\u00f3 v\u00edzgazd\u00e1lkod\u00e1st jelent\u0151sen vesz\u00e9lyezteti az enged\u00e9ly n\u00e9lk\u00fcl l\u00e9tes\u00edtett \u00e9s \u00fczemeltetett kutak nagy sz\u00e1ma. Egyes becsl\u00e9sek szerint a kutak 80-90%-\u00e1t \u00e9p\u00edtik a [&hellip;]","og_url":"https:\/\/nagykokenyes.hu\/?p=1138","og_site_name":"Nagyk\u00f6k\u00e9nyes K\u00f6zs\u00e9g \u00d6nkorm\u00e1nyzata","article_published_time":"2019-02-19T19:43:31+00:00","article_modified_time":"2019-02-19T19:44:24+00:00","og_image":[{"url":"http:\/\/nagykokenyes.hu\/wp-content\/uploads\/2019\/02\/vizjog-768x820-150x150.jpg","type":"","width":"","height":""}],"author":"Toldi-Media&amp;Web\u00a9","twitter_card":"summary_large_image","twitter_misc":{"Szerz\u0151:":"Toldi-Media&amp;Web\u00a9","Becs\u00fclt olvas\u00e1si id\u0151":"1 perc"},"schema":{"@context":"https:\/\/schema.org","@graph":[{"@type":"WebPage","@id":"https:\/\/nagykokenyes.hu\/?p=1138","url":"https:\/\/nagykokenyes.hu\/?p=1138","name":"A telep\u00fcl\u00e9si \u00f6nkorm\u00e1nyzat jegyz\u0151j\u00e9nek enged\u00e9lyez\u00e9si hat\u00e1sk\u00f6r\u00e9be tartoz\u00f3 kutak elj\u00e1r\u00e1sjogi szab\u00e1lyair\u00f3l - Nagyk\u00f6k\u00e9nyes K\u00f6zs\u00e9g \u00d6nkorm\u00e1nyzata","isPartOf":{"@id":"https:\/\/nagykokenyes.hu\/#website"},"primaryImageOfPage":{"@id":"https:\/\/nagykokenyes.hu\/?p=1138#primaryimage"},"image":{"@id":"https:\/\/nagykokenyes.hu\/?p=1138#primaryimage"},"thumbnailUrl":"http:\/\/nagykokenyes.hu\/wp-content\/uploads\/2019\/02\/vizjog-768x820-150x150.jpg","datePublished":"2019-02-19T19:43:31+00:00","dateModified":"2019-02-19T19:44:24+00:00","author":{"@id":"https:\/\/nagykokenyes.hu\/#\/schema\/person\/ba2ba93c7c7503248716e2c9b3e03cb9"},"breadcrumb":{"@id":"https:\/\/nagykokenyes.hu\/?p=1138#breadcrumb"},"inLanguage":"hu","potentialAction":[{"@type":"ReadAction","target":["https:\/\/nagykokenyes.hu\/?p=1138"]}]},{"@type":"ImageObject","inLanguage":"hu","@id":"https:\/\/nagykokenyes.hu\/?p=1138#primaryimage","url":"https:\/\/nagykokenyes.hu\/wp-content\/uploads\/2019\/02\/vizjog-768x820.jpg","contentUrl":"https:\/\/nagykokenyes.hu\/wp-content\/uploads\/2019\/02\/vizjog-768x820.jpg","width":768,"height":820},{"@type":"BreadcrumbList","@id":"https:\/\/nagykokenyes.hu\/?p=1138#breadcrumb","itemListElement":[{"@type":"ListItem","position":1,"name":"Kezd\u0151lap","item":"https:\/\/nagykokenyes.hu\/"},{"@type":"ListItem","position":2,"name":"A telep\u00fcl\u00e9si \u00f6nkorm\u00e1nyzat jegyz\u0151j\u00e9nek enged\u00e9lyez\u00e9si hat\u00e1sk\u00f6r\u00e9be tartoz\u00f3 kutak elj\u00e1r\u00e1sjogi szab\u00e1lyair\u00f3l"}]},{"@type":"WebSite","@id":"https:\/\/nagykokenyes.hu\/#website","url":"https:\/\/nagykokenyes.hu\/","name":"Nagyk\u00f6k\u00e9nyes K\u00f6zs\u00e9g \u00d6nkorm\u00e1nyzata","description":"","potentialAction":[{"@type":"SearchAction","target":{"@type":"EntryPoint","urlTemplate":"https:\/\/nagykokenyes.hu\/?s={search_term_string}"},"query-input":{"@type":"PropertyValueSpecification","valueRequired":true,"valueName":"search_term_string"}}],"inLanguage":"hu"},{"@type":"Person","@id":"https:\/\/nagykokenyes.hu\/#\/schema\/person\/ba2ba93c7c7503248716e2c9b3e03cb9","name":"Toldi-Media&amp;Web\u00a9","image":{"@type":"ImageObject","inLanguage":"hu","@id":"https:\/\/nagykokenyes.hu\/#\/schema\/person\/image\/","url":"https:\/\/secure.gravatar.com\/avatar\/2dac2571de4f37e90c24eb6e6ae2792d9014feeaa0958c550badf9cc9089b3f4?s=96&d=mm&r=g","contentUrl":"https:\/\/secure.gravatar.com\/avatar\/2dac2571de4f37e90c24eb6e6ae2792d9014feeaa0958c550badf9cc9089b3f4?s=96&d=mm&r=g","caption":"Toldi-Media&amp;Web\u00a9"},"url":"https:\/\/nagykokenyes.hu\/?author=1"}]}},"_links":{"self":[{"href":"https:\/\/nagykokenyes.hu\/index.php?rest_route=\/wp\/v2\/posts\/1138","targetHints":{"allow":["GET"]}}],"collection":[{"href":"https:\/\/nagykokenyes.hu\/index.php?rest_route=\/wp\/v2\/posts"}],"about":[{"href":"https:\/\/nagykokenyes.hu\/index.php?rest_route=\/wp\/v2\/types\/post"}],"author":[{"embeddable":true,"href":"https:\/\/nagykokenyes.hu\/index.php?rest_route=\/wp\/v2\/users\/1"}],"replies":[{"embeddable":true,"href":"https:\/\/nagykokenyes.hu\/index.php?rest_route=%2Fwp%2Fv2%2Fcomments&post=1138"}],"version-history":[{"count":4,"href":"https:\/\/nagykokenyes.hu\/index.php?rest_route=\/wp\/v2\/posts\/1138\/revisions"}],"predecessor-version":[{"id":1144,"href":"https:\/\/nagykokenyes.hu\/index.php?rest_route=\/wp\/v2\/posts\/1138\/revisions\/1144"}],"wp:attachment":[{"href":"https:\/\/nagykokenyes.hu\/index.php?rest_route=%2Fwp%2Fv2%2Fmedia&parent=1138"}],"wp:term":[{"taxonomy":"category","embeddable":true,"href":"https:\/\/nagykokenyes.hu\/index.php?rest_route=%2Fwp%2Fv2%2Fcategories&post=1138"},{"taxonomy":"post_tag","embeddable":true,"href":"https:\/\/nagykokenyes.hu\/index.php?rest_route=%2Fwp%2Fv2%2Ftags&post=1138"}],"curies":[{"name":"wp","href":"https:\/\/api.w.org\/{rel}","templated":true}]}}