{"id":1298,"date":"2019-05-09T20:18:30","date_gmt":"2019-05-09T20:18:30","guid":{"rendered":"http:\/\/nagykokenyes.hu\/?p=1298"},"modified":"2019-05-10T11:12:00","modified_gmt":"2019-05-10T11:12:00","slug":"utlezaras-utfelujitas-nagykokenyes-zagyvaszanto-kozott","status":"publish","type":"post","link":"https:\/\/nagykokenyes.hu\/?p=1298","title":{"rendered":"\u00datlez\u00e1r\u00e1s &#8211; \u00fatfel\u00faj\u00edt\u00e1s Nagyk\u00f6k\u00e9nyes &#8211; Zagyvasz\u00e1nt\u00f3 k\u00f6z\u00f6tt"},"content":{"rendered":"<p><strong><a href=\"http:\/\/nagykokenyes.hu\/wp-content\/uploads\/2019\/05\/utepites.svg_-8.png\"><img loading=\"lazy\" decoding=\"async\" class=\"wp-image-1302 alignleft\" src=\"http:\/\/nagykokenyes.hu\/wp-content\/uploads\/2019\/05\/utepites.svg_-8.png\" alt=\"\" width=\"235\" height=\"206\" \/><\/a>Tisztelt Nagyk\u00f6k\u00e9nyesi Lak\u00f3k!<\/strong><\/p>\n<p style=\"text-align: justify;\">\u00d6r\u00f6mmel tudatom \u00d6n\u00f6kkel, hogy a <u>Nagyk\u00f6k\u00e9nyes \u2013 Zagyvasz\u00e1nt\u00f3 k\u00f6z\u00f6tti<\/u> 2132. jel\u0171 \u00fat fel\u00faj\u00edt\u00e1si munk\u00e1latai m\u00e1r megkezd\u0151dtek. Mivel az \u00f6sszek\u00f6t\u0151\u00fat teljes hossza 7,2 km, \u00edgy a munk\u00e1latok t\u00f6bb l\u00e9pcs\u0151ben fognak megval\u00f3sulni.<\/p>\n<p style=\"text-align: justify;\"><u>2019-ben 1,6 km-es \u00fatszakasz ker\u00fcl fel\u00faj\u00edt\u00e1sra<\/u> (800 m k\u00fclter\u00fcleti \u00e9s 800 m belter\u00fcleti \u00fat)<\/p>\n<p style=\"text-align: justify;\">A falu hat\u00e1r\u00e1n k\u00edv\u00fcl, a 0 + 840 \u00e9s az 1 + 640 km szelv\u00e9nyek k\u00f6z\u00f6tt az \u00fatpadka rendez\u00e9si, k\u00e1ty\u00faz\u00e1si \u00e9s n\u00f6v\u00e9nyzetgondoz\u00e1si, el\u0151k\u00e9sz\u00edt\u0151 munk\u00e1i jelenleg is folyamatban vannak.<br \/>\nEz a fel\u00faj\u00edt\u00e1s kb. <u>800 foly\u00f3m\u00e9ter<\/u> hosszon fog megval\u00f3sulni, 810 tonna meleg aszfalt felhaszn\u00e1l\u00e1s\u00e1val. Becs\u00fclt k\u00f6lts\u00e9ge kb. 110 Milli\u00f3 Ft.<\/p>\n<p style=\"text-align: justify;\">A Magyar K\u00f6z\u00fat Nonprofit Zrt. saj\u00e1t forr\u00e1sb\u00f3l v\u00e9gzi az el\u0151k\u00e9sz\u00fcleti \u00e9s fel\u00faj\u00edt\u00e1si munk\u00e1latokat.<\/p>\n<p style=\"text-align: justify;\">Nagyk\u00f6k\u00e9nyes telep\u00fcl\u00e9s <u>800 foly\u00f3m\u00e9ter<\/u> hossz\u00fa belter\u00fcleti \u00fatszakasza (a falu k\u00f6zpontt\u00f3l a 21-es \u00fat ir\u00e1ny\u00e1ba) uni\u00f3s forr\u00e1sb\u00f3l ker\u00fcl fel\u00faj\u00edt\u00e1sa.<\/p>\n<p style=\"text-align: justify;\">Ez jelenleg p\u00e1ly\u00e1ztat\u00e1s alatt van, optim\u00e1lis esetben 2019. \u0151sz\u00e9n indulhat a kivitelez\u00e9si munka.<\/p>\n<p style=\"text-align: justify;\">K\u00f6sz\u00f6net illeti Szab\u00f3 Zsolt, Orsz\u00e1ggy\u0171l\u00e9si K\u00e9pvisel\u0151 Urat, aki seg\u00edtett abban, hogy ennek az \u00fatszakasznak a fel\u00faj\u00edt\u00e1si munk\u00e1latai is megkezd\u0151dhessenek.<\/p>\n<p style=\"text-align: justify;\">A k\u00fclter\u00fcleti szakaszn\u00e1l az \u00fatparam\u00e9terek nem teszik lehet\u0151v\u00e9 a f\u00e9lp\u00e1ly\u00e1n v\u00e9gzett aszfaltoz\u00e1st. A munk\u00e1latokat teljes \u00fatz\u00e1r mellett tudj\u00e1k hat\u00e9konyan \u00e9s megfelel\u0151 min\u0151s\u00e9gben elv\u00e9gezni.<\/p>\n<p style=\"text-align: center;\">Ez\u00e9rt \u2013 id\u0151j\u00e1r\u00e1s f\u00fcggv\u00e9ny\u00e9ben<\/p>\n<p style=\"text-align: center;\"><strong>2019.\u00a0m\u00e1jus 13-\u00e1n, 7:00 \u00f3r\u00e1t\u00f3l 2019. m\u00e1jus 16-\u00e1n 17:00 \u00f3r\u00e1ig,<\/strong><\/p>\n<p style=\"text-align: center;\"><strong>a Nagyk\u00f6k\u00e9nyes \u2013 Zagyvasz\u00e1nt\u00f3 \u00f6sszek\u00f6t\u0151\u00fat, <\/strong><\/p>\n<p style=\"text-align: center;\"><strong>Nagyk\u00f6k\u00e9nyes telep\u00fcl\u00e9s \u00e9s a 21. sz. f\u0151\u00fat k\u00f6z\u00f6tt lez\u00e1r\u00e1sra ker\u00fcl.<\/strong><\/p>\n<p style=\"text-align: center;\">A Verseg illetve Erd\u0151tarcsa ir\u00e1ny\u00e1b\u00f3l k\u00f6zleked\u0151k a\u00a0Nagyk\u00f6k\u00e9nyes &#8211; Her\u00e9d &#8211; 21-es sz\u00e1m\u00fa f\u0151\u00fat fel\u00e9,<br \/>\nm\u00edg a Zagyvasz\u00e1nt\u00f3 fel\u0151l k\u00f6zleked\u0151k a 21-es sz\u00e1m\u00fa f\u0151\u00fat \u2013 Her\u00e9d \u2013 Nagyk\u00f6k\u00e9nyes \u00fatvonalon tudnak ker\u00fclni.<\/p>\n<p>K\u00f6sz\u00f6n\u00f6m meg\u00e9rt\u00e9s\u00fcket!<\/p>\n<p style=\"text-align: right;\"><em>Besszer Andr\u00e1sn\u00e9 polg\u00e1rmester<\/em><\/p>\n<div id='gallery-1' class='gallery galleryid-1298 gallery-columns-4 gallery-size-thumbnail'><figure class='gallery-item'>\n\t\t\t<div class='gallery-icon landscape'>\n\t\t\t\t<a href='https:\/\/nagykokenyes.hu\/wp-content\/uploads\/2019\/05\/20190502_171800.jpg'><img loading=\"lazy\" decoding=\"async\" width=\"150\" height=\"150\" src=\"https:\/\/nagykokenyes.hu\/wp-content\/uploads\/2019\/05\/20190502_171800-150x150.jpg\" class=\"attachment-thumbnail size-thumbnail\" alt=\"\" \/><\/a>\n\t\t\t<\/div><\/figure><figure class='gallery-item'>\n\t\t\t<div class='gallery-icon landscape'>\n\t\t\t\t<a href='https:\/\/nagykokenyes.hu\/wp-content\/uploads\/2019\/05\/20190502_171829.jpg'><img loading=\"lazy\" decoding=\"async\" width=\"150\" height=\"150\" src=\"https:\/\/nagykokenyes.hu\/wp-content\/uploads\/2019\/05\/20190502_171829-150x150.jpg\" class=\"attachment-thumbnail size-thumbnail\" alt=\"\" \/><\/a>\n\t\t\t<\/div><\/figure><figure class='gallery-item'>\n\t\t\t<div class='gallery-icon landscape'>\n\t\t\t\t<a href='https:\/\/nagykokenyes.hu\/wp-content\/uploads\/2019\/05\/20190502_172048.jpg'><img loading=\"lazy\" decoding=\"async\" width=\"150\" height=\"150\" src=\"https:\/\/nagykokenyes.hu\/wp-content\/uploads\/2019\/05\/20190502_172048-150x150.jpg\" class=\"attachment-thumbnail size-thumbnail\" alt=\"\" \/><\/a>\n\t\t\t<\/div><\/figure><figure class='gallery-item'>\n\t\t\t<div class='gallery-icon landscape'>\n\t\t\t\t<a href='https:\/\/nagykokenyes.hu\/wp-content\/uploads\/2019\/05\/20190502_172404.jpg'><img loading=\"lazy\" decoding=\"async\" width=\"150\" height=\"150\" src=\"https:\/\/nagykokenyes.hu\/wp-content\/uploads\/2019\/05\/20190502_172404-150x150.jpg\" class=\"attachment-thumbnail size-thumbnail\" alt=\"\" \/><\/a>\n\t\t\t<\/div><\/figure>\n\t\t<\/div>\n\n","protected":false},"excerpt":{"rendered":"<p>Tisztelt Nagyk\u00f6k\u00e9nyesi Lak\u00f3k! \u00d6r\u00f6mmel tudatom \u00d6n\u00f6kkel, hogy a Nagyk\u00f6k\u00e9nyes \u2013 Zagyvasz\u00e1nt\u00f3 k\u00f6z\u00f6tti 2132. jel\u0171 \u00fat fel\u00faj\u00edt\u00e1si munk\u00e1latai m\u00e1r megkezd\u0151dtek. Mivel az \u00f6sszek\u00f6t\u0151\u00fat teljes hossza 7,2 km, \u00edgy a munk\u00e1latok t\u00f6bb l\u00e9pcs\u0151ben fognak megval\u00f3sulni. 2019-ben 1,6 km-es \u00fatszakasz ker\u00fcl fel\u00faj\u00edt\u00e1sra (800 m k\u00fclter\u00fcleti \u00e9s 800 m belter\u00fcleti \u00fat) A falu hat\u00e1r\u00e1n k\u00edv\u00fcl, a 0 + 840 [&hellip;]<\/p>\n","protected":false},"author":1,"featured_media":0,"comment_status":"closed","ping_status":"closed","sticky":false,"template":"","format":"standard","meta":{"footnotes":""},"categories":[1],"tags":[],"class_list":["post-1298","post","type-post","status-publish","format-standard","hentry","category-egyeb"],"yoast_head":"<!-- This site is optimized with the Yoast SEO plugin v26.5 - https:\/\/yoast.com\/wordpress\/plugins\/seo\/ -->\n<title>\u00datlez\u00e1r\u00e1s - \u00fatfel\u00faj\u00edt\u00e1s Nagyk\u00f6k\u00e9nyes - Zagyvasz\u00e1nt\u00f3 k\u00f6z\u00f6tt - Nagyk\u00f6k\u00e9nyes K\u00f6zs\u00e9g \u00d6nkorm\u00e1nyzata<\/title>\n<meta name=\"robots\" content=\"index, follow, max-snippet:-1, max-image-preview:large, max-video-preview:-1\" \/>\n<link rel=\"canonical\" href=\"https:\/\/nagykokenyes.hu\/?p=1298\" \/>\n<meta property=\"og:locale\" content=\"hu_HU\" \/>\n<meta property=\"og:type\" content=\"article\" \/>\n<meta property=\"og:title\" content=\"\u00datlez\u00e1r\u00e1s - \u00fatfel\u00faj\u00edt\u00e1s Nagyk\u00f6k\u00e9nyes - Zagyvasz\u00e1nt\u00f3 k\u00f6z\u00f6tt - Nagyk\u00f6k\u00e9nyes K\u00f6zs\u00e9g \u00d6nkorm\u00e1nyzata\" \/>\n<meta property=\"og:description\" content=\"Tisztelt Nagyk\u00f6k\u00e9nyesi Lak\u00f3k! \u00d6r\u00f6mmel tudatom \u00d6n\u00f6kkel, hogy a Nagyk\u00f6k\u00e9nyes \u2013 Zagyvasz\u00e1nt\u00f3 k\u00f6z\u00f6tti 2132. jel\u0171 \u00fat fel\u00faj\u00edt\u00e1si munk\u00e1latai m\u00e1r megkezd\u0151dtek. Mivel az \u00f6sszek\u00f6t\u0151\u00fat teljes hossza 7,2 km, \u00edgy a munk\u00e1latok t\u00f6bb l\u00e9pcs\u0151ben fognak megval\u00f3sulni. 2019-ben 1,6 km-es \u00fatszakasz ker\u00fcl fel\u00faj\u00edt\u00e1sra (800 m k\u00fclter\u00fcleti \u00e9s 800 m belter\u00fcleti \u00fat) A falu hat\u00e1r\u00e1n k\u00edv\u00fcl, a 0 + 840 [&hellip;]\" \/>\n<meta property=\"og:url\" content=\"https:\/\/nagykokenyes.hu\/?p=1298\" \/>\n<meta property=\"og:site_name\" content=\"Nagyk\u00f6k\u00e9nyes K\u00f6zs\u00e9g \u00d6nkorm\u00e1nyzata\" \/>\n<meta property=\"article:published_time\" content=\"2019-05-09T20:18:30+00:00\" \/>\n<meta property=\"article:modified_time\" content=\"2019-05-10T11:12:00+00:00\" \/>\n<meta property=\"og:image\" content=\"https:\/\/nagykokenyes.hu\/wp-content\/uploads\/2019\/05\/20190502_171800-150x150.jpg\" \/>\n<meta name=\"author\" content=\"Toldi-Media&amp;Web\u00a9\" \/>\n<meta name=\"twitter:card\" content=\"summary_large_image\" \/>\n<meta name=\"twitter:label1\" content=\"Szerz\u0151:\" \/>\n\t<meta name=\"twitter:data1\" content=\"Toldi-Media&amp;Web\u00a9\" \/>\n\t<meta name=\"twitter:label2\" content=\"Becs\u00fclt olvas\u00e1si id\u0151\" \/>\n\t<meta name=\"twitter:data2\" content=\"2 perc\" \/>\n<script type=\"application\/ld+json\" class=\"yoast-schema-graph\">{\"@context\":\"https:\/\/schema.org\",\"@graph\":[{\"@type\":\"WebPage\",\"@id\":\"https:\/\/nagykokenyes.hu\/?p=1298\",\"url\":\"https:\/\/nagykokenyes.hu\/?p=1298\",\"name\":\"\u00datlez\u00e1r\u00e1s - \u00fatfel\u00faj\u00edt\u00e1s Nagyk\u00f6k\u00e9nyes - Zagyvasz\u00e1nt\u00f3 k\u00f6z\u00f6tt - Nagyk\u00f6k\u00e9nyes K\u00f6zs\u00e9g \u00d6nkorm\u00e1nyzata\",\"isPartOf\":{\"@id\":\"https:\/\/nagykokenyes.hu\/#website\"},\"primaryImageOfPage\":{\"@id\":\"https:\/\/nagykokenyes.hu\/?p=1298#primaryimage\"},\"image\":{\"@id\":\"https:\/\/nagykokenyes.hu\/?p=1298#primaryimage\"},\"thumbnailUrl\":\"http:\/\/nagykokenyes.hu\/wp-content\/uploads\/2019\/05\/utepites.svg_-8.png\",\"datePublished\":\"2019-05-09T20:18:30+00:00\",\"dateModified\":\"2019-05-10T11:12:00+00:00\",\"author\":{\"@id\":\"https:\/\/nagykokenyes.hu\/#\/schema\/person\/ba2ba93c7c7503248716e2c9b3e03cb9\"},\"breadcrumb\":{\"@id\":\"https:\/\/nagykokenyes.hu\/?p=1298#breadcrumb\"},\"inLanguage\":\"hu\",\"potentialAction\":[{\"@type\":\"ReadAction\",\"target\":[\"https:\/\/nagykokenyes.hu\/?p=1298\"]}]},{\"@type\":\"ImageObject\",\"inLanguage\":\"hu\",\"@id\":\"https:\/\/nagykokenyes.hu\/?p=1298#primaryimage\",\"url\":\"http:\/\/nagykokenyes.hu\/wp-content\/uploads\/2019\/05\/utepites.svg_-8.png\",\"contentUrl\":\"http:\/\/nagykokenyes.hu\/wp-content\/uploads\/2019\/05\/utepites.svg_-8.png\"},{\"@type\":\"BreadcrumbList\",\"@id\":\"https:\/\/nagykokenyes.hu\/?p=1298#breadcrumb\",\"itemListElement\":[{\"@type\":\"ListItem\",\"position\":1,\"name\":\"Kezd\u0151lap\",\"item\":\"https:\/\/nagykokenyes.hu\/\"},{\"@type\":\"ListItem\",\"position\":2,\"name\":\"\u00datlez\u00e1r\u00e1s &#8211; \u00fatfel\u00faj\u00edt\u00e1s Nagyk\u00f6k\u00e9nyes &#8211; Zagyvasz\u00e1nt\u00f3 k\u00f6z\u00f6tt\"}]},{\"@type\":\"WebSite\",\"@id\":\"https:\/\/nagykokenyes.hu\/#website\",\"url\":\"https:\/\/nagykokenyes.hu\/\",\"name\":\"Nagyk\u00f6k\u00e9nyes K\u00f6zs\u00e9g \u00d6nkorm\u00e1nyzata\",\"description\":\"\",\"potentialAction\":[{\"@type\":\"SearchAction\",\"target\":{\"@type\":\"EntryPoint\",\"urlTemplate\":\"https:\/\/nagykokenyes.hu\/?s={search_term_string}\"},\"query-input\":{\"@type\":\"PropertyValueSpecification\",\"valueRequired\":true,\"valueName\":\"search_term_string\"}}],\"inLanguage\":\"hu\"},{\"@type\":\"Person\",\"@id\":\"https:\/\/nagykokenyes.hu\/#\/schema\/person\/ba2ba93c7c7503248716e2c9b3e03cb9\",\"name\":\"Toldi-Media&amp;Web\u00a9\",\"image\":{\"@type\":\"ImageObject\",\"inLanguage\":\"hu\",\"@id\":\"https:\/\/nagykokenyes.hu\/#\/schema\/person\/image\/\",\"url\":\"https:\/\/secure.gravatar.com\/avatar\/2dac2571de4f37e90c24eb6e6ae2792d9014feeaa0958c550badf9cc9089b3f4?s=96&d=mm&r=g\",\"contentUrl\":\"https:\/\/secure.gravatar.com\/avatar\/2dac2571de4f37e90c24eb6e6ae2792d9014feeaa0958c550badf9cc9089b3f4?s=96&d=mm&r=g\",\"caption\":\"Toldi-Media&amp;Web\u00a9\"},\"url\":\"https:\/\/nagykokenyes.hu\/?author=1\"}]}<\/script>\n<!-- \/ Yoast SEO plugin. -->","yoast_head_json":{"title":"\u00datlez\u00e1r\u00e1s - \u00fatfel\u00faj\u00edt\u00e1s Nagyk\u00f6k\u00e9nyes - Zagyvasz\u00e1nt\u00f3 k\u00f6z\u00f6tt - Nagyk\u00f6k\u00e9nyes K\u00f6zs\u00e9g \u00d6nkorm\u00e1nyzata","robots":{"index":"index","follow":"follow","max-snippet":"max-snippet:-1","max-image-preview":"max-image-preview:large","max-video-preview":"max-video-preview:-1"},"canonical":"https:\/\/nagykokenyes.hu\/?p=1298","og_locale":"hu_HU","og_type":"article","og_title":"\u00datlez\u00e1r\u00e1s - \u00fatfel\u00faj\u00edt\u00e1s Nagyk\u00f6k\u00e9nyes - Zagyvasz\u00e1nt\u00f3 k\u00f6z\u00f6tt - Nagyk\u00f6k\u00e9nyes K\u00f6zs\u00e9g \u00d6nkorm\u00e1nyzata","og_description":"Tisztelt Nagyk\u00f6k\u00e9nyesi Lak\u00f3k! \u00d6r\u00f6mmel tudatom \u00d6n\u00f6kkel, hogy a Nagyk\u00f6k\u00e9nyes \u2013 Zagyvasz\u00e1nt\u00f3 k\u00f6z\u00f6tti 2132. jel\u0171 \u00fat fel\u00faj\u00edt\u00e1si munk\u00e1latai m\u00e1r megkezd\u0151dtek. Mivel az \u00f6sszek\u00f6t\u0151\u00fat teljes hossza 7,2 km, \u00edgy a munk\u00e1latok t\u00f6bb l\u00e9pcs\u0151ben fognak megval\u00f3sulni. 2019-ben 1,6 km-es \u00fatszakasz ker\u00fcl fel\u00faj\u00edt\u00e1sra (800 m k\u00fclter\u00fcleti \u00e9s 800 m belter\u00fcleti \u00fat) A falu hat\u00e1r\u00e1n k\u00edv\u00fcl, a 0 + 840 [&hellip;]","og_url":"https:\/\/nagykokenyes.hu\/?p=1298","og_site_name":"Nagyk\u00f6k\u00e9nyes K\u00f6zs\u00e9g \u00d6nkorm\u00e1nyzata","article_published_time":"2019-05-09T20:18:30+00:00","article_modified_time":"2019-05-10T11:12:00+00:00","og_image":[{"url":"https:\/\/nagykokenyes.hu\/wp-content\/uploads\/2019\/05\/20190502_171800-150x150.jpg","type":"","width":"","height":""}],"author":"Toldi-Media&amp;Web\u00a9","twitter_card":"summary_large_image","twitter_misc":{"Szerz\u0151:":"Toldi-Media&amp;Web\u00a9","Becs\u00fclt olvas\u00e1si id\u0151":"2 perc"},"schema":{"@context":"https:\/\/schema.org","@graph":[{"@type":"WebPage","@id":"https:\/\/nagykokenyes.hu\/?p=1298","url":"https:\/\/nagykokenyes.hu\/?p=1298","name":"\u00datlez\u00e1r\u00e1s - \u00fatfel\u00faj\u00edt\u00e1s Nagyk\u00f6k\u00e9nyes - Zagyvasz\u00e1nt\u00f3 k\u00f6z\u00f6tt - Nagyk\u00f6k\u00e9nyes K\u00f6zs\u00e9g \u00d6nkorm\u00e1nyzata","isPartOf":{"@id":"https:\/\/nagykokenyes.hu\/#website"},"primaryImageOfPage":{"@id":"https:\/\/nagykokenyes.hu\/?p=1298#primaryimage"},"image":{"@id":"https:\/\/nagykokenyes.hu\/?p=1298#primaryimage"},"thumbnailUrl":"http:\/\/nagykokenyes.hu\/wp-content\/uploads\/2019\/05\/utepites.svg_-8.png","datePublished":"2019-05-09T20:18:30+00:00","dateModified":"2019-05-10T11:12:00+00:00","author":{"@id":"https:\/\/nagykokenyes.hu\/#\/schema\/person\/ba2ba93c7c7503248716e2c9b3e03cb9"},"breadcrumb":{"@id":"https:\/\/nagykokenyes.hu\/?p=1298#breadcrumb"},"inLanguage":"hu","potentialAction":[{"@type":"ReadAction","target":["https:\/\/nagykokenyes.hu\/?p=1298"]}]},{"@type":"ImageObject","inLanguage":"hu","@id":"https:\/\/nagykokenyes.hu\/?p=1298#primaryimage","url":"http:\/\/nagykokenyes.hu\/wp-content\/uploads\/2019\/05\/utepites.svg_-8.png","contentUrl":"http:\/\/nagykokenyes.hu\/wp-content\/uploads\/2019\/05\/utepites.svg_-8.png"},{"@type":"BreadcrumbList","@id":"https:\/\/nagykokenyes.hu\/?p=1298#breadcrumb","itemListElement":[{"@type":"ListItem","position":1,"name":"Kezd\u0151lap","item":"https:\/\/nagykokenyes.hu\/"},{"@type":"ListItem","position":2,"name":"\u00datlez\u00e1r\u00e1s &#8211; \u00fatfel\u00faj\u00edt\u00e1s Nagyk\u00f6k\u00e9nyes &#8211; Zagyvasz\u00e1nt\u00f3 k\u00f6z\u00f6tt"}]},{"@type":"WebSite","@id":"https:\/\/nagykokenyes.hu\/#website","url":"https:\/\/nagykokenyes.hu\/","name":"Nagyk\u00f6k\u00e9nyes K\u00f6zs\u00e9g \u00d6nkorm\u00e1nyzata","description":"","potentialAction":[{"@type":"SearchAction","target":{"@type":"EntryPoint","urlTemplate":"https:\/\/nagykokenyes.hu\/?s={search_term_string}"},"query-input":{"@type":"PropertyValueSpecification","valueRequired":true,"valueName":"search_term_string"}}],"inLanguage":"hu"},{"@type":"Person","@id":"https:\/\/nagykokenyes.hu\/#\/schema\/person\/ba2ba93c7c7503248716e2c9b3e03cb9","name":"Toldi-Media&amp;Web\u00a9","image":{"@type":"ImageObject","inLanguage":"hu","@id":"https:\/\/nagykokenyes.hu\/#\/schema\/person\/image\/","url":"https:\/\/secure.gravatar.com\/avatar\/2dac2571de4f37e90c24eb6e6ae2792d9014feeaa0958c550badf9cc9089b3f4?s=96&d=mm&r=g","contentUrl":"https:\/\/secure.gravatar.com\/avatar\/2dac2571de4f37e90c24eb6e6ae2792d9014feeaa0958c550badf9cc9089b3f4?s=96&d=mm&r=g","caption":"Toldi-Media&amp;Web\u00a9"},"url":"https:\/\/nagykokenyes.hu\/?author=1"}]}},"_links":{"self":[{"href":"https:\/\/nagykokenyes.hu\/index.php?rest_route=\/wp\/v2\/posts\/1298","targetHints":{"allow":["GET"]}}],"collection":[{"href":"https:\/\/nagykokenyes.hu\/index.php?rest_route=\/wp\/v2\/posts"}],"about":[{"href":"https:\/\/nagykokenyes.hu\/index.php?rest_route=\/wp\/v2\/types\/post"}],"author":[{"embeddable":true,"href":"https:\/\/nagykokenyes.hu\/index.php?rest_route=\/wp\/v2\/users\/1"}],"replies":[{"embeddable":true,"href":"https:\/\/nagykokenyes.hu\/index.php?rest_route=%2Fwp%2Fv2%2Fcomments&post=1298"}],"version-history":[{"count":6,"href":"https:\/\/nagykokenyes.hu\/index.php?rest_route=\/wp\/v2\/posts\/1298\/revisions"}],"predecessor-version":[{"id":1309,"href":"https:\/\/nagykokenyes.hu\/index.php?rest_route=\/wp\/v2\/posts\/1298\/revisions\/1309"}],"wp:attachment":[{"href":"https:\/\/nagykokenyes.hu\/index.php?rest_route=%2Fwp%2Fv2%2Fmedia&parent=1298"}],"wp:term":[{"taxonomy":"category","embeddable":true,"href":"https:\/\/nagykokenyes.hu\/index.php?rest_route=%2Fwp%2Fv2%2Fcategories&post=1298"},{"taxonomy":"post_tag","embeddable":true,"href":"https:\/\/nagykokenyes.hu\/index.php?rest_route=%2Fwp%2Fv2%2Ftags&post=1298"}],"curies":[{"name":"wp","href":"https:\/\/api.w.org\/{rel}","templated":true}]}}