{"id":1523,"date":"2019-07-15T12:04:53","date_gmt":"2019-07-15T12:04:53","guid":{"rendered":"http:\/\/nagykokenyes.hu\/?p=1523"},"modified":"2019-07-15T12:04:53","modified_gmt":"2019-07-15T12:04:53","slug":"bunmegelozesi-hirlevel-2019-julius-15","status":"publish","type":"post","link":"https:\/\/nagykokenyes.hu\/?p=1523","title":{"rendered":"B\u0171nmegel\u0151z\u00e9si H\u00edrlev\u00e9l 2019. j\u00falius 15."},"content":{"rendered":"<p style=\"text-align: justify;\"><strong>Ker\u00e9kp\u00e1rosok figyelm\u00e9be<\/strong><\/p>\n<p style=\"text-align: justify;\">Bev\u00e1s\u00e1rl\u00e1shoz, h\u00e9tv\u00e9gi t\u00far\u00e1ra, munkahelyre t\u00f6rt\u00e9n\u0151 k\u00f6zleked\u00e9sre, egyszer\u0171en csak sportra, szabadid\u0151 elt\u00f6lt\u00e9sre fiatalok \u00e9s id\u0151sek k\u00f6r\u00e9ben egyar\u00e1nt n\u00e9pszer\u0171 a ker\u00e9kp\u00e1roz\u00e1s. Aki megszerette, aki megszokta, akinek megk\u00f6nny\u00edti az \u00e9let\u00e9t, igen f\u00e1jdalmas vesztes\u00e9get jelent, ha ellopj\u00e1k a ker\u00e9kp\u00e1rj\u00e1t, f\u00fcggetlen\u00fcl att\u00f3l, hogy az milyen \u00e9rt\u00e9ket k\u00e9pviselt. Sajnos teljesen biztos megold\u00e1s nincs, de n\u00e9h\u00e1ny szab\u00e1ly betart\u00e1s\u00e1val j\u00f3 es\u00e9llyel megel\u0151zhet\u0151, hogy eltulajdon\u00edts\u00e1k.<\/p>\n<p style=\"text-align: justify;\">A ker\u00e9kp\u00e1rja meg\u00f3v\u00e1sa \u00e9rdek\u00e9ben a tulajdonos teheti a legt\u00f6bbet. B\u0151vebb inform\u00e1ci\u00f3 <a href=\"http:\/\/nagykokenyes.hu\/wp-content\/uploads\/2019\/07\/B\u0171nmegel\u0151z\u00e9si-H\u00edrlev\u00e9l-2019.07.15.pdf\">itt<\/a> olvashat\u00f3.<\/p>\n","protected":false},"excerpt":{"rendered":"<p>Ker\u00e9kp\u00e1rosok figyelm\u00e9be Bev\u00e1s\u00e1rl\u00e1shoz, h\u00e9tv\u00e9gi t\u00far\u00e1ra, munkahelyre t\u00f6rt\u00e9n\u0151 k\u00f6zleked\u00e9sre, egyszer\u0171en csak sportra, szabadid\u0151 elt\u00f6lt\u00e9sre fiatalok \u00e9s id\u0151sek k\u00f6r\u00e9ben egyar\u00e1nt n\u00e9pszer\u0171 a ker\u00e9kp\u00e1roz\u00e1s. Aki megszerette, aki megszokta, akinek megk\u00f6nny\u00edti az \u00e9let\u00e9t, igen f\u00e1jdalmas vesztes\u00e9get jelent, ha ellopj\u00e1k a ker\u00e9kp\u00e1rj\u00e1t, f\u00fcggetlen\u00fcl att\u00f3l, hogy az milyen \u00e9rt\u00e9ket k\u00e9pviselt. Sajnos teljesen biztos megold\u00e1s nincs, de n\u00e9h\u00e1ny szab\u00e1ly betart\u00e1s\u00e1val j\u00f3 es\u00e9llyel [&hellip;]<\/p>\n","protected":false},"author":1,"featured_media":0,"comment_status":"closed","ping_status":"closed","sticky":false,"template":"","format":"standard","meta":{"footnotes":""},"categories":[1],"tags":[],"class_list":["post-1523","post","type-post","status-publish","format-standard","hentry","category-egyeb"],"yoast_head":"<!-- This site is optimized with the Yoast SEO plugin v26.5 - https:\/\/yoast.com\/wordpress\/plugins\/seo\/ -->\n<title>B\u0171nmegel\u0151z\u00e9si H\u00edrlev\u00e9l 2019. j\u00falius 15. - Nagyk\u00f6k\u00e9nyes K\u00f6zs\u00e9g \u00d6nkorm\u00e1nyzata<\/title>\n<meta name=\"robots\" content=\"index, follow, max-snippet:-1, max-image-preview:large, max-video-preview:-1\" \/>\n<link rel=\"canonical\" href=\"https:\/\/nagykokenyes.hu\/?p=1523\" \/>\n<meta property=\"og:locale\" content=\"hu_HU\" \/>\n<meta property=\"og:type\" content=\"article\" \/>\n<meta property=\"og:title\" content=\"B\u0171nmegel\u0151z\u00e9si H\u00edrlev\u00e9l 2019. j\u00falius 15. - Nagyk\u00f6k\u00e9nyes K\u00f6zs\u00e9g \u00d6nkorm\u00e1nyzata\" \/>\n<meta property=\"og:description\" content=\"Ker\u00e9kp\u00e1rosok figyelm\u00e9be Bev\u00e1s\u00e1rl\u00e1shoz, h\u00e9tv\u00e9gi t\u00far\u00e1ra, munkahelyre t\u00f6rt\u00e9n\u0151 k\u00f6zleked\u00e9sre, egyszer\u0171en csak sportra, szabadid\u0151 elt\u00f6lt\u00e9sre fiatalok \u00e9s id\u0151sek k\u00f6r\u00e9ben egyar\u00e1nt n\u00e9pszer\u0171 a ker\u00e9kp\u00e1roz\u00e1s. Aki megszerette, aki megszokta, akinek megk\u00f6nny\u00edti az \u00e9let\u00e9t, igen f\u00e1jdalmas vesztes\u00e9get jelent, ha ellopj\u00e1k a ker\u00e9kp\u00e1rj\u00e1t, f\u00fcggetlen\u00fcl att\u00f3l, hogy az milyen \u00e9rt\u00e9ket k\u00e9pviselt. Sajnos teljesen biztos megold\u00e1s nincs, de n\u00e9h\u00e1ny szab\u00e1ly betart\u00e1s\u00e1val j\u00f3 es\u00e9llyel [&hellip;]\" \/>\n<meta property=\"og:url\" content=\"https:\/\/nagykokenyes.hu\/?p=1523\" \/>\n<meta property=\"og:site_name\" content=\"Nagyk\u00f6k\u00e9nyes K\u00f6zs\u00e9g \u00d6nkorm\u00e1nyzata\" \/>\n<meta property=\"article:published_time\" content=\"2019-07-15T12:04:53+00:00\" \/>\n<meta name=\"author\" content=\"Toldi-Media&amp;Web\u00a9\" \/>\n<meta name=\"twitter:card\" content=\"summary_large_image\" \/>\n<meta name=\"twitter:label1\" content=\"Szerz\u0151:\" \/>\n\t<meta name=\"twitter:data1\" content=\"Toldi-Media&amp;Web\u00a9\" \/>\n\t<meta name=\"twitter:label2\" content=\"Becs\u00fclt olvas\u00e1si id\u0151\" \/>\n\t<meta name=\"twitter:data2\" content=\"1 perc\" \/>\n<script type=\"application\/ld+json\" class=\"yoast-schema-graph\">{\"@context\":\"https:\/\/schema.org\",\"@graph\":[{\"@type\":\"WebPage\",\"@id\":\"https:\/\/nagykokenyes.hu\/?p=1523\",\"url\":\"https:\/\/nagykokenyes.hu\/?p=1523\",\"name\":\"B\u0171nmegel\u0151z\u00e9si H\u00edrlev\u00e9l 2019. j\u00falius 15. - Nagyk\u00f6k\u00e9nyes K\u00f6zs\u00e9g \u00d6nkorm\u00e1nyzata\",\"isPartOf\":{\"@id\":\"https:\/\/nagykokenyes.hu\/#website\"},\"datePublished\":\"2019-07-15T12:04:53+00:00\",\"author\":{\"@id\":\"https:\/\/nagykokenyes.hu\/#\/schema\/person\/ba2ba93c7c7503248716e2c9b3e03cb9\"},\"breadcrumb\":{\"@id\":\"https:\/\/nagykokenyes.hu\/?p=1523#breadcrumb\"},\"inLanguage\":\"hu\",\"potentialAction\":[{\"@type\":\"ReadAction\",\"target\":[\"https:\/\/nagykokenyes.hu\/?p=1523\"]}]},{\"@type\":\"BreadcrumbList\",\"@id\":\"https:\/\/nagykokenyes.hu\/?p=1523#breadcrumb\",\"itemListElement\":[{\"@type\":\"ListItem\",\"position\":1,\"name\":\"Kezd\u0151lap\",\"item\":\"https:\/\/nagykokenyes.hu\/\"},{\"@type\":\"ListItem\",\"position\":2,\"name\":\"B\u0171nmegel\u0151z\u00e9si H\u00edrlev\u00e9l 2019. j\u00falius 15.\"}]},{\"@type\":\"WebSite\",\"@id\":\"https:\/\/nagykokenyes.hu\/#website\",\"url\":\"https:\/\/nagykokenyes.hu\/\",\"name\":\"Nagyk\u00f6k\u00e9nyes K\u00f6zs\u00e9g \u00d6nkorm\u00e1nyzata\",\"description\":\"\",\"potentialAction\":[{\"@type\":\"SearchAction\",\"target\":{\"@type\":\"EntryPoint\",\"urlTemplate\":\"https:\/\/nagykokenyes.hu\/?s={search_term_string}\"},\"query-input\":{\"@type\":\"PropertyValueSpecification\",\"valueRequired\":true,\"valueName\":\"search_term_string\"}}],\"inLanguage\":\"hu\"},{\"@type\":\"Person\",\"@id\":\"https:\/\/nagykokenyes.hu\/#\/schema\/person\/ba2ba93c7c7503248716e2c9b3e03cb9\",\"name\":\"Toldi-Media&amp;Web\u00a9\",\"image\":{\"@type\":\"ImageObject\",\"inLanguage\":\"hu\",\"@id\":\"https:\/\/nagykokenyes.hu\/#\/schema\/person\/image\/\",\"url\":\"https:\/\/secure.gravatar.com\/avatar\/2dac2571de4f37e90c24eb6e6ae2792d9014feeaa0958c550badf9cc9089b3f4?s=96&d=mm&r=g\",\"contentUrl\":\"https:\/\/secure.gravatar.com\/avatar\/2dac2571de4f37e90c24eb6e6ae2792d9014feeaa0958c550badf9cc9089b3f4?s=96&d=mm&r=g\",\"caption\":\"Toldi-Media&amp;Web\u00a9\"},\"url\":\"https:\/\/nagykokenyes.hu\/?author=1\"}]}<\/script>\n<!-- \/ Yoast SEO plugin. -->","yoast_head_json":{"title":"B\u0171nmegel\u0151z\u00e9si H\u00edrlev\u00e9l 2019. j\u00falius 15. - Nagyk\u00f6k\u00e9nyes K\u00f6zs\u00e9g \u00d6nkorm\u00e1nyzata","robots":{"index":"index","follow":"follow","max-snippet":"max-snippet:-1","max-image-preview":"max-image-preview:large","max-video-preview":"max-video-preview:-1"},"canonical":"https:\/\/nagykokenyes.hu\/?p=1523","og_locale":"hu_HU","og_type":"article","og_title":"B\u0171nmegel\u0151z\u00e9si H\u00edrlev\u00e9l 2019. j\u00falius 15. - Nagyk\u00f6k\u00e9nyes K\u00f6zs\u00e9g \u00d6nkorm\u00e1nyzata","og_description":"Ker\u00e9kp\u00e1rosok figyelm\u00e9be Bev\u00e1s\u00e1rl\u00e1shoz, h\u00e9tv\u00e9gi t\u00far\u00e1ra, munkahelyre t\u00f6rt\u00e9n\u0151 k\u00f6zleked\u00e9sre, egyszer\u0171en csak sportra, szabadid\u0151 elt\u00f6lt\u00e9sre fiatalok \u00e9s id\u0151sek k\u00f6r\u00e9ben egyar\u00e1nt n\u00e9pszer\u0171 a ker\u00e9kp\u00e1roz\u00e1s. Aki megszerette, aki megszokta, akinek megk\u00f6nny\u00edti az \u00e9let\u00e9t, igen f\u00e1jdalmas vesztes\u00e9get jelent, ha ellopj\u00e1k a ker\u00e9kp\u00e1rj\u00e1t, f\u00fcggetlen\u00fcl att\u00f3l, hogy az milyen \u00e9rt\u00e9ket k\u00e9pviselt. Sajnos teljesen biztos megold\u00e1s nincs, de n\u00e9h\u00e1ny szab\u00e1ly betart\u00e1s\u00e1val j\u00f3 es\u00e9llyel [&hellip;]","og_url":"https:\/\/nagykokenyes.hu\/?p=1523","og_site_name":"Nagyk\u00f6k\u00e9nyes K\u00f6zs\u00e9g \u00d6nkorm\u00e1nyzata","article_published_time":"2019-07-15T12:04:53+00:00","author":"Toldi-Media&amp;Web\u00a9","twitter_card":"summary_large_image","twitter_misc":{"Szerz\u0151:":"Toldi-Media&amp;Web\u00a9","Becs\u00fclt olvas\u00e1si id\u0151":"1 perc"},"schema":{"@context":"https:\/\/schema.org","@graph":[{"@type":"WebPage","@id":"https:\/\/nagykokenyes.hu\/?p=1523","url":"https:\/\/nagykokenyes.hu\/?p=1523","name":"B\u0171nmegel\u0151z\u00e9si H\u00edrlev\u00e9l 2019. j\u00falius 15. - Nagyk\u00f6k\u00e9nyes K\u00f6zs\u00e9g \u00d6nkorm\u00e1nyzata","isPartOf":{"@id":"https:\/\/nagykokenyes.hu\/#website"},"datePublished":"2019-07-15T12:04:53+00:00","author":{"@id":"https:\/\/nagykokenyes.hu\/#\/schema\/person\/ba2ba93c7c7503248716e2c9b3e03cb9"},"breadcrumb":{"@id":"https:\/\/nagykokenyes.hu\/?p=1523#breadcrumb"},"inLanguage":"hu","potentialAction":[{"@type":"ReadAction","target":["https:\/\/nagykokenyes.hu\/?p=1523"]}]},{"@type":"BreadcrumbList","@id":"https:\/\/nagykokenyes.hu\/?p=1523#breadcrumb","itemListElement":[{"@type":"ListItem","position":1,"name":"Kezd\u0151lap","item":"https:\/\/nagykokenyes.hu\/"},{"@type":"ListItem","position":2,"name":"B\u0171nmegel\u0151z\u00e9si H\u00edrlev\u00e9l 2019. j\u00falius 15."}]},{"@type":"WebSite","@id":"https:\/\/nagykokenyes.hu\/#website","url":"https:\/\/nagykokenyes.hu\/","name":"Nagyk\u00f6k\u00e9nyes K\u00f6zs\u00e9g \u00d6nkorm\u00e1nyzata","description":"","potentialAction":[{"@type":"SearchAction","target":{"@type":"EntryPoint","urlTemplate":"https:\/\/nagykokenyes.hu\/?s={search_term_string}"},"query-input":{"@type":"PropertyValueSpecification","valueRequired":true,"valueName":"search_term_string"}}],"inLanguage":"hu"},{"@type":"Person","@id":"https:\/\/nagykokenyes.hu\/#\/schema\/person\/ba2ba93c7c7503248716e2c9b3e03cb9","name":"Toldi-Media&amp;Web\u00a9","image":{"@type":"ImageObject","inLanguage":"hu","@id":"https:\/\/nagykokenyes.hu\/#\/schema\/person\/image\/","url":"https:\/\/secure.gravatar.com\/avatar\/2dac2571de4f37e90c24eb6e6ae2792d9014feeaa0958c550badf9cc9089b3f4?s=96&d=mm&r=g","contentUrl":"https:\/\/secure.gravatar.com\/avatar\/2dac2571de4f37e90c24eb6e6ae2792d9014feeaa0958c550badf9cc9089b3f4?s=96&d=mm&r=g","caption":"Toldi-Media&amp;Web\u00a9"},"url":"https:\/\/nagykokenyes.hu\/?author=1"}]}},"_links":{"self":[{"href":"https:\/\/nagykokenyes.hu\/index.php?rest_route=\/wp\/v2\/posts\/1523","targetHints":{"allow":["GET"]}}],"collection":[{"href":"https:\/\/nagykokenyes.hu\/index.php?rest_route=\/wp\/v2\/posts"}],"about":[{"href":"https:\/\/nagykokenyes.hu\/index.php?rest_route=\/wp\/v2\/types\/post"}],"author":[{"embeddable":true,"href":"https:\/\/nagykokenyes.hu\/index.php?rest_route=\/wp\/v2\/users\/1"}],"replies":[{"embeddable":true,"href":"https:\/\/nagykokenyes.hu\/index.php?rest_route=%2Fwp%2Fv2%2Fcomments&post=1523"}],"version-history":[{"count":1,"href":"https:\/\/nagykokenyes.hu\/index.php?rest_route=\/wp\/v2\/posts\/1523\/revisions"}],"predecessor-version":[{"id":1525,"href":"https:\/\/nagykokenyes.hu\/index.php?rest_route=\/wp\/v2\/posts\/1523\/revisions\/1525"}],"wp:attachment":[{"href":"https:\/\/nagykokenyes.hu\/index.php?rest_route=%2Fwp%2Fv2%2Fmedia&parent=1523"}],"wp:term":[{"taxonomy":"category","embeddable":true,"href":"https:\/\/nagykokenyes.hu\/index.php?rest_route=%2Fwp%2Fv2%2Fcategories&post=1523"},{"taxonomy":"post_tag","embeddable":true,"href":"https:\/\/nagykokenyes.hu\/index.php?rest_route=%2Fwp%2Fv2%2Ftags&post=1523"}],"curies":[{"name":"wp","href":"https:\/\/api.w.org\/{rel}","templated":true}]}}