{"id":1598,"date":"2019-09-02T19:00:04","date_gmt":"2019-09-02T19:00:04","guid":{"rendered":"http:\/\/nagykokenyes.hu\/?p=1598"},"modified":"2019-09-02T19:00:04","modified_gmt":"2019-09-02T19:00:04","slug":"jobb-ha-el-se-dobod","status":"publish","type":"post","link":"https:\/\/nagykokenyes.hu\/?p=1598","title":{"rendered":"\u201eJOBB, HA EL SE DOBOD!\u201d"},"content":{"rendered":"<p style=\"text-align: justify;\"><b>\u0150SSZEL \u00daJRA SZEM\u00c9TGY\u0170JT\u00c9SI AKCI\u00d3!<\/b><\/p>\n<p style=\"font-weight: 400; text-align: justify;\"><strong>A Magyar K\u00f6z\u00fat Nonprofit Zrt. t\u00f6bb \u00e9v kihagy\u00e1s ut\u00e1n 2019. \u00e1prilis 29-\u00e9n \u201eJobb, ha el se dobod!\u201d c\u00edmmel ind\u00edtotta \u00fajra orsz\u00e1gos szem\u00e9tgy\u0171jt\u00e9si programj\u00e1t. A tavaszi akci\u00f3t \u0151sszel folytatja a t\u00e1rsas\u00e1g \u00e9s 2019. szeptember 20-\u00e1n ism\u00e9t v\u00e1rja az \u00f6nk\u00e9ntesek, csapatok, bar\u00e1ti t\u00e1rsas\u00e1gok, c\u00e9gek \u00e9s \u00f6nkorm\u00e1nyzatok csatlakoz\u00e1s\u00e1t is a szeml\u00e9letform\u00e1l\u00f3 kezdem\u00e9nyez\u00e9s\u00e9hez!<\/strong><\/p>\n<p style=\"font-weight: 400; text-align: justify;\">A Magyar K\u00f6z\u00fat Nonprofit Zrt. \u201eJobb, ha el se dobod!\u201d c\u00edm\u0171 tavaszi szem\u00e9tgy\u0171jt\u00e9si akci\u00f3ja sor\u00e1n t\u00f6bb mint 12 ezer r\u00e9sztvev\u0151, mintegy 400 helysz\u00ednen gy\u0171jt\u00f6tte a szemetet.\u00a0<strong>A t\u00e1rsas\u00e1g 93 m\u00e9rn\u00f6ks\u00e9g\u00e9nek t\u00f6bb sz\u00e1z teheraut\u00f3ja k\u00f6zel 1 milli\u00f3 kilogrammnyi hullad\u00e9kot sz\u00e1ll\u00edtott el.\u00a0<\/strong>Ez a hatalmas sz\u00e1m \u00edgy is elt\u00f6rp\u00fcl amellett, hogy a c\u00e9g \u00e9vente \u00e1tlagosan mintegy 12,5 milli\u00f3 kilogramm illeg\u00e1lisan kihelyezett \u00e9s eldob\u00e1lt szemetet gy\u0171jt \u00f6ssze az orsz\u00e1gos k\u00f6zutak mell\u0151l.<\/p>\n<p style=\"font-weight: 400; text-align: justify;\">A t\u00e1rsas\u00e1g elk\u00f6telezett abban, hogy \u00e9rezhet\u0151 szeml\u00e9letv\u00e1lt\u00e1st hozzanak szem\u00e9tszed\u00e9si kamp\u00e1nyai. A Magyar K\u00f6z\u00fat Nonprofit Zrt. az elm\u00falt \u00e9vekben a lehet\u0151s\u00e9geihez m\u00e9rten jelent\u0151s er\u0151forr\u00e1sokat ford\u00edtott arra, hogy a k\u00f6z\u00fati, f\u0151leg gyorsforgalmi pihen\u0151k ter\u00fclete rendezett legyen. Ugyanakkor \u00edgy is napi probl\u00e9ma, hogy a kihelyezett szemetes t\u00e1rol\u00f3kba \u00e9s mell\u00e9 olyan hullad\u00e9kot helyeznek ki, melyek nem a k\u00f6zleked\u00e9s sor\u00e1n keletkeznek, vagyis\u00a0<strong>rendszeres, hogy ezen hullad\u00e9kt\u00e1rol\u00f3 ed\u00e9nyekbe h\u00e1ztart\u00e1si hullad\u00e9kot \u00e9s lomtalan\u00edt\u00e1sra \u00edt\u00e9lt szemetet dobnak be<\/strong>, amelynek elsz\u00e1ll\u00edt\u00e1sa plusz feladat, nem mellesleg r\u00f6vid id\u0151n bel\u00fcl eltel\u00edti a nem erre a c\u00e9lra telep\u00edtett szemeteseket. Az is gyakori probl\u00e9ma, hogy\u00a0<strong>kev\u00e9sb\u00e9 frekvent\u00e1lt \u00fatszakaszokon, \u00fatcsatlakoz\u00e1sokn\u00e1l, a k\u00f6z\u00fat melletti bokros, f\u00e1s ter\u00fcletre is illeg\u00e1lisan helyeznek ki h\u00e1ztart\u00e1si szemetet, sittet, egyes esetekben ak\u00e1r vesz\u00e9lyes hullad\u00e9kot<\/strong>\u00a0is.\u00a0<strong>A Magyar K\u00f6z\u00fat Nonprofit Zrt. m\u00e9rn\u00f6ks\u00e9gei \u00e1tlagosan csaknem 1 h\u00f3napot csak szem\u00e9tszed\u00e9ssel \u00e9s annak elsz\u00e1ll\u00edt\u00e1s\u00e1val t\u00f6ltenek<\/strong>, ami jelent\u0151s m\u00e9rt\u00e9kben lefoglalja a hum\u00e1n er\u0151forr\u00e1s kapacit\u00e1sait, nem mell\u00e9kesen hatalmas k\u00f6lts\u00e9geket is felem\u00e9szt.\u00a0<strong>Az idei \u00e9vben el\u0151rel\u00e1that\u00f3an 1,5 milli\u00e1rd forintot ford\u00edthat a t\u00e1rsas\u00e1g ezen munk\u00e1j\u00e1ra<\/strong>, ami elegend\u0151 lenne 60 ezer tonna melegaszfalt beszerz\u00e9s\u00e9re, de ak\u00e1r 15 kilom\u00e9ternyi mell\u00e9k\u00fat teljes k\u00f6r\u0171 fel\u00faj\u00edt\u00e1s\u00e1ra is. Vagyis az illeg\u00e1lis szemetel\u0151k miatt a t\u00e1rsas\u00e1g az \u00e9ves k\u00f6lts\u00e9gvet\u00e9si keret\u00e9b\u0151l ennyivel kisebb \u00f6sszeget \u00e9s id\u0151t tud ford\u00edtani burkolatjav\u00edt\u00e1si, kasz\u00e1l\u00e1si, burkolatjelfest\u00e9si, t\u00e1bl\u00e1z\u00e1si, fel\u00faj\u00edt\u00e1si \u00e9s fejleszt\u00e9si munk\u00e1kra.<\/p>\n<p style=\"font-weight: 400; text-align: justify;\"><strong>A Magyar K\u00f6z\u00fat Nonprofit Zrt. az \u0151szi, 2019. szeptember 20-ai szem\u00e9tgy\u0171jt\u00e9si akci\u00f3j\u00e1ra az \u00f6nk\u00e9ntesek csatlakoz\u00e1s\u00e1t 2019. szeptember 10-ig v\u00e1rja, jelentkezni online, a k\u00f6vetkez\u0151 linken kereszt\u00fcl lehet:\u00a0<a href=\"http:\/\/internet.kozut.hu\/szemetszedes\/\" data-saferedirecturl=\"https:\/\/www.google.com\/url?q=http:\/\/internet.kozut.hu\/szemetszedes\/&amp;source=gmail&amp;ust=1567536702533000&amp;usg=AFQjCNGrH6ETDS-Wp64r-q2F_dc3jeJiBw\">http:\/\/internet.kozut.hu\/szemetszedes\/<\/a>.\u00a0A t\u00e1rsas\u00e1g minden csatlakoz\u00f3 sz\u00e1m\u00e1ra t\u00e9r\u00edt\u00e9s n\u00e9lk\u00fcl keszty\u0171t, l\u00e1that\u00f3s\u00e1gi mell\u00e9nyt \u00e9s zs\u00e1kokat biztos\u00edt, valamint gondoskodik az \u00f6sszegy\u0171jt\u00f6tt hullad\u00e9k marad\u00e9ktalan elsz\u00e1ll\u00edt\u00e1s\u00e1r\u00f3l is. Tov\u00e1bb\u00e1 az utak menti szem\u00e9tszed\u00e9shez a c\u00e9g a lehets\u00e9ges m\u00e9rt\u00e9kig szakmai fel\u00fcgyeletet is biztos\u00edt, sz\u00fcks\u00e9g eset\u00e9n ideiglenes forgalomkorl\u00e1toz\u00e1st vezet be.<\/strong><\/p>\n<p style=\"font-weight: 400;\"><strong>Tegy\u00fcnk egy\u00fctt \u00fatjaink tisztas\u00e1g\u00e1\u00e9rt, fogjunk \u00f6ssze az illeg\u00e1lis szemetel\u00e9s ellen, hogy az \u00fat menti ter\u00fcletek tiszt\u00e1bbak legyenek \u00e9s \u00edgy az utakra is t\u00f6bb forr\u00e1st tudjon felhaszn\u00e1lni a Magyar K\u00f6z\u00fat Nonprofit Zrt.!<\/strong><\/p>\n<p style=\"font-weight: 400;\"><strong>Tov\u00e1bbi inform\u00e1ci\u00f3k:<\/strong><\/p>\n<p style=\"font-weight: 400;\">Magyar K\u00f6z\u00fat Nonprofit Zrt.<br \/>\nKommunik\u00e1ci\u00f3s oszt\u00e1ly<br \/>\n1024 Budapest, F\u00e9nyes Elek utca 7-13.<br \/>\nE-mail:\u00a0<a href=\"mailto:kommunikacio@kozut.hu\">kommunikacio@kozut.hu<\/a><br \/>\nWeboldal:\u00a0<a href=\"http:\/\/www.kozut.hu\/\" data-saferedirecturl=\"https:\/\/www.google.com\/url?q=http:\/\/www.kozut.hu\/&amp;source=gmail&amp;ust=1567536702533000&amp;usg=AFQjCNFgiwSngdbVnNDUyFnSBJGdN8qQnQ\">www.kozut.hu<\/a><br \/>\nFacebook:\u00a0<a href=\"http:\/\/www.facebook.com\/MagyarKozut\" data-saferedirecturl=\"https:\/\/www.google.com\/url?q=http:\/\/www.facebook.com\/MagyarKozut&amp;source=gmail&amp;ust=1567536702533000&amp;usg=AFQjCNHAqYLYVTHJAUIz0FtgwVUF3JrBNQ\">www.facebook.com\/MagyarKozut<\/a><br \/>\nInstagram:\u00a0<a href=\"https:\/\/www.instagram.com\/magyarkozut\/\" data-saferedirecturl=\"https:\/\/www.google.com\/url?q=https:\/\/www.instagram.com\/magyarkozut\/&amp;source=gmail&amp;ust=1567536702533000&amp;usg=AFQjCNGiTPGo0F1B-cqVuEnFHO45QRQe-g\">https:\/\/www.instagram.com\/magyarkozut<\/a><\/p>\n","protected":false},"excerpt":{"rendered":"<p>\u0150SSZEL \u00daJRA SZEM\u00c9TGY\u0170JT\u00c9SI AKCI\u00d3! A Magyar K\u00f6z\u00fat Nonprofit Zrt. t\u00f6bb \u00e9v kihagy\u00e1s ut\u00e1n 2019. \u00e1prilis 29-\u00e9n \u201eJobb, ha el se dobod!\u201d c\u00edmmel ind\u00edtotta \u00fajra orsz\u00e1gos szem\u00e9tgy\u0171jt\u00e9si programj\u00e1t. A tavaszi akci\u00f3t \u0151sszel folytatja a t\u00e1rsas\u00e1g \u00e9s 2019. szeptember 20-\u00e1n ism\u00e9t v\u00e1rja az \u00f6nk\u00e9ntesek, csapatok, bar\u00e1ti t\u00e1rsas\u00e1gok, c\u00e9gek \u00e9s \u00f6nkorm\u00e1nyzatok csatlakoz\u00e1s\u00e1t is a szeml\u00e9letform\u00e1l\u00f3 kezdem\u00e9nyez\u00e9s\u00e9hez! A Magyar [&hellip;]<\/p>\n","protected":false},"author":1,"featured_media":0,"comment_status":"closed","ping_status":"closed","sticky":false,"template":"","format":"standard","meta":{"footnotes":""},"categories":[1],"tags":[],"class_list":["post-1598","post","type-post","status-publish","format-standard","hentry","category-egyeb"],"yoast_head":"<!-- This site is optimized with the Yoast SEO plugin v26.5 - https:\/\/yoast.com\/wordpress\/plugins\/seo\/ -->\n<title>\u201eJOBB, HA EL SE DOBOD!\u201d - Nagyk\u00f6k\u00e9nyes K\u00f6zs\u00e9g \u00d6nkorm\u00e1nyzata<\/title>\n<meta name=\"robots\" content=\"index, follow, max-snippet:-1, max-image-preview:large, max-video-preview:-1\" \/>\n<link rel=\"canonical\" href=\"https:\/\/nagykokenyes.hu\/?p=1598\" \/>\n<meta property=\"og:locale\" content=\"hu_HU\" \/>\n<meta property=\"og:type\" content=\"article\" \/>\n<meta property=\"og:title\" content=\"\u201eJOBB, HA EL SE DOBOD!\u201d - Nagyk\u00f6k\u00e9nyes K\u00f6zs\u00e9g \u00d6nkorm\u00e1nyzata\" \/>\n<meta property=\"og:description\" content=\"\u0150SSZEL \u00daJRA SZEM\u00c9TGY\u0170JT\u00c9SI AKCI\u00d3! A Magyar K\u00f6z\u00fat Nonprofit Zrt. t\u00f6bb \u00e9v kihagy\u00e1s ut\u00e1n 2019. \u00e1prilis 29-\u00e9n \u201eJobb, ha el se dobod!\u201d c\u00edmmel ind\u00edtotta \u00fajra orsz\u00e1gos szem\u00e9tgy\u0171jt\u00e9si programj\u00e1t. A tavaszi akci\u00f3t \u0151sszel folytatja a t\u00e1rsas\u00e1g \u00e9s 2019. szeptember 20-\u00e1n ism\u00e9t v\u00e1rja az \u00f6nk\u00e9ntesek, csapatok, bar\u00e1ti t\u00e1rsas\u00e1gok, c\u00e9gek \u00e9s \u00f6nkorm\u00e1nyzatok csatlakoz\u00e1s\u00e1t is a szeml\u00e9letform\u00e1l\u00f3 kezdem\u00e9nyez\u00e9s\u00e9hez! A Magyar [&hellip;]\" \/>\n<meta property=\"og:url\" content=\"https:\/\/nagykokenyes.hu\/?p=1598\" \/>\n<meta property=\"og:site_name\" content=\"Nagyk\u00f6k\u00e9nyes K\u00f6zs\u00e9g \u00d6nkorm\u00e1nyzata\" \/>\n<meta property=\"article:published_time\" content=\"2019-09-02T19:00:04+00:00\" \/>\n<meta name=\"author\" content=\"Toldi-Media&amp;Web\u00a9\" \/>\n<meta name=\"twitter:card\" content=\"summary_large_image\" \/>\n<meta name=\"twitter:label1\" content=\"Szerz\u0151:\" \/>\n\t<meta name=\"twitter:data1\" content=\"Toldi-Media&amp;Web\u00a9\" \/>\n\t<meta name=\"twitter:label2\" content=\"Becs\u00fclt olvas\u00e1si id\u0151\" \/>\n\t<meta name=\"twitter:data2\" content=\"4 perc\" \/>\n<script type=\"application\/ld+json\" class=\"yoast-schema-graph\">{\"@context\":\"https:\/\/schema.org\",\"@graph\":[{\"@type\":\"WebPage\",\"@id\":\"https:\/\/nagykokenyes.hu\/?p=1598\",\"url\":\"https:\/\/nagykokenyes.hu\/?p=1598\",\"name\":\"\u201eJOBB, HA EL SE DOBOD!\u201d - Nagyk\u00f6k\u00e9nyes K\u00f6zs\u00e9g \u00d6nkorm\u00e1nyzata\",\"isPartOf\":{\"@id\":\"https:\/\/nagykokenyes.hu\/#website\"},\"datePublished\":\"2019-09-02T19:00:04+00:00\",\"author\":{\"@id\":\"https:\/\/nagykokenyes.hu\/#\/schema\/person\/ba2ba93c7c7503248716e2c9b3e03cb9\"},\"breadcrumb\":{\"@id\":\"https:\/\/nagykokenyes.hu\/?p=1598#breadcrumb\"},\"inLanguage\":\"hu\",\"potentialAction\":[{\"@type\":\"ReadAction\",\"target\":[\"https:\/\/nagykokenyes.hu\/?p=1598\"]}]},{\"@type\":\"BreadcrumbList\",\"@id\":\"https:\/\/nagykokenyes.hu\/?p=1598#breadcrumb\",\"itemListElement\":[{\"@type\":\"ListItem\",\"position\":1,\"name\":\"Kezd\u0151lap\",\"item\":\"https:\/\/nagykokenyes.hu\/\"},{\"@type\":\"ListItem\",\"position\":2,\"name\":\"\u201eJOBB, HA EL SE DOBOD!\u201d\"}]},{\"@type\":\"WebSite\",\"@id\":\"https:\/\/nagykokenyes.hu\/#website\",\"url\":\"https:\/\/nagykokenyes.hu\/\",\"name\":\"Nagyk\u00f6k\u00e9nyes K\u00f6zs\u00e9g \u00d6nkorm\u00e1nyzata\",\"description\":\"\",\"potentialAction\":[{\"@type\":\"SearchAction\",\"target\":{\"@type\":\"EntryPoint\",\"urlTemplate\":\"https:\/\/nagykokenyes.hu\/?s={search_term_string}\"},\"query-input\":{\"@type\":\"PropertyValueSpecification\",\"valueRequired\":true,\"valueName\":\"search_term_string\"}}],\"inLanguage\":\"hu\"},{\"@type\":\"Person\",\"@id\":\"https:\/\/nagykokenyes.hu\/#\/schema\/person\/ba2ba93c7c7503248716e2c9b3e03cb9\",\"name\":\"Toldi-Media&amp;Web\u00a9\",\"image\":{\"@type\":\"ImageObject\",\"inLanguage\":\"hu\",\"@id\":\"https:\/\/nagykokenyes.hu\/#\/schema\/person\/image\/\",\"url\":\"https:\/\/secure.gravatar.com\/avatar\/2dac2571de4f37e90c24eb6e6ae2792d9014feeaa0958c550badf9cc9089b3f4?s=96&d=mm&r=g\",\"contentUrl\":\"https:\/\/secure.gravatar.com\/avatar\/2dac2571de4f37e90c24eb6e6ae2792d9014feeaa0958c550badf9cc9089b3f4?s=96&d=mm&r=g\",\"caption\":\"Toldi-Media&amp;Web\u00a9\"},\"url\":\"https:\/\/nagykokenyes.hu\/?author=1\"}]}<\/script>\n<!-- \/ Yoast SEO plugin. -->","yoast_head_json":{"title":"\u201eJOBB, HA EL SE DOBOD!\u201d - Nagyk\u00f6k\u00e9nyes K\u00f6zs\u00e9g \u00d6nkorm\u00e1nyzata","robots":{"index":"index","follow":"follow","max-snippet":"max-snippet:-1","max-image-preview":"max-image-preview:large","max-video-preview":"max-video-preview:-1"},"canonical":"https:\/\/nagykokenyes.hu\/?p=1598","og_locale":"hu_HU","og_type":"article","og_title":"\u201eJOBB, HA EL SE DOBOD!\u201d - Nagyk\u00f6k\u00e9nyes K\u00f6zs\u00e9g \u00d6nkorm\u00e1nyzata","og_description":"\u0150SSZEL \u00daJRA SZEM\u00c9TGY\u0170JT\u00c9SI AKCI\u00d3! A Magyar K\u00f6z\u00fat Nonprofit Zrt. t\u00f6bb \u00e9v kihagy\u00e1s ut\u00e1n 2019. \u00e1prilis 29-\u00e9n \u201eJobb, ha el se dobod!\u201d c\u00edmmel ind\u00edtotta \u00fajra orsz\u00e1gos szem\u00e9tgy\u0171jt\u00e9si programj\u00e1t. A tavaszi akci\u00f3t \u0151sszel folytatja a t\u00e1rsas\u00e1g \u00e9s 2019. szeptember 20-\u00e1n ism\u00e9t v\u00e1rja az \u00f6nk\u00e9ntesek, csapatok, bar\u00e1ti t\u00e1rsas\u00e1gok, c\u00e9gek \u00e9s \u00f6nkorm\u00e1nyzatok csatlakoz\u00e1s\u00e1t is a szeml\u00e9letform\u00e1l\u00f3 kezdem\u00e9nyez\u00e9s\u00e9hez! A Magyar [&hellip;]","og_url":"https:\/\/nagykokenyes.hu\/?p=1598","og_site_name":"Nagyk\u00f6k\u00e9nyes K\u00f6zs\u00e9g \u00d6nkorm\u00e1nyzata","article_published_time":"2019-09-02T19:00:04+00:00","author":"Toldi-Media&amp;Web\u00a9","twitter_card":"summary_large_image","twitter_misc":{"Szerz\u0151:":"Toldi-Media&amp;Web\u00a9","Becs\u00fclt olvas\u00e1si id\u0151":"4 perc"},"schema":{"@context":"https:\/\/schema.org","@graph":[{"@type":"WebPage","@id":"https:\/\/nagykokenyes.hu\/?p=1598","url":"https:\/\/nagykokenyes.hu\/?p=1598","name":"\u201eJOBB, HA EL SE DOBOD!\u201d - Nagyk\u00f6k\u00e9nyes K\u00f6zs\u00e9g \u00d6nkorm\u00e1nyzata","isPartOf":{"@id":"https:\/\/nagykokenyes.hu\/#website"},"datePublished":"2019-09-02T19:00:04+00:00","author":{"@id":"https:\/\/nagykokenyes.hu\/#\/schema\/person\/ba2ba93c7c7503248716e2c9b3e03cb9"},"breadcrumb":{"@id":"https:\/\/nagykokenyes.hu\/?p=1598#breadcrumb"},"inLanguage":"hu","potentialAction":[{"@type":"ReadAction","target":["https:\/\/nagykokenyes.hu\/?p=1598"]}]},{"@type":"BreadcrumbList","@id":"https:\/\/nagykokenyes.hu\/?p=1598#breadcrumb","itemListElement":[{"@type":"ListItem","position":1,"name":"Kezd\u0151lap","item":"https:\/\/nagykokenyes.hu\/"},{"@type":"ListItem","position":2,"name":"\u201eJOBB, HA EL SE DOBOD!\u201d"}]},{"@type":"WebSite","@id":"https:\/\/nagykokenyes.hu\/#website","url":"https:\/\/nagykokenyes.hu\/","name":"Nagyk\u00f6k\u00e9nyes K\u00f6zs\u00e9g \u00d6nkorm\u00e1nyzata","description":"","potentialAction":[{"@type":"SearchAction","target":{"@type":"EntryPoint","urlTemplate":"https:\/\/nagykokenyes.hu\/?s={search_term_string}"},"query-input":{"@type":"PropertyValueSpecification","valueRequired":true,"valueName":"search_term_string"}}],"inLanguage":"hu"},{"@type":"Person","@id":"https:\/\/nagykokenyes.hu\/#\/schema\/person\/ba2ba93c7c7503248716e2c9b3e03cb9","name":"Toldi-Media&amp;Web\u00a9","image":{"@type":"ImageObject","inLanguage":"hu","@id":"https:\/\/nagykokenyes.hu\/#\/schema\/person\/image\/","url":"https:\/\/secure.gravatar.com\/avatar\/2dac2571de4f37e90c24eb6e6ae2792d9014feeaa0958c550badf9cc9089b3f4?s=96&d=mm&r=g","contentUrl":"https:\/\/secure.gravatar.com\/avatar\/2dac2571de4f37e90c24eb6e6ae2792d9014feeaa0958c550badf9cc9089b3f4?s=96&d=mm&r=g","caption":"Toldi-Media&amp;Web\u00a9"},"url":"https:\/\/nagykokenyes.hu\/?author=1"}]}},"_links":{"self":[{"href":"https:\/\/nagykokenyes.hu\/index.php?rest_route=\/wp\/v2\/posts\/1598","targetHints":{"allow":["GET"]}}],"collection":[{"href":"https:\/\/nagykokenyes.hu\/index.php?rest_route=\/wp\/v2\/posts"}],"about":[{"href":"https:\/\/nagykokenyes.hu\/index.php?rest_route=\/wp\/v2\/types\/post"}],"author":[{"embeddable":true,"href":"https:\/\/nagykokenyes.hu\/index.php?rest_route=\/wp\/v2\/users\/1"}],"replies":[{"embeddable":true,"href":"https:\/\/nagykokenyes.hu\/index.php?rest_route=%2Fwp%2Fv2%2Fcomments&post=1598"}],"version-history":[{"count":2,"href":"https:\/\/nagykokenyes.hu\/index.php?rest_route=\/wp\/v2\/posts\/1598\/revisions"}],"predecessor-version":[{"id":1600,"href":"https:\/\/nagykokenyes.hu\/index.php?rest_route=\/wp\/v2\/posts\/1598\/revisions\/1600"}],"wp:attachment":[{"href":"https:\/\/nagykokenyes.hu\/index.php?rest_route=%2Fwp%2Fv2%2Fmedia&parent=1598"}],"wp:term":[{"taxonomy":"category","embeddable":true,"href":"https:\/\/nagykokenyes.hu\/index.php?rest_route=%2Fwp%2Fv2%2Fcategories&post=1598"},{"taxonomy":"post_tag","embeddable":true,"href":"https:\/\/nagykokenyes.hu\/index.php?rest_route=%2Fwp%2Fv2%2Ftags&post=1598"}],"curies":[{"name":"wp","href":"https:\/\/api.w.org\/{rel}","templated":true}]}}