{"id":2140,"date":"2019-11-13T22:48:48","date_gmt":"2019-11-13T22:48:48","guid":{"rendered":"http:\/\/nagykokenyes.hu\/?p=2140"},"modified":"2019-12-09T18:48:16","modified_gmt":"2019-12-09T18:48:16","slug":"magyar-falu-program-sikeres-palyazatai","status":"publish","type":"post","link":"https:\/\/nagykokenyes.hu\/?p=2140","title":{"rendered":"Magyar Falu Program sikeres p\u00e1ly\u00e1zatai"},"content":{"rendered":"<p><strong><a href=\"http:\/\/nagykokenyes.hu\/wp-content\/uploads\/2019\/11\/mfp_logo.jpg\"><img loading=\"lazy\" decoding=\"async\" class=\"wp-image-2135 alignleft\" src=\"http:\/\/nagykokenyes.hu\/wp-content\/uploads\/2019\/11\/mfp_logo.jpg\" alt=\"\" width=\"241\" height=\"173\" \/><\/a>Kedvezm\u00e9nyezett neve:<\/strong> Nagyk\u00f6k\u00e9nyes K\u00f6zs\u00e9gi \u00d6nkorm\u00e1nyzat<\/p>\n<p><strong>P\u00e1ly\u00e1zati felh\u00edv\u00e1s neve (k\u00f3dsz\u00e1ma): Magyar Falu Program &#8211; Eszk\u00f6zfejleszt\u00e9s belter\u00fcleti k\u00f6zter\u00fclet karbantart\u00e1s\u00e1ra (MFP-KKE\/2019)<\/strong><\/p>\n<p><strong>Projekt c\u00edme (azonos\u00edt\u00f3 sz\u00e1ma): <\/strong>K\u00f6zter\u00fcletek karbantart\u00e1s\u00e1ra alkalmas eszk\u00f6z\u00f6k beszerz\u00e9se Nagyk\u00f6k\u00e9nyes k\u00f6zs\u00e9gben (3020473924)<\/p>\n<p><strong>Szerz\u0151d\u00f6tt t\u00e1mogat\u00e1s \u00f6sszege: <\/strong>1.997.864,- Ft<\/p>\n<p><strong>T\u00e1mogat\u00e1s m\u00e9rt\u00e9ke:<\/strong> 100%<\/p>\n<p><strong>A projekt tartalm\u00e1nak r\u00f6vid bemutat\u00e1sa: <\/strong><\/p>\n<p>A projekt keret\u00e9ben Nagyk\u00f6k\u00e9nyes telep\u00fcl\u00e9s k\u00f6zter\u00fcleteinek gondoz\u00e1s\u00e1t leheto\u030bv\u00e9 tevo\u030b eszk\u00f6z\u00f6k &#8211; \u00a0magasgazv\u00e1g\u00f3, magass\u00e1gi \u00e1gv\u00e1g\u00f3, motorfu\u030br\u00e9sz, fu\u030bkasza \u00e9s ut\u00e1nfut\u00f3 &#8211; beszerz\u00e9s\u00e9re ker\u00fcl sor.<\/p>\n<p><strong>A projekt legk\u00e9s\u0151bbi befejez\u00e9si d\u00e1tuma: <\/strong>2020.09.30.<\/p>\n<hr \/>\n<p><strong>Kedvezm\u00e9nyezett neve:<\/strong> Nagyk\u00f6k\u00e9nyes K\u00f6zs\u00e9gi \u00d6nkorm\u00e1nyzat<\/p>\n<p><strong>P\u00e1ly\u00e1zati felh\u00edv\u00e1s neve (k\u00f3dsz\u00e1ma): <\/strong>Magyar Falu Program &#8211; <strong>\u00d6nkorm\u00e1nyzati tulajdon\u00fa utak fel\u00faj\u00edt\u00e1sa (MFP-\u00d6TU\/2019)<\/strong><\/p>\n<p><strong>Projekt c\u00edme (azonos\u00edt\u00f3 sz\u00e1ma): <\/strong>A Bem utca \u00e9s a Klapka \u00fat burkolat\u00e1nak fel\u00faj\u00edt\u00e1sa Nagyk\u00f6k\u00e9nyes k\u00f6zs\u00e9gben (3020062441)<\/p>\n<p><strong>Szerz\u0151d\u00f6tt t\u00e1mogat\u00e1s \u00f6sszege: <\/strong>19.443.416,- Ft<\/p>\n<p><strong>T\u00e1mogat\u00e1s m\u00e9rt\u00e9ke:<\/strong> 100%<\/p>\n<p style=\"text-align: justify;\"><strong>A projekt tartalm\u00e1nak r\u00f6vid bemutat\u00e1sa: <\/strong>A Magyar Falu Program &#8222;\u00d6nkorm\u00e1nyzati tulajdon\u00fa utak fel\u00faj\u00edt\u00e1sa&#8221; alprogramj\u00e1nak keret\u00e9ben Nagyk\u00f6k\u00e9nyes K\u00f6zs\u00e9gi \u00d6nkorm\u00e1nyzat a telep\u00fcl\u00e9s belter\u00fclet\u00e9n tal\u00e1lhat\u00f3 Bem utca \u00e9s Klapka \u00fat burkolatfel\u00faj\u00edt\u00e1s\u00e1t k\u00edv\u00e1nja megval\u00f3s\u00edtani. A fejleszt\u00e9ssel \u00e9rintett belter\u00fcleti utak elhaszn\u00e1l\u00f3dottak, a legal\u00e1bb 20 cm vastag burkolatuk a haszn\u00e1lat sor\u00e1n eldeform\u00e1l\u00f3dott, n\u00e9h\u00e1ny helyen foltszeru\u030ben t\u00f6nkrement. A munk\u00e1k megkezd\u00e9se elo\u030btt a felh\u00edzott padk\u00e1t le kell nyesni, a felesleges anyagot el kell sz\u00e1ll\u00edtani. A megl\u00e9vo\u030b burkolatok meghib\u00e1sod\u00e1sait AC8 k\u00f6to\u030b aszfalttal ki kell jav\u00edtani, a burkolatok teljes fel\u00fclet\u00e9t a szennyezo\u030bd\u00e9sekto\u030bl meg kell tiszt\u00edtani. A t\u00f6nkrement r\u00e9szeken a burkolatot ki kell bontani, majd 4 cm AC11 k\u00f6to\u030b aszfalt be\u00e9p\u00edt\u00e9s\u00e9vel helyre kell \u00e1ll\u00edtani. A lenyesett, 1 m\u00e9ter sz\u00e9less\u00e9gu\u030b padk\u00e1kat a munk\u00e1k befejez\u00e9se ut\u00e1n nemes\u00edtett padkak\u00e9nt kell helyre\u00e1ll\u00edtani.<\/p>\n<p style=\"text-align: justify;\"><strong>A projekt legk\u00e9s\u0151bbi befejez\u00e9si d\u00e1tuma: <\/strong>2021.03.31.<\/p>\n<hr \/>\n<p><strong>Kedvezm\u00e9nyezett neve:<\/strong> Nagyk\u00f6k\u00e9nyes K\u00f6zs\u00e9gi \u00d6nkorm\u00e1nyzat<\/p>\n<p><strong>P\u00e1ly\u00e1zati felh\u00edv\u00e1s neve (k\u00f3dsz\u00e1ma): Magyar Falu Program &#8211; Temet\u0151 fejleszt\u00e9se (MFP-FFT\/2019)<\/strong><\/p>\n<p><strong>Projekt c\u00edme (azonos\u00edt\u00f3 sz\u00e1ma): <\/strong>Akad\u00e1lymentes\u00edt\u00e9s Nagyk\u00f6k\u00e9nyes k\u00f6zs\u00e9g temet\u0151j\u00e9ben (3020703481)<\/p>\n<p><strong>Szerz\u0151d\u00f6tt t\u00e1mogat\u00e1s \u00f6sszege: <\/strong>2.402.257,- Ft<\/p>\n<p><strong>T\u00e1mogat\u00e1s m\u00e9rt\u00e9ke:<\/strong> 100%<\/p>\n<p style=\"text-align: justify;\"><strong>A projekt tartalm\u00e1nak r\u00f6vid bemutat\u00e1sa: <\/strong>A Magyar Falu Program &#8222;Temeto\u030b fejleszt\u00e9se&#8221; alprogramj\u00e1nak keret\u00e9ben Nagyk\u00f6k\u00e9nyes K\u00f6zs\u00e9gi \u00d6nkorm\u00e1nyzat a ravataloz\u00f3 \u00e9p\u00fclet\u00e9nek akad\u00e1lymentes megk\u00f6zel\u00edt\u00e9s\u00e9t leheto\u030bv\u00e9 tevo\u030b fejleszt\u00e9seket k\u00edv\u00e1n megval\u00f3s\u00edtani. A nagyk\u00f6k\u00e9nyesi ravataloz\u00f3 bej\u00e1rata jelenleg nem k\u00f6zel\u00edtheto\u030b meg akad\u00e1lymentesen, illetve az \u00e9p\u00fclet k\u00f6r\u00fcli j\u00e1rda sem alkalmas akad\u00e1lymentes k\u00f6zleked\u00e9sre. A ravataloz\u00f3 bej\u00e1rat\u00e1n\u00e1l \u00e9s elo\u030bter\u00e9ben l\u00e9vo\u030b burkolat elbont\u00e1sa ut\u00e1n r\u00e1mp\u00e1s felhajt\u00e1si leheto\u030bs\u00e9g ker\u00fcl kialak\u00edt\u00e1sra a ravataloz\u00f3 elo\u030btt, \u00e9s \u00faj burkolat k\u00e9sz\u00fcl az elo\u030bt\u00e9rben. Az \u00e9p\u00fclet mellett megl\u00e9vo\u030b beton j\u00e1rdaburkolat elbont\u00e1sra ker\u00fcl, \u00e9s 1,50 m\u00e9ter sz\u00e9les, akad\u00e1lymentes t\u00e9rko\u030bburkolat \u00e9p\u00fcl a ravataloz\u00f3 k\u00f6r\u00fcl. A tervezett t\u00e9rko\u030bburkolat p\u00e1lyaszerkezete: 6 cm t\u00e9rko\u030b, 3 cm 0\/3 mm mosott kavics \u00e1gyazat, 15 cm CKT alapr\u00e9teg, 10 cm homokos kavics.<\/p>\n<p><strong>A projekt legk\u00e9s\u0151bbi befejez\u00e9si d\u00e1tuma: <\/strong>2021.04.30.<\/p>\n","protected":false},"excerpt":{"rendered":"<p>Kedvezm\u00e9nyezett neve: Nagyk\u00f6k\u00e9nyes K\u00f6zs\u00e9gi \u00d6nkorm\u00e1nyzat P\u00e1ly\u00e1zati felh\u00edv\u00e1s neve (k\u00f3dsz\u00e1ma): Magyar Falu Program &#8211; Eszk\u00f6zfejleszt\u00e9s belter\u00fcleti k\u00f6zter\u00fclet karbantart\u00e1s\u00e1ra (MFP-KKE\/2019) Projekt c\u00edme (azonos\u00edt\u00f3 sz\u00e1ma): K\u00f6zter\u00fcletek karbantart\u00e1s\u00e1ra alkalmas eszk\u00f6z\u00f6k beszerz\u00e9se Nagyk\u00f6k\u00e9nyes k\u00f6zs\u00e9gben (3020473924) Szerz\u0151d\u00f6tt t\u00e1mogat\u00e1s \u00f6sszege: 1.997.864,- Ft T\u00e1mogat\u00e1s m\u00e9rt\u00e9ke: 100% A projekt tartalm\u00e1nak r\u00f6vid bemutat\u00e1sa: A projekt keret\u00e9ben Nagyk\u00f6k\u00e9nyes telep\u00fcl\u00e9s k\u00f6zter\u00fcleteinek gondoz\u00e1s\u00e1t leheto\u030bv\u00e9 tevo\u030b eszk\u00f6z\u00f6k &#8211; \u00a0magasgazv\u00e1g\u00f3, [&hellip;]<\/p>\n","protected":false},"author":1,"featured_media":0,"comment_status":"closed","ping_status":"closed","sticky":false,"template":"","format":"standard","meta":{"footnotes":""},"categories":[1],"tags":[],"class_list":["post-2140","post","type-post","status-publish","format-standard","hentry","category-egyeb"],"yoast_head":"<!-- This site is optimized with the Yoast SEO plugin v26.5 - https:\/\/yoast.com\/wordpress\/plugins\/seo\/ -->\n<title>Magyar Falu Program sikeres p\u00e1ly\u00e1zatai - Nagyk\u00f6k\u00e9nyes K\u00f6zs\u00e9g \u00d6nkorm\u00e1nyzata<\/title>\n<meta name=\"robots\" content=\"index, follow, max-snippet:-1, max-image-preview:large, max-video-preview:-1\" \/>\n<link rel=\"canonical\" href=\"https:\/\/nagykokenyes.hu\/?p=2140\" \/>\n<meta property=\"og:locale\" content=\"hu_HU\" \/>\n<meta property=\"og:type\" content=\"article\" \/>\n<meta property=\"og:title\" content=\"Magyar Falu Program sikeres p\u00e1ly\u00e1zatai - Nagyk\u00f6k\u00e9nyes K\u00f6zs\u00e9g \u00d6nkorm\u00e1nyzata\" \/>\n<meta property=\"og:description\" content=\"Kedvezm\u00e9nyezett neve: Nagyk\u00f6k\u00e9nyes K\u00f6zs\u00e9gi \u00d6nkorm\u00e1nyzat P\u00e1ly\u00e1zati felh\u00edv\u00e1s neve (k\u00f3dsz\u00e1ma): Magyar Falu Program &#8211; Eszk\u00f6zfejleszt\u00e9s belter\u00fcleti k\u00f6zter\u00fclet karbantart\u00e1s\u00e1ra (MFP-KKE\/2019) Projekt c\u00edme (azonos\u00edt\u00f3 sz\u00e1ma): K\u00f6zter\u00fcletek karbantart\u00e1s\u00e1ra alkalmas eszk\u00f6z\u00f6k beszerz\u00e9se Nagyk\u00f6k\u00e9nyes k\u00f6zs\u00e9gben (3020473924) Szerz\u0151d\u00f6tt t\u00e1mogat\u00e1s \u00f6sszege: 1.997.864,- Ft T\u00e1mogat\u00e1s m\u00e9rt\u00e9ke: 100% A projekt tartalm\u00e1nak r\u00f6vid bemutat\u00e1sa: A projekt keret\u00e9ben Nagyk\u00f6k\u00e9nyes telep\u00fcl\u00e9s k\u00f6zter\u00fcleteinek gondoz\u00e1s\u00e1t leheto\u030bv\u00e9 tevo\u030b eszk\u00f6z\u00f6k &#8211; \u00a0magasgazv\u00e1g\u00f3, [&hellip;]\" \/>\n<meta property=\"og:url\" content=\"https:\/\/nagykokenyes.hu\/?p=2140\" \/>\n<meta property=\"og:site_name\" content=\"Nagyk\u00f6k\u00e9nyes K\u00f6zs\u00e9g \u00d6nkorm\u00e1nyzata\" \/>\n<meta property=\"article:published_time\" content=\"2019-11-13T22:48:48+00:00\" \/>\n<meta property=\"article:modified_time\" content=\"2019-12-09T18:48:16+00:00\" \/>\n<meta property=\"og:image\" content=\"http:\/\/nagykokenyes.hu\/wp-content\/uploads\/2019\/11\/mfp_logo.jpg\" \/>\n<meta name=\"author\" content=\"Toldi-Media&amp;Web\u00a9\" \/>\n<meta name=\"twitter:card\" content=\"summary_large_image\" \/>\n<meta name=\"twitter:label1\" content=\"Szerz\u0151:\" \/>\n\t<meta name=\"twitter:data1\" content=\"Toldi-Media&amp;Web\u00a9\" \/>\n\t<meta name=\"twitter:label2\" content=\"Becs\u00fclt olvas\u00e1si id\u0151\" \/>\n\t<meta name=\"twitter:data2\" content=\"3 perc\" \/>\n<script type=\"application\/ld+json\" class=\"yoast-schema-graph\">{\"@context\":\"https:\/\/schema.org\",\"@graph\":[{\"@type\":\"WebPage\",\"@id\":\"https:\/\/nagykokenyes.hu\/?p=2140\",\"url\":\"https:\/\/nagykokenyes.hu\/?p=2140\",\"name\":\"Magyar Falu Program sikeres p\u00e1ly\u00e1zatai - Nagyk\u00f6k\u00e9nyes K\u00f6zs\u00e9g \u00d6nkorm\u00e1nyzata\",\"isPartOf\":{\"@id\":\"https:\/\/nagykokenyes.hu\/#website\"},\"primaryImageOfPage\":{\"@id\":\"https:\/\/nagykokenyes.hu\/?p=2140#primaryimage\"},\"image\":{\"@id\":\"https:\/\/nagykokenyes.hu\/?p=2140#primaryimage\"},\"thumbnailUrl\":\"http:\/\/nagykokenyes.hu\/wp-content\/uploads\/2019\/11\/mfp_logo.jpg\",\"datePublished\":\"2019-11-13T22:48:48+00:00\",\"dateModified\":\"2019-12-09T18:48:16+00:00\",\"author\":{\"@id\":\"https:\/\/nagykokenyes.hu\/#\/schema\/person\/ba2ba93c7c7503248716e2c9b3e03cb9\"},\"breadcrumb\":{\"@id\":\"https:\/\/nagykokenyes.hu\/?p=2140#breadcrumb\"},\"inLanguage\":\"hu\",\"potentialAction\":[{\"@type\":\"ReadAction\",\"target\":[\"https:\/\/nagykokenyes.hu\/?p=2140\"]}]},{\"@type\":\"ImageObject\",\"inLanguage\":\"hu\",\"@id\":\"https:\/\/nagykokenyes.hu\/?p=2140#primaryimage\",\"url\":\"http:\/\/nagykokenyes.hu\/wp-content\/uploads\/2019\/11\/mfp_logo.jpg\",\"contentUrl\":\"http:\/\/nagykokenyes.hu\/wp-content\/uploads\/2019\/11\/mfp_logo.jpg\"},{\"@type\":\"BreadcrumbList\",\"@id\":\"https:\/\/nagykokenyes.hu\/?p=2140#breadcrumb\",\"itemListElement\":[{\"@type\":\"ListItem\",\"position\":1,\"name\":\"Kezd\u0151lap\",\"item\":\"https:\/\/nagykokenyes.hu\/\"},{\"@type\":\"ListItem\",\"position\":2,\"name\":\"Magyar Falu Program sikeres p\u00e1ly\u00e1zatai\"}]},{\"@type\":\"WebSite\",\"@id\":\"https:\/\/nagykokenyes.hu\/#website\",\"url\":\"https:\/\/nagykokenyes.hu\/\",\"name\":\"Nagyk\u00f6k\u00e9nyes K\u00f6zs\u00e9g \u00d6nkorm\u00e1nyzata\",\"description\":\"\",\"potentialAction\":[{\"@type\":\"SearchAction\",\"target\":{\"@type\":\"EntryPoint\",\"urlTemplate\":\"https:\/\/nagykokenyes.hu\/?s={search_term_string}\"},\"query-input\":{\"@type\":\"PropertyValueSpecification\",\"valueRequired\":true,\"valueName\":\"search_term_string\"}}],\"inLanguage\":\"hu\"},{\"@type\":\"Person\",\"@id\":\"https:\/\/nagykokenyes.hu\/#\/schema\/person\/ba2ba93c7c7503248716e2c9b3e03cb9\",\"name\":\"Toldi-Media&amp;Web\u00a9\",\"image\":{\"@type\":\"ImageObject\",\"inLanguage\":\"hu\",\"@id\":\"https:\/\/nagykokenyes.hu\/#\/schema\/person\/image\/\",\"url\":\"https:\/\/secure.gravatar.com\/avatar\/2dac2571de4f37e90c24eb6e6ae2792d9014feeaa0958c550badf9cc9089b3f4?s=96&d=mm&r=g\",\"contentUrl\":\"https:\/\/secure.gravatar.com\/avatar\/2dac2571de4f37e90c24eb6e6ae2792d9014feeaa0958c550badf9cc9089b3f4?s=96&d=mm&r=g\",\"caption\":\"Toldi-Media&amp;Web\u00a9\"},\"url\":\"https:\/\/nagykokenyes.hu\/?author=1\"}]}<\/script>\n<!-- \/ Yoast SEO plugin. -->","yoast_head_json":{"title":"Magyar Falu Program sikeres p\u00e1ly\u00e1zatai - Nagyk\u00f6k\u00e9nyes K\u00f6zs\u00e9g \u00d6nkorm\u00e1nyzata","robots":{"index":"index","follow":"follow","max-snippet":"max-snippet:-1","max-image-preview":"max-image-preview:large","max-video-preview":"max-video-preview:-1"},"canonical":"https:\/\/nagykokenyes.hu\/?p=2140","og_locale":"hu_HU","og_type":"article","og_title":"Magyar Falu Program sikeres p\u00e1ly\u00e1zatai - Nagyk\u00f6k\u00e9nyes K\u00f6zs\u00e9g \u00d6nkorm\u00e1nyzata","og_description":"Kedvezm\u00e9nyezett neve: Nagyk\u00f6k\u00e9nyes K\u00f6zs\u00e9gi \u00d6nkorm\u00e1nyzat P\u00e1ly\u00e1zati felh\u00edv\u00e1s neve (k\u00f3dsz\u00e1ma): Magyar Falu Program &#8211; Eszk\u00f6zfejleszt\u00e9s belter\u00fcleti k\u00f6zter\u00fclet karbantart\u00e1s\u00e1ra (MFP-KKE\/2019) Projekt c\u00edme (azonos\u00edt\u00f3 sz\u00e1ma): K\u00f6zter\u00fcletek karbantart\u00e1s\u00e1ra alkalmas eszk\u00f6z\u00f6k beszerz\u00e9se Nagyk\u00f6k\u00e9nyes k\u00f6zs\u00e9gben (3020473924) Szerz\u0151d\u00f6tt t\u00e1mogat\u00e1s \u00f6sszege: 1.997.864,- Ft T\u00e1mogat\u00e1s m\u00e9rt\u00e9ke: 100% A projekt tartalm\u00e1nak r\u00f6vid bemutat\u00e1sa: A projekt keret\u00e9ben Nagyk\u00f6k\u00e9nyes telep\u00fcl\u00e9s k\u00f6zter\u00fcleteinek gondoz\u00e1s\u00e1t leheto\u030bv\u00e9 tevo\u030b eszk\u00f6z\u00f6k &#8211; \u00a0magasgazv\u00e1g\u00f3, [&hellip;]","og_url":"https:\/\/nagykokenyes.hu\/?p=2140","og_site_name":"Nagyk\u00f6k\u00e9nyes K\u00f6zs\u00e9g \u00d6nkorm\u00e1nyzata","article_published_time":"2019-11-13T22:48:48+00:00","article_modified_time":"2019-12-09T18:48:16+00:00","og_image":[{"url":"http:\/\/nagykokenyes.hu\/wp-content\/uploads\/2019\/11\/mfp_logo.jpg","type":"","width":"","height":""}],"author":"Toldi-Media&amp;Web\u00a9","twitter_card":"summary_large_image","twitter_misc":{"Szerz\u0151:":"Toldi-Media&amp;Web\u00a9","Becs\u00fclt olvas\u00e1si id\u0151":"3 perc"},"schema":{"@context":"https:\/\/schema.org","@graph":[{"@type":"WebPage","@id":"https:\/\/nagykokenyes.hu\/?p=2140","url":"https:\/\/nagykokenyes.hu\/?p=2140","name":"Magyar Falu Program sikeres p\u00e1ly\u00e1zatai - Nagyk\u00f6k\u00e9nyes K\u00f6zs\u00e9g \u00d6nkorm\u00e1nyzata","isPartOf":{"@id":"https:\/\/nagykokenyes.hu\/#website"},"primaryImageOfPage":{"@id":"https:\/\/nagykokenyes.hu\/?p=2140#primaryimage"},"image":{"@id":"https:\/\/nagykokenyes.hu\/?p=2140#primaryimage"},"thumbnailUrl":"http:\/\/nagykokenyes.hu\/wp-content\/uploads\/2019\/11\/mfp_logo.jpg","datePublished":"2019-11-13T22:48:48+00:00","dateModified":"2019-12-09T18:48:16+00:00","author":{"@id":"https:\/\/nagykokenyes.hu\/#\/schema\/person\/ba2ba93c7c7503248716e2c9b3e03cb9"},"breadcrumb":{"@id":"https:\/\/nagykokenyes.hu\/?p=2140#breadcrumb"},"inLanguage":"hu","potentialAction":[{"@type":"ReadAction","target":["https:\/\/nagykokenyes.hu\/?p=2140"]}]},{"@type":"ImageObject","inLanguage":"hu","@id":"https:\/\/nagykokenyes.hu\/?p=2140#primaryimage","url":"http:\/\/nagykokenyes.hu\/wp-content\/uploads\/2019\/11\/mfp_logo.jpg","contentUrl":"http:\/\/nagykokenyes.hu\/wp-content\/uploads\/2019\/11\/mfp_logo.jpg"},{"@type":"BreadcrumbList","@id":"https:\/\/nagykokenyes.hu\/?p=2140#breadcrumb","itemListElement":[{"@type":"ListItem","position":1,"name":"Kezd\u0151lap","item":"https:\/\/nagykokenyes.hu\/"},{"@type":"ListItem","position":2,"name":"Magyar Falu Program sikeres p\u00e1ly\u00e1zatai"}]},{"@type":"WebSite","@id":"https:\/\/nagykokenyes.hu\/#website","url":"https:\/\/nagykokenyes.hu\/","name":"Nagyk\u00f6k\u00e9nyes K\u00f6zs\u00e9g \u00d6nkorm\u00e1nyzata","description":"","potentialAction":[{"@type":"SearchAction","target":{"@type":"EntryPoint","urlTemplate":"https:\/\/nagykokenyes.hu\/?s={search_term_string}"},"query-input":{"@type":"PropertyValueSpecification","valueRequired":true,"valueName":"search_term_string"}}],"inLanguage":"hu"},{"@type":"Person","@id":"https:\/\/nagykokenyes.hu\/#\/schema\/person\/ba2ba93c7c7503248716e2c9b3e03cb9","name":"Toldi-Media&amp;Web\u00a9","image":{"@type":"ImageObject","inLanguage":"hu","@id":"https:\/\/nagykokenyes.hu\/#\/schema\/person\/image\/","url":"https:\/\/secure.gravatar.com\/avatar\/2dac2571de4f37e90c24eb6e6ae2792d9014feeaa0958c550badf9cc9089b3f4?s=96&d=mm&r=g","contentUrl":"https:\/\/secure.gravatar.com\/avatar\/2dac2571de4f37e90c24eb6e6ae2792d9014feeaa0958c550badf9cc9089b3f4?s=96&d=mm&r=g","caption":"Toldi-Media&amp;Web\u00a9"},"url":"https:\/\/nagykokenyes.hu\/?author=1"}]}},"_links":{"self":[{"href":"https:\/\/nagykokenyes.hu\/index.php?rest_route=\/wp\/v2\/posts\/2140","targetHints":{"allow":["GET"]}}],"collection":[{"href":"https:\/\/nagykokenyes.hu\/index.php?rest_route=\/wp\/v2\/posts"}],"about":[{"href":"https:\/\/nagykokenyes.hu\/index.php?rest_route=\/wp\/v2\/types\/post"}],"author":[{"embeddable":true,"href":"https:\/\/nagykokenyes.hu\/index.php?rest_route=\/wp\/v2\/users\/1"}],"replies":[{"embeddable":true,"href":"https:\/\/nagykokenyes.hu\/index.php?rest_route=%2Fwp%2Fv2%2Fcomments&post=2140"}],"version-history":[{"count":3,"href":"https:\/\/nagykokenyes.hu\/index.php?rest_route=\/wp\/v2\/posts\/2140\/revisions"}],"predecessor-version":[{"id":2289,"href":"https:\/\/nagykokenyes.hu\/index.php?rest_route=\/wp\/v2\/posts\/2140\/revisions\/2289"}],"wp:attachment":[{"href":"https:\/\/nagykokenyes.hu\/index.php?rest_route=%2Fwp%2Fv2%2Fmedia&parent=2140"}],"wp:term":[{"taxonomy":"category","embeddable":true,"href":"https:\/\/nagykokenyes.hu\/index.php?rest_route=%2Fwp%2Fv2%2Fcategories&post=2140"},{"taxonomy":"post_tag","embeddable":true,"href":"https:\/\/nagykokenyes.hu\/index.php?rest_route=%2Fwp%2Fv2%2Ftags&post=2140"}],"curies":[{"name":"wp","href":"https:\/\/api.w.org\/{rel}","templated":true}]}}