{"id":2143,"date":"2019-11-19T20:31:48","date_gmt":"2019-11-19T20:31:48","guid":{"rendered":"http:\/\/nagykokenyes.hu\/?p=2143"},"modified":"2019-11-19T20:31:48","modified_gmt":"2019-11-19T20:31:48","slug":"publikacio","status":"publish","type":"post","link":"https:\/\/nagykokenyes.hu\/?p=2143","title":{"rendered":"Publik\u00e1ci\u00f3"},"content":{"rendered":"<p style=\"text-align: justify;\"><strong>Az Orsz\u00e1gos Orvosi \u00dcgyelet Nonprofit Kft. IV. negyed \u00e9ves publik\u00e1ci\u00f3ja<\/strong><\/p>\n<figure id=\"attachment_2144\" aria-describedby=\"caption-attachment-2144\" style=\"width: 275px\" class=\"wp-caption alignleft\"><a href=\"http:\/\/nagykokenyes.hu\/wp-content\/uploads\/2019\/11\/sport.jpg\"><img loading=\"lazy\" decoding=\"async\" class=\"wp-image-2144 size-full\" src=\"http:\/\/nagykokenyes.hu\/wp-content\/uploads\/2019\/11\/sport.jpg\" alt=\"\" width=\"275\" height=\"183\" \/><\/a><figcaption id=\"caption-attachment-2144\" class=\"wp-caption-text\">A sport a legjobb m\u00f3dszer a kikapcsol\u00f3d\u00e1sra!<\/figcaption><\/figure>\n<p style=\"text-align: justify;\">\n<p style=\"text-align: justify;\">Jelen publik\u00e1ci\u00f3nk c\u00e9lja a lakoss\u00e1g eg\u00e9szs\u00e9gtudatoss\u00e1g\u00e1nak fejleszt\u00e9se. Tekintettel a k\u00f6zelg\u0151 hossz\u00fa Kar\u00e1csonyi \u00fcnnepekre fontosnak tartjuk, hogy a lakoss\u00e1g figyelm\u00e9t felh\u00edvjuk a folyamatos gy\u00f3gyszerell\u00e1t\u00e1s fontoss\u00e1g\u00e1ra \u00e9s ezzel egy id\u0151ben a h\u00e1ziorvosi rendel\u00e9sek korl\u00e1tozott nyitva tart\u00e1s\u00e1ra, melyek \u00f6sszess\u00e9g\u00e9ben kihatnak az orvosi \u00fcgyelet leterhelts\u00e9g\u00e9re is.<\/p>\n<p style=\"text-align: justify;\">Tov\u00e1bb\u00e1 jelen publik\u00e1ci\u00f3nkkal m\u00e9g egy fontos t\u00e9m\u00e1t szeretn\u00e9nk \u00e9rinteni, m\u00e9gpedig a t\u00e9li h\u00f3napokban jelentkez\u0151 depresszi\u00f3 t\u00fcneteir\u0151l, kezel\u00e9s\u00e9r\u0151l \u00e9s megel\u0151z\u00e9s\u00e9r\u0151l k\u00edv\u00e1nunk t\u00e1j\u00e9koztat\u00e1st ny\u00fajtani.<\/p>\n<p style=\"text-align: justify;\"><strong>Gy\u00f3gyszerfel\u00edr\u00e1s <\/strong><\/p>\n<p style=\"text-align: justify;\">Ezen terhelt id\u0151szak alatt egy\u00e9bk\u00e9nt is megn\u0151 a betegforgalom \u00fcgyeleteinken, ez\u00e9rt k\u00fcl\u00f6n\u00f6sen fontos, hogy az orvosi \u00fcgyeleten val\u00f3ban csak a s\u00fcrg\u0151s esetek ker\u00fcljenek ell\u00e1t\u00e1sra, s a h\u00e1ziorvosi kompetenci\u00e1ba tartoz\u00f3 feladatok h\u00e1ziorvosi rendel\u00e9si id\u0151ben ker\u00fcljenek elv\u00e9gz\u00e9sre a biztons\u00e1gos betegell\u00e1t\u00e1s fenntarthat\u00f3s\u00e1ga \u00e9s a s\u00fcrg\u0151ss\u00e9gi esetek zavartalan ell\u00e1t\u00e1sa \u00e9rdek\u00e9ben.\u00a0 Fentiek \u00e9rdek\u00e9ben tisztelettel k\u00e9rem, sz\u00edveskedjenek t\u00e1j\u00e9koz\u00f3dni a h\u00e1ziorvosi rendel\u00e9sek \u00fcnnepek alatti m\u0171k\u00f6d\u00e9si rendj\u00e9r\u0151l, annak \u00e9rdek\u00e9ben, hogy a sz\u00fcks\u00e9ges gy\u00f3gyszereiket m\u00e9g \u00fcnnepek el\u0151tt a h\u00e1ziorvosi rendel\u00e9seken fel tudj\u00e1k \u00edratni.<\/p>\n<p style=\"text-align: justify;\">Term\u00e9szetesen az orvosi \u00fcgyeletben szolg\u00e1latot teljes\u00edt\u0151 \u00fcgyeletes orvos sz\u00fcks\u00e9g eset\u00e9n ell\u00e1tja a panasszal \u00e9rkez\u0151 lakosokat. Jelen felh\u00edv\u00e1ssal az a c\u00e9lunk, hogy a h\u00e1ziorvosi kompetenci\u00e1ba tartoz\u00f3 feladatok elv\u00e9gz\u00e9s\u00e9vel ne terhelj\u00fck az \u00fcgyeleti team munk\u00e1j\u00e1t a hossz\u00fa, s am\u00fagy is terhelt \u00fcnnepi id\u0151szak alatt, s csak a val\u00f3ban indokolt, s\u00fcrg\u0151s ell\u00e1t\u00e1sokra tudjanak koncentr\u00e1lni k\u00f6zrem\u0171k\u00f6d\u0151ink.<\/p>\n<p style=\"text-align: justify;\"><strong>T\u00e9li Depresszi\u00f3<\/strong><\/p>\n<p style=\"text-align: justify;\">A t\u00e9li depresszi\u00f3 spektrumbetegs\u00e9g, a t\u00fcnetek intenzit\u00e1sa sz\u00e9les sk\u00e1l\u00e1n mozoghat. \u00c1lland\u00f3 f\u00e1rad\u00e9konys\u00e1g, leverts\u00e9g, kedvetlens\u00e9g, beh\u00faz\u00f3dotts\u00e1g, ingerl\u00e9kenys\u00e9g, d\u00f6nt\u00e9sk\u00e9ptelens\u00e9g, koncentr\u00e1ci\u00f3s neh\u00e9zs\u00e9gek, hirtelen \u00e9s jelent\u0151s tests\u00falyv\u00e1ltoz\u00e1s \u2013 ebben az esetben s\u00falygyarapod\u00e1s -, \u00f6nv\u00e1d, s\u00falyosabb esetekben az \u00e9rdekl\u0151d\u00e9s elveszt\u00e9se. Fontos tudni, hogy a t\u00e9li depresszi\u00f3 csak egyike a lehangolts\u00e1ggal j\u00e1r\u00f3 hangulati betegs\u00e9geknek. A depressz\u00edv t\u00fcnetek \u00e9s depresszi\u00f3val j\u00e1r\u00f3 pszich\u00e9s betegs\u00e9gek t\u00f6bbs\u00e9ge nem \u00e9vszakhoz k\u00f6t\u00f6tt. Az \u0151sszel, t\u00e9l elej\u00e9n jelentkez\u0151 depressz\u00edv t\u00fcnetek eset\u00e9n is indokolt a diagn\u00f3zis k\u00f6r\u00fcltekint\u0151 fel\u00e1ll\u00edt\u00e1sa.<\/p>\n<p style=\"text-align: justify;\">A t\u00fcnetek jellemz\u0151en okt\u00f3ber v\u00e9g\u00e9n, november elej\u00e9n jelentkeznek minden \u00e9vben, \u00e9s k\u00f6vetkez\u0151 \u00e9v tavasz\u00e1val sz\u0171nnek meg. A t\u00fcnetek s\u00falyoss\u00e1ga elt\u00e9r\u0151 lehet. Aktu\u00e1lis \u00e9letesem\u00e9nyek, lelki t\u00f6rt\u00e9n\u00e9sek, az \u00e1t\u00e9lt stressz mennyis\u00e9ge \u00e9pp\u00fagy befoly\u00e1solhatj\u00e1k, mint az \u0151sszel m\u00e9rt naps\u00fct\u00e9ses \u00f3r\u00e1k sz\u00e1ma. A depresszi\u00f3 komoly betegs\u00e9g, nem lustas\u00e1g, nem egyszer\u0171 rosszkedv, ez\u00e9rt a kezel\u00e9s\u00e9t is komolyan kell venni.<\/p>\n<p style=\"text-align: justify;\">Az \u00fcnnepek k\u00f6zeledt\u00e9vel az id\u0151s, elhagyatott, valamint depresszi\u00f3ra hajlamos szem\u00e9lyek eset\u00e9ben fokozottan oda kell figyelni a fentebb felsorolt t\u00fcnetek megjelen\u00e9s\u00e9re, hiszen ezen szem\u00e9lyek ilyenkor m\u00e9g ink\u00e1bb egyed\u00fcl \u00e9rezhetik magukat, \u00e9s m\u00e9g t\u00f6bb t\u00e1mogat\u00e1sra v\u00e1gyhatnak. Ha \u00d6nnek, vagy a hozz\u00e1tartoz\u00f3j\u00e1nak van ilyen ismer\u0151se, akkor aj\u00e1nlatos ebben az id\u0151szakban nagyobb figyelmet szentelni neki.<\/p>\n<p style=\"text-align: justify;\">Amennyiben \u00d6n is egyed\u00fcl \u00e9l\u0151 szem\u00e9ly \u00e9s nincs olyan csal\u00e1dtagja vagy bar\u00e1tja, akire sz\u00e1m\u00edthatna \u00e9rdemes szakemberhez fordulni, vagy valamilyen Szoci\u00e1lis Szervezetet felkeresni a depresszi\u00f3 elker\u00fcl\u00e9s\u00e9nek \u00e9rdek\u00e9ben.<\/p>\n<p style=\"text-align: justify;\"><strong><u>A t\u00e9li depresszi\u00f3 legjellemz\u0151bb t\u00fcnetei<\/u><\/strong><\/p>\n<ul style=\"text-align: justify;\">\n<li>Megn\u00f6vekedett alv\u00e1sig\u00e9ny \u00e1lland\u00f3 f\u00e1radts\u00e1g\u00e9rzet.<\/li>\n<li>Bor\u00fas hangulat, negat\u00edv gondolatok, s\u00f6t\u00e9t j\u00f6v\u0151k\u00e9p.<\/li>\n<li>Fokozott sz\u00e9nhidr\u00e1tbevitel \u00e9rdekl\u0151d\u00e9s besz\u0171k\u00fcl\u00e9se.<\/li>\n<li>Visszah\u00faz\u00f3d\u00e1s a t\u00e1rsas- \u00e9s p\u00e1rkapcsolatokb\u00f3l.<\/li>\n<li>Cs\u00f6kken\u0151 koncentr\u00e1ci\u00f3sk\u00e9szs\u00e9g \u00e9s munkateljes\u00edtm\u00e9ny fesz\u00fclts\u00e9gek.<\/li>\n<li>Mozg\u00e1sszervi panaszok.<\/li>\n<li>Pszichoszomatikus betegs\u00e9gek immunrendszer gyenges\u00e9ge.<\/li>\n<li>\u00c9rzelmi zavarok.<\/li>\n<li>Testi f\u00e1jdalom vagy rossz \u00e9rz\u00e9s, fej- vagy h\u00e1tf\u00e1j\u00e1s, sz\u00e1jsz\u00e1razs\u00e1g, sz\u00e9kreked\u00e9s.<\/li>\n<li>Szorong\u00e1s.<\/li>\n<li>Rem\u00e9nytelens\u00e9g \u00e9rz\u00e9se.<\/li>\n<\/ul>\n<p style=\"text-align: justify;\"><strong>Hogyan kezelhetj\u00fck hat\u00e1sosan a depresszi\u00f3t?<\/strong> \u00c1ltal\u00e1ban a k\u00fcl\u00f6nb\u00f6z\u0151 ter\u00e1pi\u00e1k egy\u00fcttes alkalmaz\u00e1sa a legc\u00e9lravezet\u0151bb. A t\u00e9li depresszi\u00f3ban a leghat\u00e9konyabb a f\u00e9nyter\u00e1pia, a gy\u00f3gyszeres ter\u00e1pia &#8211; hangulatjav\u00edt\u00f3 gy\u00f3gyszerek, \u00fagynevezett antidepressz\u00e1nsok &#8211; \u00e9s a pszichoter\u00e1pia egy\u00fcttes alkalmaz\u00e1sa.<\/p>\n<p style=\"text-align: justify;\">A depresszi\u00f3 megel\u0151z\u00e9s\u00e9nek alapvet\u0151 szempontjai:<\/p>\n<ul style=\"text-align: justify;\">\n<li>\u00c9tkezzen eg\u00e9szs\u00e9gesen, fogyasszon kevesebb cukrot, t\u00f6bb gy\u00fcm\u00f6lcs\u00f6t.<\/li>\n<li>\u00c1polja tudatosan szoci\u00e1lis kapcsolatait, j\u00e1rjon t\u00e1rsas\u00e1gba.<\/li>\n<li>Akt\u00edv kikapcsol\u00f3d\u00e1s, a sport is sokat seg\u00edt.<\/li>\n<li>Induljon hossz\u00fa s\u00e9t\u00e1kra, f\u0151leg a d\u00e9lel\u0151tti \u00f3r\u00e1kban.<\/li>\n<li>Szervezzen bar\u00e1taival, csal\u00e1dj\u00e1val h\u00e9tv\u00e9gi kir\u00e1ndul\u00e1sokat, hogy felt\u00f6lt\u0151dj\u00f6n.<\/li>\n<li>K\u00f6sse le a figyelm\u00e9t olyan tev\u00e9kenys\u00e9gekkel, amik \u00f6r\u00f6mmel t\u00f6ltik el.<\/li>\n<li>T\u00f6rekedj\u00fcnk a stresszhelyzetek megold\u00e1s\u00e1ra, illetve elker\u00fcl\u00e9s\u00e9re, a fesz\u00fclts\u00e9gek old\u00e1s\u00e1ra.<\/li>\n<li>Igyekezz\u00fcnk napi ritmusunkat szab\u00e1lyozni, biztos\u00edtsunk id\u0151t a sport mellett a megn\u00f6vekedett alv\u00e1sig\u00e9ny kiel\u00e9g\u00edt\u00e9s\u00e9re.<\/li>\n<li>Ha mindez m\u00e9gsem el\u00e9g, \u00e9rdemes <a href=\"https:\/\/www.hazipatika.com\/psziche\/depresszio\/cikkek\/kezeles\/mit_tekinthetunk_sikeres_depresszio-terapianak\/20090319135154\">pszichi\u00e1ter<\/a> szakorvossal konzult\u00e1lni a konkr\u00e9t ter\u00e1pi\u00e1s lehet\u0151s\u00e9gekr\u0151l.<\/li>\n<\/ul>\n","protected":false},"excerpt":{"rendered":"<p>Az Orsz\u00e1gos Orvosi \u00dcgyelet Nonprofit Kft. IV. negyed \u00e9ves publik\u00e1ci\u00f3ja Jelen publik\u00e1ci\u00f3nk c\u00e9lja a lakoss\u00e1g eg\u00e9szs\u00e9gtudatoss\u00e1g\u00e1nak fejleszt\u00e9se. Tekintettel a k\u00f6zelg\u0151 hossz\u00fa Kar\u00e1csonyi \u00fcnnepekre fontosnak tartjuk, hogy a lakoss\u00e1g figyelm\u00e9t felh\u00edvjuk a folyamatos gy\u00f3gyszerell\u00e1t\u00e1s fontoss\u00e1g\u00e1ra \u00e9s ezzel egy id\u0151ben a h\u00e1ziorvosi rendel\u00e9sek korl\u00e1tozott nyitva tart\u00e1s\u00e1ra, melyek \u00f6sszess\u00e9g\u00e9ben kihatnak az orvosi \u00fcgyelet leterhelts\u00e9g\u00e9re is. Tov\u00e1bb\u00e1 jelen publik\u00e1ci\u00f3nkkal [&hellip;]<\/p>\n","protected":false},"author":1,"featured_media":0,"comment_status":"closed","ping_status":"closed","sticky":false,"template":"","format":"standard","meta":{"footnotes":""},"categories":[1],"tags":[],"class_list":["post-2143","post","type-post","status-publish","format-standard","hentry","category-egyeb"],"yoast_head":"<!-- This site is optimized with the Yoast SEO plugin v26.5 - https:\/\/yoast.com\/wordpress\/plugins\/seo\/ -->\n<title>Publik\u00e1ci\u00f3 - Nagyk\u00f6k\u00e9nyes K\u00f6zs\u00e9g \u00d6nkorm\u00e1nyzata<\/title>\n<meta name=\"robots\" content=\"index, follow, max-snippet:-1, max-image-preview:large, max-video-preview:-1\" \/>\n<link rel=\"canonical\" href=\"https:\/\/nagykokenyes.hu\/?p=2143\" \/>\n<meta property=\"og:locale\" content=\"hu_HU\" \/>\n<meta property=\"og:type\" content=\"article\" \/>\n<meta property=\"og:title\" content=\"Publik\u00e1ci\u00f3 - Nagyk\u00f6k\u00e9nyes K\u00f6zs\u00e9g \u00d6nkorm\u00e1nyzata\" \/>\n<meta property=\"og:description\" content=\"Az Orsz\u00e1gos Orvosi \u00dcgyelet Nonprofit Kft. IV. negyed \u00e9ves publik\u00e1ci\u00f3ja Jelen publik\u00e1ci\u00f3nk c\u00e9lja a lakoss\u00e1g eg\u00e9szs\u00e9gtudatoss\u00e1g\u00e1nak fejleszt\u00e9se. Tekintettel a k\u00f6zelg\u0151 hossz\u00fa Kar\u00e1csonyi \u00fcnnepekre fontosnak tartjuk, hogy a lakoss\u00e1g figyelm\u00e9t felh\u00edvjuk a folyamatos gy\u00f3gyszerell\u00e1t\u00e1s fontoss\u00e1g\u00e1ra \u00e9s ezzel egy id\u0151ben a h\u00e1ziorvosi rendel\u00e9sek korl\u00e1tozott nyitva tart\u00e1s\u00e1ra, melyek \u00f6sszess\u00e9g\u00e9ben kihatnak az orvosi \u00fcgyelet leterhelts\u00e9g\u00e9re is. Tov\u00e1bb\u00e1 jelen publik\u00e1ci\u00f3nkkal [&hellip;]\" \/>\n<meta property=\"og:url\" content=\"https:\/\/nagykokenyes.hu\/?p=2143\" \/>\n<meta property=\"og:site_name\" content=\"Nagyk\u00f6k\u00e9nyes K\u00f6zs\u00e9g \u00d6nkorm\u00e1nyzata\" \/>\n<meta property=\"article:published_time\" content=\"2019-11-19T20:31:48+00:00\" \/>\n<meta property=\"og:image\" content=\"http:\/\/nagykokenyes.hu\/wp-content\/uploads\/2019\/11\/sport.jpg\" \/>\n<meta name=\"author\" content=\"Toldi-Media&amp;Web\u00a9\" \/>\n<meta name=\"twitter:card\" content=\"summary_large_image\" \/>\n<meta name=\"twitter:label1\" content=\"Szerz\u0151:\" \/>\n\t<meta name=\"twitter:data1\" content=\"Toldi-Media&amp;Web\u00a9\" \/>\n\t<meta name=\"twitter:label2\" content=\"Becs\u00fclt olvas\u00e1si id\u0151\" \/>\n\t<meta name=\"twitter:data2\" content=\"5 perc\" \/>\n<script type=\"application\/ld+json\" class=\"yoast-schema-graph\">{\"@context\":\"https:\/\/schema.org\",\"@graph\":[{\"@type\":\"WebPage\",\"@id\":\"https:\/\/nagykokenyes.hu\/?p=2143\",\"url\":\"https:\/\/nagykokenyes.hu\/?p=2143\",\"name\":\"Publik\u00e1ci\u00f3 - Nagyk\u00f6k\u00e9nyes K\u00f6zs\u00e9g \u00d6nkorm\u00e1nyzata\",\"isPartOf\":{\"@id\":\"https:\/\/nagykokenyes.hu\/#website\"},\"primaryImageOfPage\":{\"@id\":\"https:\/\/nagykokenyes.hu\/?p=2143#primaryimage\"},\"image\":{\"@id\":\"https:\/\/nagykokenyes.hu\/?p=2143#primaryimage\"},\"thumbnailUrl\":\"http:\/\/nagykokenyes.hu\/wp-content\/uploads\/2019\/11\/sport.jpg\",\"datePublished\":\"2019-11-19T20:31:48+00:00\",\"author\":{\"@id\":\"https:\/\/nagykokenyes.hu\/#\/schema\/person\/ba2ba93c7c7503248716e2c9b3e03cb9\"},\"breadcrumb\":{\"@id\":\"https:\/\/nagykokenyes.hu\/?p=2143#breadcrumb\"},\"inLanguage\":\"hu\",\"potentialAction\":[{\"@type\":\"ReadAction\",\"target\":[\"https:\/\/nagykokenyes.hu\/?p=2143\"]}]},{\"@type\":\"ImageObject\",\"inLanguage\":\"hu\",\"@id\":\"https:\/\/nagykokenyes.hu\/?p=2143#primaryimage\",\"url\":\"http:\/\/nagykokenyes.hu\/wp-content\/uploads\/2019\/11\/sport.jpg\",\"contentUrl\":\"http:\/\/nagykokenyes.hu\/wp-content\/uploads\/2019\/11\/sport.jpg\"},{\"@type\":\"BreadcrumbList\",\"@id\":\"https:\/\/nagykokenyes.hu\/?p=2143#breadcrumb\",\"itemListElement\":[{\"@type\":\"ListItem\",\"position\":1,\"name\":\"Kezd\u0151lap\",\"item\":\"https:\/\/nagykokenyes.hu\/\"},{\"@type\":\"ListItem\",\"position\":2,\"name\":\"Publik\u00e1ci\u00f3\"}]},{\"@type\":\"WebSite\",\"@id\":\"https:\/\/nagykokenyes.hu\/#website\",\"url\":\"https:\/\/nagykokenyes.hu\/\",\"name\":\"Nagyk\u00f6k\u00e9nyes K\u00f6zs\u00e9g \u00d6nkorm\u00e1nyzata\",\"description\":\"\",\"potentialAction\":[{\"@type\":\"SearchAction\",\"target\":{\"@type\":\"EntryPoint\",\"urlTemplate\":\"https:\/\/nagykokenyes.hu\/?s={search_term_string}\"},\"query-input\":{\"@type\":\"PropertyValueSpecification\",\"valueRequired\":true,\"valueName\":\"search_term_string\"}}],\"inLanguage\":\"hu\"},{\"@type\":\"Person\",\"@id\":\"https:\/\/nagykokenyes.hu\/#\/schema\/person\/ba2ba93c7c7503248716e2c9b3e03cb9\",\"name\":\"Toldi-Media&amp;Web\u00a9\",\"image\":{\"@type\":\"ImageObject\",\"inLanguage\":\"hu\",\"@id\":\"https:\/\/nagykokenyes.hu\/#\/schema\/person\/image\/\",\"url\":\"https:\/\/secure.gravatar.com\/avatar\/2dac2571de4f37e90c24eb6e6ae2792d9014feeaa0958c550badf9cc9089b3f4?s=96&d=mm&r=g\",\"contentUrl\":\"https:\/\/secure.gravatar.com\/avatar\/2dac2571de4f37e90c24eb6e6ae2792d9014feeaa0958c550badf9cc9089b3f4?s=96&d=mm&r=g\",\"caption\":\"Toldi-Media&amp;Web\u00a9\"},\"url\":\"https:\/\/nagykokenyes.hu\/?author=1\"}]}<\/script>\n<!-- \/ Yoast SEO plugin. -->","yoast_head_json":{"title":"Publik\u00e1ci\u00f3 - Nagyk\u00f6k\u00e9nyes K\u00f6zs\u00e9g \u00d6nkorm\u00e1nyzata","robots":{"index":"index","follow":"follow","max-snippet":"max-snippet:-1","max-image-preview":"max-image-preview:large","max-video-preview":"max-video-preview:-1"},"canonical":"https:\/\/nagykokenyes.hu\/?p=2143","og_locale":"hu_HU","og_type":"article","og_title":"Publik\u00e1ci\u00f3 - Nagyk\u00f6k\u00e9nyes K\u00f6zs\u00e9g \u00d6nkorm\u00e1nyzata","og_description":"Az Orsz\u00e1gos Orvosi \u00dcgyelet Nonprofit Kft. IV. negyed \u00e9ves publik\u00e1ci\u00f3ja Jelen publik\u00e1ci\u00f3nk c\u00e9lja a lakoss\u00e1g eg\u00e9szs\u00e9gtudatoss\u00e1g\u00e1nak fejleszt\u00e9se. Tekintettel a k\u00f6zelg\u0151 hossz\u00fa Kar\u00e1csonyi \u00fcnnepekre fontosnak tartjuk, hogy a lakoss\u00e1g figyelm\u00e9t felh\u00edvjuk a folyamatos gy\u00f3gyszerell\u00e1t\u00e1s fontoss\u00e1g\u00e1ra \u00e9s ezzel egy id\u0151ben a h\u00e1ziorvosi rendel\u00e9sek korl\u00e1tozott nyitva tart\u00e1s\u00e1ra, melyek \u00f6sszess\u00e9g\u00e9ben kihatnak az orvosi \u00fcgyelet leterhelts\u00e9g\u00e9re is. Tov\u00e1bb\u00e1 jelen publik\u00e1ci\u00f3nkkal [&hellip;]","og_url":"https:\/\/nagykokenyes.hu\/?p=2143","og_site_name":"Nagyk\u00f6k\u00e9nyes K\u00f6zs\u00e9g \u00d6nkorm\u00e1nyzata","article_published_time":"2019-11-19T20:31:48+00:00","og_image":[{"url":"http:\/\/nagykokenyes.hu\/wp-content\/uploads\/2019\/11\/sport.jpg","type":"","width":"","height":""}],"author":"Toldi-Media&amp;Web\u00a9","twitter_card":"summary_large_image","twitter_misc":{"Szerz\u0151:":"Toldi-Media&amp;Web\u00a9","Becs\u00fclt olvas\u00e1si id\u0151":"5 perc"},"schema":{"@context":"https:\/\/schema.org","@graph":[{"@type":"WebPage","@id":"https:\/\/nagykokenyes.hu\/?p=2143","url":"https:\/\/nagykokenyes.hu\/?p=2143","name":"Publik\u00e1ci\u00f3 - Nagyk\u00f6k\u00e9nyes K\u00f6zs\u00e9g \u00d6nkorm\u00e1nyzata","isPartOf":{"@id":"https:\/\/nagykokenyes.hu\/#website"},"primaryImageOfPage":{"@id":"https:\/\/nagykokenyes.hu\/?p=2143#primaryimage"},"image":{"@id":"https:\/\/nagykokenyes.hu\/?p=2143#primaryimage"},"thumbnailUrl":"http:\/\/nagykokenyes.hu\/wp-content\/uploads\/2019\/11\/sport.jpg","datePublished":"2019-11-19T20:31:48+00:00","author":{"@id":"https:\/\/nagykokenyes.hu\/#\/schema\/person\/ba2ba93c7c7503248716e2c9b3e03cb9"},"breadcrumb":{"@id":"https:\/\/nagykokenyes.hu\/?p=2143#breadcrumb"},"inLanguage":"hu","potentialAction":[{"@type":"ReadAction","target":["https:\/\/nagykokenyes.hu\/?p=2143"]}]},{"@type":"ImageObject","inLanguage":"hu","@id":"https:\/\/nagykokenyes.hu\/?p=2143#primaryimage","url":"http:\/\/nagykokenyes.hu\/wp-content\/uploads\/2019\/11\/sport.jpg","contentUrl":"http:\/\/nagykokenyes.hu\/wp-content\/uploads\/2019\/11\/sport.jpg"},{"@type":"BreadcrumbList","@id":"https:\/\/nagykokenyes.hu\/?p=2143#breadcrumb","itemListElement":[{"@type":"ListItem","position":1,"name":"Kezd\u0151lap","item":"https:\/\/nagykokenyes.hu\/"},{"@type":"ListItem","position":2,"name":"Publik\u00e1ci\u00f3"}]},{"@type":"WebSite","@id":"https:\/\/nagykokenyes.hu\/#website","url":"https:\/\/nagykokenyes.hu\/","name":"Nagyk\u00f6k\u00e9nyes K\u00f6zs\u00e9g \u00d6nkorm\u00e1nyzata","description":"","potentialAction":[{"@type":"SearchAction","target":{"@type":"EntryPoint","urlTemplate":"https:\/\/nagykokenyes.hu\/?s={search_term_string}"},"query-input":{"@type":"PropertyValueSpecification","valueRequired":true,"valueName":"search_term_string"}}],"inLanguage":"hu"},{"@type":"Person","@id":"https:\/\/nagykokenyes.hu\/#\/schema\/person\/ba2ba93c7c7503248716e2c9b3e03cb9","name":"Toldi-Media&amp;Web\u00a9","image":{"@type":"ImageObject","inLanguage":"hu","@id":"https:\/\/nagykokenyes.hu\/#\/schema\/person\/image\/","url":"https:\/\/secure.gravatar.com\/avatar\/2dac2571de4f37e90c24eb6e6ae2792d9014feeaa0958c550badf9cc9089b3f4?s=96&d=mm&r=g","contentUrl":"https:\/\/secure.gravatar.com\/avatar\/2dac2571de4f37e90c24eb6e6ae2792d9014feeaa0958c550badf9cc9089b3f4?s=96&d=mm&r=g","caption":"Toldi-Media&amp;Web\u00a9"},"url":"https:\/\/nagykokenyes.hu\/?author=1"}]}},"_links":{"self":[{"href":"https:\/\/nagykokenyes.hu\/index.php?rest_route=\/wp\/v2\/posts\/2143","targetHints":{"allow":["GET"]}}],"collection":[{"href":"https:\/\/nagykokenyes.hu\/index.php?rest_route=\/wp\/v2\/posts"}],"about":[{"href":"https:\/\/nagykokenyes.hu\/index.php?rest_route=\/wp\/v2\/types\/post"}],"author":[{"embeddable":true,"href":"https:\/\/nagykokenyes.hu\/index.php?rest_route=\/wp\/v2\/users\/1"}],"replies":[{"embeddable":true,"href":"https:\/\/nagykokenyes.hu\/index.php?rest_route=%2Fwp%2Fv2%2Fcomments&post=2143"}],"version-history":[{"count":4,"href":"https:\/\/nagykokenyes.hu\/index.php?rest_route=\/wp\/v2\/posts\/2143\/revisions"}],"predecessor-version":[{"id":2148,"href":"https:\/\/nagykokenyes.hu\/index.php?rest_route=\/wp\/v2\/posts\/2143\/revisions\/2148"}],"wp:attachment":[{"href":"https:\/\/nagykokenyes.hu\/index.php?rest_route=%2Fwp%2Fv2%2Fmedia&parent=2143"}],"wp:term":[{"taxonomy":"category","embeddable":true,"href":"https:\/\/nagykokenyes.hu\/index.php?rest_route=%2Fwp%2Fv2%2Fcategories&post=2143"},{"taxonomy":"post_tag","embeddable":true,"href":"https:\/\/nagykokenyes.hu\/index.php?rest_route=%2Fwp%2Fv2%2Ftags&post=2143"}],"curies":[{"name":"wp","href":"https:\/\/api.w.org\/{rel}","templated":true}]}}