{"id":2286,"date":"2019-12-09T18:45:39","date_gmt":"2019-12-09T18:45:39","guid":{"rendered":"http:\/\/nagykokenyes.hu\/?p=2286"},"modified":"2019-12-10T13:05:40","modified_gmt":"2019-12-10T13:05:40","slug":"magyar-falu-program-szolgalati-lakas-mfp-szl-2019","status":"publish","type":"post","link":"https:\/\/nagykokenyes.hu\/?p=2286","title":{"rendered":"Magyar Falu Program &#8211; Szolg\u00e1lati lak\u00e1s (MFP-SZL\/2019)"},"content":{"rendered":"<p style=\"text-align: justify;\"><strong><a href=\"http:\/\/nagykokenyes.hu\/wp-content\/uploads\/2019\/11\/mfp_logo.jpg\"><img loading=\"lazy\" decoding=\"async\" class=\"wp-image-2135 alignleft\" src=\"http:\/\/nagykokenyes.hu\/wp-content\/uploads\/2019\/11\/mfp_logo.jpg\" alt=\"\" width=\"246\" height=\"177\" \/><\/a>Kedvezm\u00e9nyezett neve:<\/strong> Nagyk\u00f6k\u00e9nyes K\u00f6zs\u00e9gi \u00d6nkorm\u00e1nyzat<\/p>\n<p style=\"text-align: justify;\"><strong>P\u00e1ly\u00e1zati felh\u00edv\u00e1s neve (k\u00f3dsz\u00e1ma): <\/strong>Magyar Falu Program &#8211; Szolg\u00e1lati lak\u00e1s (MFP-SZL\/2019)<\/p>\n<p style=\"text-align: justify;\"><strong>Projekt c\u00edme (azonos\u00edt\u00f3 sz\u00e1ma): <\/strong>Szolg\u00e1lati lak\u00e1s kialak\u00edt\u00e1sa Nagyk\u00f6k\u00e9nyes k\u00f6zs\u00e9gben (3031936319)<\/p>\n<p style=\"text-align: justify;\"><strong>Szerz\u0151d\u00f6tt t\u00e1mogat\u00e1s \u00f6sszege: <\/strong>10.240.944<strong>,<\/strong>&#8211; Ft<\/p>\n<p style=\"text-align: justify;\"><strong>T\u00e1mogat\u00e1s m\u00e9rt\u00e9ke:<\/strong> 100%<\/p>\n<p><!--more--><\/p>\n<p style=\"text-align: justify;\"><strong>A projekt tartalm\u00e1nak r\u00f6vid bemutat\u00e1sa: <\/strong>Nagyk\u00f6k\u00e9nyes K\u00f6zs\u00e9gi \u00d6nkorm\u00e1nyzat a Magyar Falu Program &#8222;Szolg\u00e1lati lak\u00e1s&#8221; alprogramja keret\u00e9ben a Nagyk\u00f6k\u00e9nyes, T\u00e1ncsics \u00fat 26. sz\u00e1m alatti \u00f6nkorm\u00e1nyzati tulajdonban l\u00e9vo\u030b, jelenleg kihaszn\u00e1latlani ingatlan szolg\u00e1lati lak\u00e1ss\u00e1 alak\u00edt\u00e1s\u00e1t k\u00edv\u00e1nja megval\u00f3s\u00edtani. A tervezett fel\u00faj\u00edt\u00e1s sor\u00e1n megt\u00f6rt\u00e9nik az el\u00f6regedett teto\u030bl\u00e9cez\u00e9s \u00e9s deszk\u00e1zat, a k\u00f6to\u030bgerend\u00e1k \u00e9s szaruf\u00e1k cser\u00e9je. A megl\u00e9vo\u030b, rossz \u00e1llapot\u00fa vakolat lever\u00e9se ut\u00e1n \u00faj homlokzati alapvakolatot kap az \u00e9p\u00fclet. Az el\u00e1zott r\u00e9szeken szakaszos al\u00e1falaz\u00e1s k\u00e9sz\u00fcl. Az elavult szerkezetu\u030b homlokzati ny\u00edl\u00e1sz\u00e1r\u00f3k hely\u00e9re \u00faj, ho\u030bszigetelt mu\u030banyag ny\u00edl\u00e1sz\u00e1r\u00f3k ker\u00fclnek be\u00e9p\u00edt\u00e9sre. A belt\u00e9rben sor ker\u00fcl a falak fest\u00e9s\u00e9re, a belso\u030b fafel\u00fcletek m\u00e1zol\u00e1s\u00e1ra. Megt\u00f6rt\u00e9nik az elektromos h\u00e1l\u00f3zat korszeru\u030bs\u00edt\u00e9se. A mosd\u00f3 \u00e9s WC vonatkoz\u00e1s\u00e1ban \u00faj porcel\u00e1n mosd\u00f3 \u00e9s WC cs\u00e9sze ker\u00fcl felszerel\u00e9sre a csatlakoz\u00f3 szerelv\u00e9nyekkel, PVC lefoly\u00f3vezet\u00e9k szerel\u00e9s\u00e9vel.<\/p>\n<p style=\"text-align: justify;\"><strong>A projekt legk\u00e9s\u0151bbi befejez\u00e9si d\u00e1tuma: <\/strong>2021.05.31.<\/p>\n","protected":false},"excerpt":{"rendered":"<p>Kedvezm\u00e9nyezett neve: Nagyk\u00f6k\u00e9nyes K\u00f6zs\u00e9gi \u00d6nkorm\u00e1nyzat P\u00e1ly\u00e1zati felh\u00edv\u00e1s neve (k\u00f3dsz\u00e1ma): Magyar Falu Program &#8211; Szolg\u00e1lati lak\u00e1s (MFP-SZL\/2019) Projekt c\u00edme (azonos\u00edt\u00f3 sz\u00e1ma): Szolg\u00e1lati lak\u00e1s kialak\u00edt\u00e1sa Nagyk\u00f6k\u00e9nyes k\u00f6zs\u00e9gben (3031936319) Szerz\u0151d\u00f6tt t\u00e1mogat\u00e1s \u00f6sszege: 10.240.944,&#8211; Ft T\u00e1mogat\u00e1s m\u00e9rt\u00e9ke: 100%<\/p>\n","protected":false},"author":1,"featured_media":0,"comment_status":"closed","ping_status":"closed","sticky":false,"template":"","format":"standard","meta":{"footnotes":""},"categories":[1],"tags":[],"class_list":["post-2286","post","type-post","status-publish","format-standard","hentry","category-egyeb"],"yoast_head":"<!-- This site is optimized with the Yoast SEO plugin v26.5 - https:\/\/yoast.com\/wordpress\/plugins\/seo\/ -->\n<title>Magyar Falu Program - Szolg\u00e1lati lak\u00e1s (MFP-SZL\/2019) - Nagyk\u00f6k\u00e9nyes K\u00f6zs\u00e9g \u00d6nkorm\u00e1nyzata<\/title>\n<meta name=\"robots\" content=\"index, follow, max-snippet:-1, max-image-preview:large, max-video-preview:-1\" \/>\n<link rel=\"canonical\" href=\"https:\/\/nagykokenyes.hu\/?p=2286\" \/>\n<meta property=\"og:locale\" content=\"hu_HU\" \/>\n<meta property=\"og:type\" content=\"article\" \/>\n<meta property=\"og:title\" content=\"Magyar Falu Program - Szolg\u00e1lati lak\u00e1s (MFP-SZL\/2019) - Nagyk\u00f6k\u00e9nyes K\u00f6zs\u00e9g \u00d6nkorm\u00e1nyzata\" \/>\n<meta property=\"og:description\" content=\"Kedvezm\u00e9nyezett neve: Nagyk\u00f6k\u00e9nyes K\u00f6zs\u00e9gi \u00d6nkorm\u00e1nyzat P\u00e1ly\u00e1zati felh\u00edv\u00e1s neve (k\u00f3dsz\u00e1ma): Magyar Falu Program &#8211; Szolg\u00e1lati lak\u00e1s (MFP-SZL\/2019) Projekt c\u00edme (azonos\u00edt\u00f3 sz\u00e1ma): Szolg\u00e1lati lak\u00e1s kialak\u00edt\u00e1sa Nagyk\u00f6k\u00e9nyes k\u00f6zs\u00e9gben (3031936319) Szerz\u0151d\u00f6tt t\u00e1mogat\u00e1s \u00f6sszege: 10.240.944,&#8211; Ft T\u00e1mogat\u00e1s m\u00e9rt\u00e9ke: 100%\" \/>\n<meta property=\"og:url\" content=\"https:\/\/nagykokenyes.hu\/?p=2286\" \/>\n<meta property=\"og:site_name\" content=\"Nagyk\u00f6k\u00e9nyes K\u00f6zs\u00e9g \u00d6nkorm\u00e1nyzata\" \/>\n<meta property=\"article:published_time\" content=\"2019-12-09T18:45:39+00:00\" \/>\n<meta property=\"article:modified_time\" content=\"2019-12-10T13:05:40+00:00\" \/>\n<meta property=\"og:image\" content=\"http:\/\/nagykokenyes.hu\/wp-content\/uploads\/2019\/11\/mfp_logo.jpg\" \/>\n<meta name=\"author\" content=\"Toldi-Media&amp;Web\u00a9\" \/>\n<meta name=\"twitter:card\" content=\"summary_large_image\" \/>\n<meta name=\"twitter:label1\" content=\"Szerz\u0151:\" \/>\n\t<meta name=\"twitter:data1\" content=\"Toldi-Media&amp;Web\u00a9\" \/>\n\t<meta name=\"twitter:label2\" content=\"Becs\u00fclt olvas\u00e1si id\u0151\" \/>\n\t<meta name=\"twitter:data2\" content=\"1 perc\" \/>\n<script type=\"application\/ld+json\" class=\"yoast-schema-graph\">{\"@context\":\"https:\/\/schema.org\",\"@graph\":[{\"@type\":\"WebPage\",\"@id\":\"https:\/\/nagykokenyes.hu\/?p=2286\",\"url\":\"https:\/\/nagykokenyes.hu\/?p=2286\",\"name\":\"Magyar Falu Program - Szolg\u00e1lati lak\u00e1s (MFP-SZL\/2019) - Nagyk\u00f6k\u00e9nyes K\u00f6zs\u00e9g \u00d6nkorm\u00e1nyzata\",\"isPartOf\":{\"@id\":\"https:\/\/nagykokenyes.hu\/#website\"},\"primaryImageOfPage\":{\"@id\":\"https:\/\/nagykokenyes.hu\/?p=2286#primaryimage\"},\"image\":{\"@id\":\"https:\/\/nagykokenyes.hu\/?p=2286#primaryimage\"},\"thumbnailUrl\":\"http:\/\/nagykokenyes.hu\/wp-content\/uploads\/2019\/11\/mfp_logo.jpg\",\"datePublished\":\"2019-12-09T18:45:39+00:00\",\"dateModified\":\"2019-12-10T13:05:40+00:00\",\"author\":{\"@id\":\"https:\/\/nagykokenyes.hu\/#\/schema\/person\/ba2ba93c7c7503248716e2c9b3e03cb9\"},\"breadcrumb\":{\"@id\":\"https:\/\/nagykokenyes.hu\/?p=2286#breadcrumb\"},\"inLanguage\":\"hu\",\"potentialAction\":[{\"@type\":\"ReadAction\",\"target\":[\"https:\/\/nagykokenyes.hu\/?p=2286\"]}]},{\"@type\":\"ImageObject\",\"inLanguage\":\"hu\",\"@id\":\"https:\/\/nagykokenyes.hu\/?p=2286#primaryimage\",\"url\":\"http:\/\/nagykokenyes.hu\/wp-content\/uploads\/2019\/11\/mfp_logo.jpg\",\"contentUrl\":\"http:\/\/nagykokenyes.hu\/wp-content\/uploads\/2019\/11\/mfp_logo.jpg\"},{\"@type\":\"BreadcrumbList\",\"@id\":\"https:\/\/nagykokenyes.hu\/?p=2286#breadcrumb\",\"itemListElement\":[{\"@type\":\"ListItem\",\"position\":1,\"name\":\"Kezd\u0151lap\",\"item\":\"https:\/\/nagykokenyes.hu\/\"},{\"@type\":\"ListItem\",\"position\":2,\"name\":\"Magyar Falu Program &#8211; Szolg\u00e1lati lak\u00e1s (MFP-SZL\/2019)\"}]},{\"@type\":\"WebSite\",\"@id\":\"https:\/\/nagykokenyes.hu\/#website\",\"url\":\"https:\/\/nagykokenyes.hu\/\",\"name\":\"Nagyk\u00f6k\u00e9nyes K\u00f6zs\u00e9g \u00d6nkorm\u00e1nyzata\",\"description\":\"\",\"potentialAction\":[{\"@type\":\"SearchAction\",\"target\":{\"@type\":\"EntryPoint\",\"urlTemplate\":\"https:\/\/nagykokenyes.hu\/?s={search_term_string}\"},\"query-input\":{\"@type\":\"PropertyValueSpecification\",\"valueRequired\":true,\"valueName\":\"search_term_string\"}}],\"inLanguage\":\"hu\"},{\"@type\":\"Person\",\"@id\":\"https:\/\/nagykokenyes.hu\/#\/schema\/person\/ba2ba93c7c7503248716e2c9b3e03cb9\",\"name\":\"Toldi-Media&amp;Web\u00a9\",\"image\":{\"@type\":\"ImageObject\",\"inLanguage\":\"hu\",\"@id\":\"https:\/\/nagykokenyes.hu\/#\/schema\/person\/image\/\",\"url\":\"https:\/\/secure.gravatar.com\/avatar\/2dac2571de4f37e90c24eb6e6ae2792d9014feeaa0958c550badf9cc9089b3f4?s=96&d=mm&r=g\",\"contentUrl\":\"https:\/\/secure.gravatar.com\/avatar\/2dac2571de4f37e90c24eb6e6ae2792d9014feeaa0958c550badf9cc9089b3f4?s=96&d=mm&r=g\",\"caption\":\"Toldi-Media&amp;Web\u00a9\"},\"url\":\"https:\/\/nagykokenyes.hu\/?author=1\"}]}<\/script>\n<!-- \/ Yoast SEO plugin. -->","yoast_head_json":{"title":"Magyar Falu Program - Szolg\u00e1lati lak\u00e1s (MFP-SZL\/2019) - Nagyk\u00f6k\u00e9nyes K\u00f6zs\u00e9g \u00d6nkorm\u00e1nyzata","robots":{"index":"index","follow":"follow","max-snippet":"max-snippet:-1","max-image-preview":"max-image-preview:large","max-video-preview":"max-video-preview:-1"},"canonical":"https:\/\/nagykokenyes.hu\/?p=2286","og_locale":"hu_HU","og_type":"article","og_title":"Magyar Falu Program - Szolg\u00e1lati lak\u00e1s (MFP-SZL\/2019) - Nagyk\u00f6k\u00e9nyes K\u00f6zs\u00e9g \u00d6nkorm\u00e1nyzata","og_description":"Kedvezm\u00e9nyezett neve: Nagyk\u00f6k\u00e9nyes K\u00f6zs\u00e9gi \u00d6nkorm\u00e1nyzat P\u00e1ly\u00e1zati felh\u00edv\u00e1s neve (k\u00f3dsz\u00e1ma): Magyar Falu Program &#8211; Szolg\u00e1lati lak\u00e1s (MFP-SZL\/2019) Projekt c\u00edme (azonos\u00edt\u00f3 sz\u00e1ma): Szolg\u00e1lati lak\u00e1s kialak\u00edt\u00e1sa Nagyk\u00f6k\u00e9nyes k\u00f6zs\u00e9gben (3031936319) Szerz\u0151d\u00f6tt t\u00e1mogat\u00e1s \u00f6sszege: 10.240.944,&#8211; Ft T\u00e1mogat\u00e1s m\u00e9rt\u00e9ke: 100%","og_url":"https:\/\/nagykokenyes.hu\/?p=2286","og_site_name":"Nagyk\u00f6k\u00e9nyes K\u00f6zs\u00e9g \u00d6nkorm\u00e1nyzata","article_published_time":"2019-12-09T18:45:39+00:00","article_modified_time":"2019-12-10T13:05:40+00:00","og_image":[{"url":"http:\/\/nagykokenyes.hu\/wp-content\/uploads\/2019\/11\/mfp_logo.jpg","type":"","width":"","height":""}],"author":"Toldi-Media&amp;Web\u00a9","twitter_card":"summary_large_image","twitter_misc":{"Szerz\u0151:":"Toldi-Media&amp;Web\u00a9","Becs\u00fclt olvas\u00e1si id\u0151":"1 perc"},"schema":{"@context":"https:\/\/schema.org","@graph":[{"@type":"WebPage","@id":"https:\/\/nagykokenyes.hu\/?p=2286","url":"https:\/\/nagykokenyes.hu\/?p=2286","name":"Magyar Falu Program - Szolg\u00e1lati lak\u00e1s (MFP-SZL\/2019) - Nagyk\u00f6k\u00e9nyes K\u00f6zs\u00e9g \u00d6nkorm\u00e1nyzata","isPartOf":{"@id":"https:\/\/nagykokenyes.hu\/#website"},"primaryImageOfPage":{"@id":"https:\/\/nagykokenyes.hu\/?p=2286#primaryimage"},"image":{"@id":"https:\/\/nagykokenyes.hu\/?p=2286#primaryimage"},"thumbnailUrl":"http:\/\/nagykokenyes.hu\/wp-content\/uploads\/2019\/11\/mfp_logo.jpg","datePublished":"2019-12-09T18:45:39+00:00","dateModified":"2019-12-10T13:05:40+00:00","author":{"@id":"https:\/\/nagykokenyes.hu\/#\/schema\/person\/ba2ba93c7c7503248716e2c9b3e03cb9"},"breadcrumb":{"@id":"https:\/\/nagykokenyes.hu\/?p=2286#breadcrumb"},"inLanguage":"hu","potentialAction":[{"@type":"ReadAction","target":["https:\/\/nagykokenyes.hu\/?p=2286"]}]},{"@type":"ImageObject","inLanguage":"hu","@id":"https:\/\/nagykokenyes.hu\/?p=2286#primaryimage","url":"http:\/\/nagykokenyes.hu\/wp-content\/uploads\/2019\/11\/mfp_logo.jpg","contentUrl":"http:\/\/nagykokenyes.hu\/wp-content\/uploads\/2019\/11\/mfp_logo.jpg"},{"@type":"BreadcrumbList","@id":"https:\/\/nagykokenyes.hu\/?p=2286#breadcrumb","itemListElement":[{"@type":"ListItem","position":1,"name":"Kezd\u0151lap","item":"https:\/\/nagykokenyes.hu\/"},{"@type":"ListItem","position":2,"name":"Magyar Falu Program &#8211; Szolg\u00e1lati lak\u00e1s (MFP-SZL\/2019)"}]},{"@type":"WebSite","@id":"https:\/\/nagykokenyes.hu\/#website","url":"https:\/\/nagykokenyes.hu\/","name":"Nagyk\u00f6k\u00e9nyes K\u00f6zs\u00e9g \u00d6nkorm\u00e1nyzata","description":"","potentialAction":[{"@type":"SearchAction","target":{"@type":"EntryPoint","urlTemplate":"https:\/\/nagykokenyes.hu\/?s={search_term_string}"},"query-input":{"@type":"PropertyValueSpecification","valueRequired":true,"valueName":"search_term_string"}}],"inLanguage":"hu"},{"@type":"Person","@id":"https:\/\/nagykokenyes.hu\/#\/schema\/person\/ba2ba93c7c7503248716e2c9b3e03cb9","name":"Toldi-Media&amp;Web\u00a9","image":{"@type":"ImageObject","inLanguage":"hu","@id":"https:\/\/nagykokenyes.hu\/#\/schema\/person\/image\/","url":"https:\/\/secure.gravatar.com\/avatar\/2dac2571de4f37e90c24eb6e6ae2792d9014feeaa0958c550badf9cc9089b3f4?s=96&d=mm&r=g","contentUrl":"https:\/\/secure.gravatar.com\/avatar\/2dac2571de4f37e90c24eb6e6ae2792d9014feeaa0958c550badf9cc9089b3f4?s=96&d=mm&r=g","caption":"Toldi-Media&amp;Web\u00a9"},"url":"https:\/\/nagykokenyes.hu\/?author=1"}]}},"_links":{"self":[{"href":"https:\/\/nagykokenyes.hu\/index.php?rest_route=\/wp\/v2\/posts\/2286","targetHints":{"allow":["GET"]}}],"collection":[{"href":"https:\/\/nagykokenyes.hu\/index.php?rest_route=\/wp\/v2\/posts"}],"about":[{"href":"https:\/\/nagykokenyes.hu\/index.php?rest_route=\/wp\/v2\/types\/post"}],"author":[{"embeddable":true,"href":"https:\/\/nagykokenyes.hu\/index.php?rest_route=\/wp\/v2\/users\/1"}],"replies":[{"embeddable":true,"href":"https:\/\/nagykokenyes.hu\/index.php?rest_route=%2Fwp%2Fv2%2Fcomments&post=2286"}],"version-history":[{"count":2,"href":"https:\/\/nagykokenyes.hu\/index.php?rest_route=\/wp\/v2\/posts\/2286\/revisions"}],"predecessor-version":[{"id":2290,"href":"https:\/\/nagykokenyes.hu\/index.php?rest_route=\/wp\/v2\/posts\/2286\/revisions\/2290"}],"wp:attachment":[{"href":"https:\/\/nagykokenyes.hu\/index.php?rest_route=%2Fwp%2Fv2%2Fmedia&parent=2286"}],"wp:term":[{"taxonomy":"category","embeddable":true,"href":"https:\/\/nagykokenyes.hu\/index.php?rest_route=%2Fwp%2Fv2%2Fcategories&post=2286"},{"taxonomy":"post_tag","embeddable":true,"href":"https:\/\/nagykokenyes.hu\/index.php?rest_route=%2Fwp%2Fv2%2Ftags&post=2286"}],"curies":[{"name":"wp","href":"https:\/\/api.w.org\/{rel}","templated":true}]}}