{"id":2313,"date":"2019-12-13T08:23:28","date_gmt":"2019-12-13T08:23:28","guid":{"rendered":"http:\/\/nagykokenyes.hu\/?p=2313"},"modified":"2019-12-13T08:23:28","modified_gmt":"2019-12-13T08:23:28","slug":"112-tudd-hogy-segithess","status":"publish","type":"post","link":"https:\/\/nagykokenyes.hu\/?p=2313","title":{"rendered":"112 &#8211; Tudd, hogy seg\u00edthess!"},"content":{"rendered":"<p style=\"text-align: justify;\"><strong>AZ ORFK REND\u00c9SZETI F\u0150IGAZGAT\u00d3S\u00c1G \u00dcGYELETI F\u0150OSZT\u00c1LY 112-ES H\u00cdRLEVELE<\/strong><\/p>\n<p style=\"text-align: justify;\"><a href=\"http:\/\/nagykokenyes.hu\/wp-content\/uploads\/2019\/07\/112_opt.jpeg\"><img loading=\"lazy\" decoding=\"async\" class=\"alignleft size-thumbnail wp-image-1536\" src=\"http:\/\/nagykokenyes.hu\/wp-content\/uploads\/2019\/07\/112_opt-150x150.jpeg\" alt=\"\" width=\"150\" height=\"150\" srcset=\"https:\/\/nagykokenyes.hu\/wp-content\/uploads\/2019\/07\/112_opt-150x150.jpeg 150w, https:\/\/nagykokenyes.hu\/wp-content\/uploads\/2019\/07\/112_opt-768x771.jpeg 768w, https:\/\/nagykokenyes.hu\/wp-content\/uploads\/2019\/07\/112_opt.jpeg 1144w\" sizes=\"auto, (max-width: 150px) 100vw, 150px\" \/><\/a>A Csongr\u00e1d Megyei Rend\u0151r-f\u0151kapit\u00e1nys\u00e1g \u00e9s t\u00e1rsszervei (Csongr\u00e1d Megyei Katasztr\u00f3fav\u00e9delmi Igazgat\u00f3s\u00e1g, az Orsz\u00e1gos Ment\u0151szolg\u00e1lat D\u00e9l-alf\u00f6ldi Region\u00e1lis Ment\u0151szervezete, valamint a Magyar V\u00f6r\u00f6skereszt Csongr\u00e1d Megyei Szervezete) egy \u00e9vvel ezel\u0151tt h\u00edvt\u00e1k \u00e9letre a \u201c112 \u2013 Tudd, hogy seg\u00edthess!\u201d programot azzal a c\u00e9llal, hogy olyan sz\u00f3rakoztat\u00f3 m\u00f3don elsaj\u00e1t\u00edthat\u00f3, \u00f6sszetett tud\u00e1st adjon, amely birtok\u00e1ban v\u00e9szhelyzet eset\u00e9n a gyermekek merjenek \u00e9s tudjanak seg\u00edts\u00e9get k\u00e9rni, illetve szakszer\u0171 seg\u00edts\u00e9get ny\u00fajtani. Ennek \u00e9rdek\u00e9ben a n\u00e9gy szervezet fontos, adott esetben \u00e9letment\u0151 ismereteket tartalmaz\u00f3 oktat\u00e1si anyagot (Tud\u00e1st\u00e1rat) \u00e1ll\u00edtott \u00f6ssze. A Tud\u00e1st\u00e1r meg\u00edr\u00e1sa sor\u00e1n felhaszn\u00e1lt\u00e1k az elm\u00falt egy \u00e9vben a gyermekek \u00e1ltal k\u00e9sz\u00edtett rajzokat, a k\u00f6z\u00f6s versenyekr\u0151l, \u00e9s megtartott \u00e9lm\u00e9nynapr\u00f3l<br \/>\nk\u00e9sz\u00edtett fot\u00f3kat is.<\/p>\n<p><!--more--><\/p>\n<p style=\"text-align: justify;\">A Csongr\u00e1d Megyei Rend\u0151r-f\u0151kapit\u00e1nys\u00e1gon 2019. december 5-\u00e9n tartott\u00e1k a projektz\u00e1r\u00f3 \u00fcnneps\u00e9get, amelyen a szakemberek besz\u00e1moltak az elm\u00falt id\u0151szakban v\u00e9gzett munk\u00e1r\u00f3l, egyben bemutatt\u00e1k a k\u00f6z\u00f6sen k\u00e9sz\u00edtett Tud\u00e1st\u00e1r kiadv\u00e1nyt, amely a k\u00e9szenl\u00e9ti szervek (Rend\u0151rs\u00e9g, Ment\u0151k, Katasztr\u00f3fav\u00e9delem) legfontosabb tudnival\u00f3it tartalmazza.<\/p>\n<p style=\"text-align: justify;\">A Tud\u00e1st\u00e1r ismertet\u00e9se mellett nevet kapott a projekt emblematikus figur\u00e1ja is. Az err\u0151l sz\u00f3l\u00f3 p\u00e1ly\u00e1zatra csaknem sz\u00e1z\u00f6tven \u00f6tlet \u00e9rkezett. A gy\u0151ztes p\u00e1ly\u00e1zat alapj\u00e1n a figura elnevez\u00e9se \u201eSOS Kapit\u00e1ny\u201d lett, aki a gyermekek legnagyobb \u00f6r\u00f6m\u00e9re a Mikul\u00e1ssal egy\u00fctt szem\u00e9lyesen \u00e9rkezett a rendezv\u00e9nyre.<\/p>\n<p>A rendezv\u00e9nyr\u0151 b\u0151vebben <a href=\"http:\/\/www.police.hu\/hu\/hirek-es-informaciok\/bunmegelozes\/aktualis\/bemutattak-a-tudastarat-es-sos-kapitanyt\">itt<\/a> olvashatunk.<\/p>\n<p><strong>Kiemelked\u0151 esem\u00e9ny: val\u00f3tlan bejelent\u00e9s<\/strong><\/p>\n<p style=\"text-align: justify;\">Az ajkai rend\u0151r\u00f6k szab\u00e1lys\u00e9rt\u00e9si \u0151rizetbe vett\u00e9k azt a nemesgul\u00e1csi f\u00e9rfit, akinek val\u00f3tlan bejelent\u00e9se kapcs\u00e1n a ment\u0151szolg\u00e1lat munkat\u00e1rsai sz\u00fcks\u00e9gtelen\u00fcl vonultak a helysz\u00ednre. A k\u00f6zponti seg\u00e9lyh\u00edv\u00f3 sz\u00e1mra 2019. m\u00e1jus 19-\u00e9n 19 \u00f3ra 30 perc k\u00f6r\u00fcl \u00e9rkezett bejelent\u00e9s arr\u00f3l, hogy az egyik ajkai sz\u00f3rakoz\u00f3helyen egy f\u00e9rfi rosszul van. A ki\u00e9rkez\u0151 ment\u0151szolg\u00e1lat munkat\u00e1rsai a helysz\u00ednen egy f\u00f6ld\u00f6n fekv\u0151 embert tal\u00e1ltak, aki a mellkas\u00e1t f\u00e1jlalta, \u00edgy \u0151t k\u00f3rh\u00e1zba sz\u00e1ll\u00edtott\u00e1k. A k\u00f3rh\u00e1zban a f\u00e9rfi a vizsg\u00e1lat k\u00f6zben fel\u00e1llt \u00e9s k\u00f6z\u00f6lte, hogy nincs semmi baja, csak pr\u00f3b\u00e1ra tette az eg\u00e9szs\u00e9g\u00fcgyi dolgoz\u00f3kat. Cselekm\u00e9nye miatt az ajkai rend\u0151r\u00f6k a f\u00e9rfit el\u0151\u00e1ll\u00edtott\u00e1k a helyi rend\u0151rkapit\u00e1nys\u00e1gra, majd a gyors\u00edtott b\u00edr\u00f3s\u00e1gi elj\u00e1r\u00e1s lefolytat\u00e1sa c\u00e9lj\u00e1b\u00f3l szab\u00e1lys\u00e9rt\u00e9si \u0151rizetbe vett\u00e9k.<\/p>\n<p style=\"text-align: justify;\">A val\u00f3tlan bejelent\u00e9st tev\u0151 szem\u00e9lyt b\u00edr\u00f3s\u00e1gi t\u00e1rgyal\u00e1son 83 200 Ft p\u00e9nzb\u00edrs\u00e1g megfizet\u00e9s\u00e9re k\u00f6telezt\u00e9k.<\/p>\n<p>A 112-es seg\u00e9lyh\u00edv\u00f3sz\u00e1m haszn\u00e1lat\u00e1r\u00f3l <a href=\"http:\/\/www.police.hu\/hu\/hirek-es-informaciok\/legfrissebb-hireink\/szervezeti-hirek\/milyen-esetben-hivja-a-segelyhivoszamokat\">itt<\/a> t\u00e1j\u00e9koz\u00f3dhat.<\/p>\n<p>&nbsp;<\/p>\n","protected":false},"excerpt":{"rendered":"<p>AZ ORFK REND\u00c9SZETI F\u0150IGAZGAT\u00d3S\u00c1G \u00dcGYELETI F\u0150OSZT\u00c1LY 112-ES H\u00cdRLEVELE A Csongr\u00e1d Megyei Rend\u0151r-f\u0151kapit\u00e1nys\u00e1g \u00e9s t\u00e1rsszervei (Csongr\u00e1d Megyei Katasztr\u00f3fav\u00e9delmi Igazgat\u00f3s\u00e1g, az Orsz\u00e1gos Ment\u0151szolg\u00e1lat D\u00e9l-alf\u00f6ldi Region\u00e1lis Ment\u0151szervezete, valamint a Magyar V\u00f6r\u00f6skereszt Csongr\u00e1d Megyei Szervezete) egy \u00e9vvel ezel\u0151tt h\u00edvt\u00e1k \u00e9letre a \u201c112 \u2013 Tudd, hogy seg\u00edthess!\u201d programot azzal a c\u00e9llal, hogy olyan sz\u00f3rakoztat\u00f3 m\u00f3don elsaj\u00e1t\u00edthat\u00f3, \u00f6sszetett tud\u00e1st adjon, amely [&hellip;]<\/p>\n","protected":false},"author":1,"featured_media":0,"comment_status":"closed","ping_status":"closed","sticky":false,"template":"","format":"standard","meta":{"footnotes":""},"categories":[1],"tags":[],"class_list":["post-2313","post","type-post","status-publish","format-standard","hentry","category-egyeb"],"yoast_head":"<!-- This site is optimized with the Yoast SEO plugin v26.5 - https:\/\/yoast.com\/wordpress\/plugins\/seo\/ -->\n<title>112 - Tudd, hogy seg\u00edthess! - Nagyk\u00f6k\u00e9nyes K\u00f6zs\u00e9g \u00d6nkorm\u00e1nyzata<\/title>\n<meta name=\"robots\" content=\"index, follow, max-snippet:-1, max-image-preview:large, max-video-preview:-1\" \/>\n<link rel=\"canonical\" href=\"https:\/\/nagykokenyes.hu\/?p=2313\" \/>\n<meta property=\"og:locale\" content=\"hu_HU\" \/>\n<meta property=\"og:type\" content=\"article\" \/>\n<meta property=\"og:title\" content=\"112 - Tudd, hogy seg\u00edthess! - Nagyk\u00f6k\u00e9nyes K\u00f6zs\u00e9g \u00d6nkorm\u00e1nyzata\" \/>\n<meta property=\"og:description\" content=\"AZ ORFK REND\u00c9SZETI F\u0150IGAZGAT\u00d3S\u00c1G \u00dcGYELETI F\u0150OSZT\u00c1LY 112-ES H\u00cdRLEVELE A Csongr\u00e1d Megyei Rend\u0151r-f\u0151kapit\u00e1nys\u00e1g \u00e9s t\u00e1rsszervei (Csongr\u00e1d Megyei Katasztr\u00f3fav\u00e9delmi Igazgat\u00f3s\u00e1g, az Orsz\u00e1gos Ment\u0151szolg\u00e1lat D\u00e9l-alf\u00f6ldi Region\u00e1lis Ment\u0151szervezete, valamint a Magyar V\u00f6r\u00f6skereszt Csongr\u00e1d Megyei Szervezete) egy \u00e9vvel ezel\u0151tt h\u00edvt\u00e1k \u00e9letre a \u201c112 \u2013 Tudd, hogy seg\u00edthess!\u201d programot azzal a c\u00e9llal, hogy olyan sz\u00f3rakoztat\u00f3 m\u00f3don elsaj\u00e1t\u00edthat\u00f3, \u00f6sszetett tud\u00e1st adjon, amely [&hellip;]\" \/>\n<meta property=\"og:url\" content=\"https:\/\/nagykokenyes.hu\/?p=2313\" \/>\n<meta property=\"og:site_name\" content=\"Nagyk\u00f6k\u00e9nyes K\u00f6zs\u00e9g \u00d6nkorm\u00e1nyzata\" \/>\n<meta property=\"article:published_time\" content=\"2019-12-13T08:23:28+00:00\" \/>\n<meta property=\"og:image\" content=\"http:\/\/nagykokenyes.hu\/wp-content\/uploads\/2019\/07\/112_opt-150x150.jpeg\" \/>\n<meta name=\"author\" content=\"Toldi-Media&amp;Web\u00a9\" \/>\n<meta name=\"twitter:card\" content=\"summary_large_image\" \/>\n<meta name=\"twitter:label1\" content=\"Szerz\u0151:\" \/>\n\t<meta name=\"twitter:data1\" content=\"Toldi-Media&amp;Web\u00a9\" \/>\n\t<meta name=\"twitter:label2\" content=\"Becs\u00fclt olvas\u00e1si id\u0151\" \/>\n\t<meta name=\"twitter:data2\" content=\"3 perc\" \/>\n<script type=\"application\/ld+json\" class=\"yoast-schema-graph\">{\"@context\":\"https:\/\/schema.org\",\"@graph\":[{\"@type\":\"WebPage\",\"@id\":\"https:\/\/nagykokenyes.hu\/?p=2313\",\"url\":\"https:\/\/nagykokenyes.hu\/?p=2313\",\"name\":\"112 - Tudd, hogy seg\u00edthess! - Nagyk\u00f6k\u00e9nyes K\u00f6zs\u00e9g \u00d6nkorm\u00e1nyzata\",\"isPartOf\":{\"@id\":\"https:\/\/nagykokenyes.hu\/#website\"},\"primaryImageOfPage\":{\"@id\":\"https:\/\/nagykokenyes.hu\/?p=2313#primaryimage\"},\"image\":{\"@id\":\"https:\/\/nagykokenyes.hu\/?p=2313#primaryimage\"},\"thumbnailUrl\":\"http:\/\/nagykokenyes.hu\/wp-content\/uploads\/2019\/07\/112_opt-150x150.jpeg\",\"datePublished\":\"2019-12-13T08:23:28+00:00\",\"author\":{\"@id\":\"https:\/\/nagykokenyes.hu\/#\/schema\/person\/ba2ba93c7c7503248716e2c9b3e03cb9\"},\"breadcrumb\":{\"@id\":\"https:\/\/nagykokenyes.hu\/?p=2313#breadcrumb\"},\"inLanguage\":\"hu\",\"potentialAction\":[{\"@type\":\"ReadAction\",\"target\":[\"https:\/\/nagykokenyes.hu\/?p=2313\"]}]},{\"@type\":\"ImageObject\",\"inLanguage\":\"hu\",\"@id\":\"https:\/\/nagykokenyes.hu\/?p=2313#primaryimage\",\"url\":\"http:\/\/nagykokenyes.hu\/wp-content\/uploads\/2019\/07\/112_opt-150x150.jpeg\",\"contentUrl\":\"http:\/\/nagykokenyes.hu\/wp-content\/uploads\/2019\/07\/112_opt-150x150.jpeg\"},{\"@type\":\"BreadcrumbList\",\"@id\":\"https:\/\/nagykokenyes.hu\/?p=2313#breadcrumb\",\"itemListElement\":[{\"@type\":\"ListItem\",\"position\":1,\"name\":\"Kezd\u0151lap\",\"item\":\"https:\/\/nagykokenyes.hu\/\"},{\"@type\":\"ListItem\",\"position\":2,\"name\":\"112 &#8211; Tudd, hogy seg\u00edthess!\"}]},{\"@type\":\"WebSite\",\"@id\":\"https:\/\/nagykokenyes.hu\/#website\",\"url\":\"https:\/\/nagykokenyes.hu\/\",\"name\":\"Nagyk\u00f6k\u00e9nyes K\u00f6zs\u00e9g \u00d6nkorm\u00e1nyzata\",\"description\":\"\",\"potentialAction\":[{\"@type\":\"SearchAction\",\"target\":{\"@type\":\"EntryPoint\",\"urlTemplate\":\"https:\/\/nagykokenyes.hu\/?s={search_term_string}\"},\"query-input\":{\"@type\":\"PropertyValueSpecification\",\"valueRequired\":true,\"valueName\":\"search_term_string\"}}],\"inLanguage\":\"hu\"},{\"@type\":\"Person\",\"@id\":\"https:\/\/nagykokenyes.hu\/#\/schema\/person\/ba2ba93c7c7503248716e2c9b3e03cb9\",\"name\":\"Toldi-Media&amp;Web\u00a9\",\"image\":{\"@type\":\"ImageObject\",\"inLanguage\":\"hu\",\"@id\":\"https:\/\/nagykokenyes.hu\/#\/schema\/person\/image\/\",\"url\":\"https:\/\/secure.gravatar.com\/avatar\/2dac2571de4f37e90c24eb6e6ae2792d9014feeaa0958c550badf9cc9089b3f4?s=96&d=mm&r=g\",\"contentUrl\":\"https:\/\/secure.gravatar.com\/avatar\/2dac2571de4f37e90c24eb6e6ae2792d9014feeaa0958c550badf9cc9089b3f4?s=96&d=mm&r=g\",\"caption\":\"Toldi-Media&amp;Web\u00a9\"},\"url\":\"https:\/\/nagykokenyes.hu\/?author=1\"}]}<\/script>\n<!-- \/ Yoast SEO plugin. -->","yoast_head_json":{"title":"112 - Tudd, hogy seg\u00edthess! - Nagyk\u00f6k\u00e9nyes K\u00f6zs\u00e9g \u00d6nkorm\u00e1nyzata","robots":{"index":"index","follow":"follow","max-snippet":"max-snippet:-1","max-image-preview":"max-image-preview:large","max-video-preview":"max-video-preview:-1"},"canonical":"https:\/\/nagykokenyes.hu\/?p=2313","og_locale":"hu_HU","og_type":"article","og_title":"112 - Tudd, hogy seg\u00edthess! - Nagyk\u00f6k\u00e9nyes K\u00f6zs\u00e9g \u00d6nkorm\u00e1nyzata","og_description":"AZ ORFK REND\u00c9SZETI F\u0150IGAZGAT\u00d3S\u00c1G \u00dcGYELETI F\u0150OSZT\u00c1LY 112-ES H\u00cdRLEVELE A Csongr\u00e1d Megyei Rend\u0151r-f\u0151kapit\u00e1nys\u00e1g \u00e9s t\u00e1rsszervei (Csongr\u00e1d Megyei Katasztr\u00f3fav\u00e9delmi Igazgat\u00f3s\u00e1g, az Orsz\u00e1gos Ment\u0151szolg\u00e1lat D\u00e9l-alf\u00f6ldi Region\u00e1lis Ment\u0151szervezete, valamint a Magyar V\u00f6r\u00f6skereszt Csongr\u00e1d Megyei Szervezete) egy \u00e9vvel ezel\u0151tt h\u00edvt\u00e1k \u00e9letre a \u201c112 \u2013 Tudd, hogy seg\u00edthess!\u201d programot azzal a c\u00e9llal, hogy olyan sz\u00f3rakoztat\u00f3 m\u00f3don elsaj\u00e1t\u00edthat\u00f3, \u00f6sszetett tud\u00e1st adjon, amely [&hellip;]","og_url":"https:\/\/nagykokenyes.hu\/?p=2313","og_site_name":"Nagyk\u00f6k\u00e9nyes K\u00f6zs\u00e9g \u00d6nkorm\u00e1nyzata","article_published_time":"2019-12-13T08:23:28+00:00","og_image":[{"url":"http:\/\/nagykokenyes.hu\/wp-content\/uploads\/2019\/07\/112_opt-150x150.jpeg","type":"","width":"","height":""}],"author":"Toldi-Media&amp;Web\u00a9","twitter_card":"summary_large_image","twitter_misc":{"Szerz\u0151:":"Toldi-Media&amp;Web\u00a9","Becs\u00fclt olvas\u00e1si id\u0151":"3 perc"},"schema":{"@context":"https:\/\/schema.org","@graph":[{"@type":"WebPage","@id":"https:\/\/nagykokenyes.hu\/?p=2313","url":"https:\/\/nagykokenyes.hu\/?p=2313","name":"112 - Tudd, hogy seg\u00edthess! - Nagyk\u00f6k\u00e9nyes K\u00f6zs\u00e9g \u00d6nkorm\u00e1nyzata","isPartOf":{"@id":"https:\/\/nagykokenyes.hu\/#website"},"primaryImageOfPage":{"@id":"https:\/\/nagykokenyes.hu\/?p=2313#primaryimage"},"image":{"@id":"https:\/\/nagykokenyes.hu\/?p=2313#primaryimage"},"thumbnailUrl":"http:\/\/nagykokenyes.hu\/wp-content\/uploads\/2019\/07\/112_opt-150x150.jpeg","datePublished":"2019-12-13T08:23:28+00:00","author":{"@id":"https:\/\/nagykokenyes.hu\/#\/schema\/person\/ba2ba93c7c7503248716e2c9b3e03cb9"},"breadcrumb":{"@id":"https:\/\/nagykokenyes.hu\/?p=2313#breadcrumb"},"inLanguage":"hu","potentialAction":[{"@type":"ReadAction","target":["https:\/\/nagykokenyes.hu\/?p=2313"]}]},{"@type":"ImageObject","inLanguage":"hu","@id":"https:\/\/nagykokenyes.hu\/?p=2313#primaryimage","url":"http:\/\/nagykokenyes.hu\/wp-content\/uploads\/2019\/07\/112_opt-150x150.jpeg","contentUrl":"http:\/\/nagykokenyes.hu\/wp-content\/uploads\/2019\/07\/112_opt-150x150.jpeg"},{"@type":"BreadcrumbList","@id":"https:\/\/nagykokenyes.hu\/?p=2313#breadcrumb","itemListElement":[{"@type":"ListItem","position":1,"name":"Kezd\u0151lap","item":"https:\/\/nagykokenyes.hu\/"},{"@type":"ListItem","position":2,"name":"112 &#8211; Tudd, hogy seg\u00edthess!"}]},{"@type":"WebSite","@id":"https:\/\/nagykokenyes.hu\/#website","url":"https:\/\/nagykokenyes.hu\/","name":"Nagyk\u00f6k\u00e9nyes K\u00f6zs\u00e9g \u00d6nkorm\u00e1nyzata","description":"","potentialAction":[{"@type":"SearchAction","target":{"@type":"EntryPoint","urlTemplate":"https:\/\/nagykokenyes.hu\/?s={search_term_string}"},"query-input":{"@type":"PropertyValueSpecification","valueRequired":true,"valueName":"search_term_string"}}],"inLanguage":"hu"},{"@type":"Person","@id":"https:\/\/nagykokenyes.hu\/#\/schema\/person\/ba2ba93c7c7503248716e2c9b3e03cb9","name":"Toldi-Media&amp;Web\u00a9","image":{"@type":"ImageObject","inLanguage":"hu","@id":"https:\/\/nagykokenyes.hu\/#\/schema\/person\/image\/","url":"https:\/\/secure.gravatar.com\/avatar\/2dac2571de4f37e90c24eb6e6ae2792d9014feeaa0958c550badf9cc9089b3f4?s=96&d=mm&r=g","contentUrl":"https:\/\/secure.gravatar.com\/avatar\/2dac2571de4f37e90c24eb6e6ae2792d9014feeaa0958c550badf9cc9089b3f4?s=96&d=mm&r=g","caption":"Toldi-Media&amp;Web\u00a9"},"url":"https:\/\/nagykokenyes.hu\/?author=1"}]}},"_links":{"self":[{"href":"https:\/\/nagykokenyes.hu\/index.php?rest_route=\/wp\/v2\/posts\/2313","targetHints":{"allow":["GET"]}}],"collection":[{"href":"https:\/\/nagykokenyes.hu\/index.php?rest_route=\/wp\/v2\/posts"}],"about":[{"href":"https:\/\/nagykokenyes.hu\/index.php?rest_route=\/wp\/v2\/types\/post"}],"author":[{"embeddable":true,"href":"https:\/\/nagykokenyes.hu\/index.php?rest_route=\/wp\/v2\/users\/1"}],"replies":[{"embeddable":true,"href":"https:\/\/nagykokenyes.hu\/index.php?rest_route=%2Fwp%2Fv2%2Fcomments&post=2313"}],"version-history":[{"count":4,"href":"https:\/\/nagykokenyes.hu\/index.php?rest_route=\/wp\/v2\/posts\/2313\/revisions"}],"predecessor-version":[{"id":2317,"href":"https:\/\/nagykokenyes.hu\/index.php?rest_route=\/wp\/v2\/posts\/2313\/revisions\/2317"}],"wp:attachment":[{"href":"https:\/\/nagykokenyes.hu\/index.php?rest_route=%2Fwp%2Fv2%2Fmedia&parent=2313"}],"wp:term":[{"taxonomy":"category","embeddable":true,"href":"https:\/\/nagykokenyes.hu\/index.php?rest_route=%2Fwp%2Fv2%2Fcategories&post=2313"},{"taxonomy":"post_tag","embeddable":true,"href":"https:\/\/nagykokenyes.hu\/index.php?rest_route=%2Fwp%2Fv2%2Ftags&post=2313"}],"curies":[{"name":"wp","href":"https:\/\/api.w.org\/{rel}","templated":true}]}}