{"id":2726,"date":"2020-04-20T21:11:31","date_gmt":"2020-04-20T21:11:31","guid":{"rendered":"https:\/\/nagykokenyes.hu\/?p=2726"},"modified":"2020-04-20T21:11:31","modified_gmt":"2020-04-20T21:11:31","slug":"tajekoztatas-postai-szolgaltatohely-ideiglenes-nyitvatartas-szukiteserol-2","status":"publish","type":"post","link":"https:\/\/nagykokenyes.hu\/?p=2726","title":{"rendered":"T\u00e1j\u00e9koztat\u00e1s postai szolg\u00e1ltat\u00f3hely ideiglenes nyitvatart\u00e1s sz\u0171k\u00edt\u00e9s\u00e9r\u0151l"},"content":{"rendered":"<p style=\"text-align: justify;\"><a href=\"https:\/\/nagykokenyes.hu\/wp-content\/uploads\/2020\/04\/magyar_posta_logo_square.jpg\"><img loading=\"lazy\" decoding=\"async\" class=\"alignleft  wp-image-2695\" src=\"https:\/\/nagykokenyes.hu\/wp-content\/uploads\/2020\/04\/magyar_posta_logo_square.jpg\" alt=\"\" width=\"81\" height=\"80\" srcset=\"https:\/\/nagykokenyes.hu\/wp-content\/uploads\/2020\/04\/magyar_posta_logo_square.jpg 1280w, https:\/\/nagykokenyes.hu\/wp-content\/uploads\/2020\/04\/magyar_posta_logo_square-150x150.jpg 150w, https:\/\/nagykokenyes.hu\/wp-content\/uploads\/2020\/04\/magyar_posta_logo_square-768x768.jpg 768w\" sizes=\"auto, (max-width: 81px) 100vw, 81px\" \/><\/a>T\u00e1j\u00e9koztatJUK a tisztelt lakoss\u00e1got, hogy a Magyar Posta Zrt. Kelet-magyarorsz\u00e1gi Ter\u00fcleti Igazgat\u00f3s\u00e1g ir\u00e1ny\u00edt\u00e1sa al\u00e1 tartoz\u00f3 <strong>Nagyk\u00f6k\u00e9nyes posta<\/strong> (Szabads\u00e1g \u00fat 37.) 2020. \u00e1prilis 20-t\u00f3l ideiglenesen sz\u0171k\u00edtett nyitvatart\u00e1ssal \u00fczemel, <strong>h\u00e9tk\u00f6znapokon 08:00-10:00 \u00f3ra k\u00f6z\u00f6tt.<\/strong><\/p>\n<p style=\"text-align: justify;\"><strong>Meg\u00e9rt\u00e9s\u00fcket k\u00f6sz\u00f6nj\u00fck!<\/strong><\/p>\n","protected":false},"excerpt":{"rendered":"<p>T\u00e1j\u00e9koztatJUK a tisztelt lakoss\u00e1got, hogy a Magyar Posta Zrt. Kelet-magyarorsz\u00e1gi Ter\u00fcleti Igazgat\u00f3s\u00e1g ir\u00e1ny\u00edt\u00e1sa al\u00e1 tartoz\u00f3 Nagyk\u00f6k\u00e9nyes posta (Szabads\u00e1g \u00fat 37.) 2020. \u00e1prilis 20-t\u00f3l ideiglenesen sz\u0171k\u00edtett nyitvatart\u00e1ssal \u00fczemel, h\u00e9tk\u00f6znapokon 08:00-10:00 \u00f3ra k\u00f6z\u00f6tt. Meg\u00e9rt\u00e9s\u00fcket k\u00f6sz\u00f6nj\u00fck!<\/p>\n","protected":false},"author":1,"featured_media":0,"comment_status":"closed","ping_status":"closed","sticky":false,"template":"","format":"standard","meta":{"footnotes":""},"categories":[1],"tags":[],"class_list":["post-2726","post","type-post","status-publish","format-standard","hentry","category-egyeb"],"yoast_head":"<!-- This site is optimized with the Yoast SEO plugin v26.5 - https:\/\/yoast.com\/wordpress\/plugins\/seo\/ -->\n<title>T\u00e1j\u00e9koztat\u00e1s postai szolg\u00e1ltat\u00f3hely ideiglenes nyitvatart\u00e1s sz\u0171k\u00edt\u00e9s\u00e9r\u0151l - Nagyk\u00f6k\u00e9nyes K\u00f6zs\u00e9g \u00d6nkorm\u00e1nyzata<\/title>\n<meta name=\"robots\" content=\"index, follow, max-snippet:-1, max-image-preview:large, max-video-preview:-1\" \/>\n<link rel=\"canonical\" href=\"https:\/\/nagykokenyes.hu\/?p=2726\" \/>\n<meta property=\"og:locale\" content=\"hu_HU\" \/>\n<meta property=\"og:type\" content=\"article\" \/>\n<meta property=\"og:title\" content=\"T\u00e1j\u00e9koztat\u00e1s postai szolg\u00e1ltat\u00f3hely ideiglenes nyitvatart\u00e1s sz\u0171k\u00edt\u00e9s\u00e9r\u0151l - Nagyk\u00f6k\u00e9nyes K\u00f6zs\u00e9g \u00d6nkorm\u00e1nyzata\" \/>\n<meta property=\"og:description\" content=\"T\u00e1j\u00e9koztatJUK a tisztelt lakoss\u00e1got, hogy a Magyar Posta Zrt. Kelet-magyarorsz\u00e1gi Ter\u00fcleti Igazgat\u00f3s\u00e1g ir\u00e1ny\u00edt\u00e1sa al\u00e1 tartoz\u00f3 Nagyk\u00f6k\u00e9nyes posta (Szabads\u00e1g \u00fat 37.) 2020. \u00e1prilis 20-t\u00f3l ideiglenesen sz\u0171k\u00edtett nyitvatart\u00e1ssal \u00fczemel, h\u00e9tk\u00f6znapokon 08:00-10:00 \u00f3ra k\u00f6z\u00f6tt. Meg\u00e9rt\u00e9s\u00fcket k\u00f6sz\u00f6nj\u00fck!\" \/>\n<meta property=\"og:url\" content=\"https:\/\/nagykokenyes.hu\/?p=2726\" \/>\n<meta property=\"og:site_name\" content=\"Nagyk\u00f6k\u00e9nyes K\u00f6zs\u00e9g \u00d6nkorm\u00e1nyzata\" \/>\n<meta property=\"article:published_time\" content=\"2020-04-20T21:11:31+00:00\" \/>\n<meta property=\"og:image\" content=\"https:\/\/nagykokenyes.hu\/wp-content\/uploads\/2020\/04\/magyar_posta_logo_square.jpg\" \/>\n<meta name=\"author\" content=\"Toldi-Media&amp;Web\u00a9\" \/>\n<meta name=\"twitter:card\" content=\"summary_large_image\" \/>\n<meta name=\"twitter:label1\" content=\"Szerz\u0151:\" \/>\n\t<meta name=\"twitter:data1\" content=\"Toldi-Media&amp;Web\u00a9\" \/>\n<script type=\"application\/ld+json\" class=\"yoast-schema-graph\">{\"@context\":\"https:\/\/schema.org\",\"@graph\":[{\"@type\":\"WebPage\",\"@id\":\"https:\/\/nagykokenyes.hu\/?p=2726\",\"url\":\"https:\/\/nagykokenyes.hu\/?p=2726\",\"name\":\"T\u00e1j\u00e9koztat\u00e1s postai szolg\u00e1ltat\u00f3hely ideiglenes nyitvatart\u00e1s sz\u0171k\u00edt\u00e9s\u00e9r\u0151l - Nagyk\u00f6k\u00e9nyes K\u00f6zs\u00e9g \u00d6nkorm\u00e1nyzata\",\"isPartOf\":{\"@id\":\"https:\/\/nagykokenyes.hu\/#website\"},\"primaryImageOfPage\":{\"@id\":\"https:\/\/nagykokenyes.hu\/?p=2726#primaryimage\"},\"image\":{\"@id\":\"https:\/\/nagykokenyes.hu\/?p=2726#primaryimage\"},\"thumbnailUrl\":\"https:\/\/nagykokenyes.hu\/wp-content\/uploads\/2020\/04\/magyar_posta_logo_square.jpg\",\"datePublished\":\"2020-04-20T21:11:31+00:00\",\"author\":{\"@id\":\"https:\/\/nagykokenyes.hu\/#\/schema\/person\/ba2ba93c7c7503248716e2c9b3e03cb9\"},\"breadcrumb\":{\"@id\":\"https:\/\/nagykokenyes.hu\/?p=2726#breadcrumb\"},\"inLanguage\":\"hu\",\"potentialAction\":[{\"@type\":\"ReadAction\",\"target\":[\"https:\/\/nagykokenyes.hu\/?p=2726\"]}]},{\"@type\":\"ImageObject\",\"inLanguage\":\"hu\",\"@id\":\"https:\/\/nagykokenyes.hu\/?p=2726#primaryimage\",\"url\":\"https:\/\/nagykokenyes.hu\/wp-content\/uploads\/2020\/04\/magyar_posta_logo_square.jpg\",\"contentUrl\":\"https:\/\/nagykokenyes.hu\/wp-content\/uploads\/2020\/04\/magyar_posta_logo_square.jpg\"},{\"@type\":\"BreadcrumbList\",\"@id\":\"https:\/\/nagykokenyes.hu\/?p=2726#breadcrumb\",\"itemListElement\":[{\"@type\":\"ListItem\",\"position\":1,\"name\":\"Kezd\u0151lap\",\"item\":\"https:\/\/nagykokenyes.hu\/\"},{\"@type\":\"ListItem\",\"position\":2,\"name\":\"T\u00e1j\u00e9koztat\u00e1s postai szolg\u00e1ltat\u00f3hely ideiglenes nyitvatart\u00e1s sz\u0171k\u00edt\u00e9s\u00e9r\u0151l\"}]},{\"@type\":\"WebSite\",\"@id\":\"https:\/\/nagykokenyes.hu\/#website\",\"url\":\"https:\/\/nagykokenyes.hu\/\",\"name\":\"Nagyk\u00f6k\u00e9nyes K\u00f6zs\u00e9g \u00d6nkorm\u00e1nyzata\",\"description\":\"\",\"potentialAction\":[{\"@type\":\"SearchAction\",\"target\":{\"@type\":\"EntryPoint\",\"urlTemplate\":\"https:\/\/nagykokenyes.hu\/?s={search_term_string}\"},\"query-input\":{\"@type\":\"PropertyValueSpecification\",\"valueRequired\":true,\"valueName\":\"search_term_string\"}}],\"inLanguage\":\"hu\"},{\"@type\":\"Person\",\"@id\":\"https:\/\/nagykokenyes.hu\/#\/schema\/person\/ba2ba93c7c7503248716e2c9b3e03cb9\",\"name\":\"Toldi-Media&amp;Web\u00a9\",\"image\":{\"@type\":\"ImageObject\",\"inLanguage\":\"hu\",\"@id\":\"https:\/\/nagykokenyes.hu\/#\/schema\/person\/image\/\",\"url\":\"https:\/\/secure.gravatar.com\/avatar\/2dac2571de4f37e90c24eb6e6ae2792d9014feeaa0958c550badf9cc9089b3f4?s=96&d=mm&r=g\",\"contentUrl\":\"https:\/\/secure.gravatar.com\/avatar\/2dac2571de4f37e90c24eb6e6ae2792d9014feeaa0958c550badf9cc9089b3f4?s=96&d=mm&r=g\",\"caption\":\"Toldi-Media&amp;Web\u00a9\"},\"url\":\"https:\/\/nagykokenyes.hu\/?author=1\"}]}<\/script>\n<!-- \/ Yoast SEO plugin. -->","yoast_head_json":{"title":"T\u00e1j\u00e9koztat\u00e1s postai szolg\u00e1ltat\u00f3hely ideiglenes nyitvatart\u00e1s sz\u0171k\u00edt\u00e9s\u00e9r\u0151l - Nagyk\u00f6k\u00e9nyes K\u00f6zs\u00e9g \u00d6nkorm\u00e1nyzata","robots":{"index":"index","follow":"follow","max-snippet":"max-snippet:-1","max-image-preview":"max-image-preview:large","max-video-preview":"max-video-preview:-1"},"canonical":"https:\/\/nagykokenyes.hu\/?p=2726","og_locale":"hu_HU","og_type":"article","og_title":"T\u00e1j\u00e9koztat\u00e1s postai szolg\u00e1ltat\u00f3hely ideiglenes nyitvatart\u00e1s sz\u0171k\u00edt\u00e9s\u00e9r\u0151l - Nagyk\u00f6k\u00e9nyes K\u00f6zs\u00e9g \u00d6nkorm\u00e1nyzata","og_description":"T\u00e1j\u00e9koztatJUK a tisztelt lakoss\u00e1got, hogy a Magyar Posta Zrt. Kelet-magyarorsz\u00e1gi Ter\u00fcleti Igazgat\u00f3s\u00e1g ir\u00e1ny\u00edt\u00e1sa al\u00e1 tartoz\u00f3 Nagyk\u00f6k\u00e9nyes posta (Szabads\u00e1g \u00fat 37.) 2020. \u00e1prilis 20-t\u00f3l ideiglenesen sz\u0171k\u00edtett nyitvatart\u00e1ssal \u00fczemel, h\u00e9tk\u00f6znapokon 08:00-10:00 \u00f3ra k\u00f6z\u00f6tt. Meg\u00e9rt\u00e9s\u00fcket k\u00f6sz\u00f6nj\u00fck!","og_url":"https:\/\/nagykokenyes.hu\/?p=2726","og_site_name":"Nagyk\u00f6k\u00e9nyes K\u00f6zs\u00e9g \u00d6nkorm\u00e1nyzata","article_published_time":"2020-04-20T21:11:31+00:00","og_image":[{"url":"https:\/\/nagykokenyes.hu\/wp-content\/uploads\/2020\/04\/magyar_posta_logo_square.jpg","type":"","width":"","height":""}],"author":"Toldi-Media&amp;Web\u00a9","twitter_card":"summary_large_image","twitter_misc":{"Szerz\u0151:":"Toldi-Media&amp;Web\u00a9"},"schema":{"@context":"https:\/\/schema.org","@graph":[{"@type":"WebPage","@id":"https:\/\/nagykokenyes.hu\/?p=2726","url":"https:\/\/nagykokenyes.hu\/?p=2726","name":"T\u00e1j\u00e9koztat\u00e1s postai szolg\u00e1ltat\u00f3hely ideiglenes nyitvatart\u00e1s sz\u0171k\u00edt\u00e9s\u00e9r\u0151l - Nagyk\u00f6k\u00e9nyes K\u00f6zs\u00e9g \u00d6nkorm\u00e1nyzata","isPartOf":{"@id":"https:\/\/nagykokenyes.hu\/#website"},"primaryImageOfPage":{"@id":"https:\/\/nagykokenyes.hu\/?p=2726#primaryimage"},"image":{"@id":"https:\/\/nagykokenyes.hu\/?p=2726#primaryimage"},"thumbnailUrl":"https:\/\/nagykokenyes.hu\/wp-content\/uploads\/2020\/04\/magyar_posta_logo_square.jpg","datePublished":"2020-04-20T21:11:31+00:00","author":{"@id":"https:\/\/nagykokenyes.hu\/#\/schema\/person\/ba2ba93c7c7503248716e2c9b3e03cb9"},"breadcrumb":{"@id":"https:\/\/nagykokenyes.hu\/?p=2726#breadcrumb"},"inLanguage":"hu","potentialAction":[{"@type":"ReadAction","target":["https:\/\/nagykokenyes.hu\/?p=2726"]}]},{"@type":"ImageObject","inLanguage":"hu","@id":"https:\/\/nagykokenyes.hu\/?p=2726#primaryimage","url":"https:\/\/nagykokenyes.hu\/wp-content\/uploads\/2020\/04\/magyar_posta_logo_square.jpg","contentUrl":"https:\/\/nagykokenyes.hu\/wp-content\/uploads\/2020\/04\/magyar_posta_logo_square.jpg"},{"@type":"BreadcrumbList","@id":"https:\/\/nagykokenyes.hu\/?p=2726#breadcrumb","itemListElement":[{"@type":"ListItem","position":1,"name":"Kezd\u0151lap","item":"https:\/\/nagykokenyes.hu\/"},{"@type":"ListItem","position":2,"name":"T\u00e1j\u00e9koztat\u00e1s postai szolg\u00e1ltat\u00f3hely ideiglenes nyitvatart\u00e1s sz\u0171k\u00edt\u00e9s\u00e9r\u0151l"}]},{"@type":"WebSite","@id":"https:\/\/nagykokenyes.hu\/#website","url":"https:\/\/nagykokenyes.hu\/","name":"Nagyk\u00f6k\u00e9nyes K\u00f6zs\u00e9g \u00d6nkorm\u00e1nyzata","description":"","potentialAction":[{"@type":"SearchAction","target":{"@type":"EntryPoint","urlTemplate":"https:\/\/nagykokenyes.hu\/?s={search_term_string}"},"query-input":{"@type":"PropertyValueSpecification","valueRequired":true,"valueName":"search_term_string"}}],"inLanguage":"hu"},{"@type":"Person","@id":"https:\/\/nagykokenyes.hu\/#\/schema\/person\/ba2ba93c7c7503248716e2c9b3e03cb9","name":"Toldi-Media&amp;Web\u00a9","image":{"@type":"ImageObject","inLanguage":"hu","@id":"https:\/\/nagykokenyes.hu\/#\/schema\/person\/image\/","url":"https:\/\/secure.gravatar.com\/avatar\/2dac2571de4f37e90c24eb6e6ae2792d9014feeaa0958c550badf9cc9089b3f4?s=96&d=mm&r=g","contentUrl":"https:\/\/secure.gravatar.com\/avatar\/2dac2571de4f37e90c24eb6e6ae2792d9014feeaa0958c550badf9cc9089b3f4?s=96&d=mm&r=g","caption":"Toldi-Media&amp;Web\u00a9"},"url":"https:\/\/nagykokenyes.hu\/?author=1"}]}},"_links":{"self":[{"href":"https:\/\/nagykokenyes.hu\/index.php?rest_route=\/wp\/v2\/posts\/2726","targetHints":{"allow":["GET"]}}],"collection":[{"href":"https:\/\/nagykokenyes.hu\/index.php?rest_route=\/wp\/v2\/posts"}],"about":[{"href":"https:\/\/nagykokenyes.hu\/index.php?rest_route=\/wp\/v2\/types\/post"}],"author":[{"embeddable":true,"href":"https:\/\/nagykokenyes.hu\/index.php?rest_route=\/wp\/v2\/users\/1"}],"replies":[{"embeddable":true,"href":"https:\/\/nagykokenyes.hu\/index.php?rest_route=%2Fwp%2Fv2%2Fcomments&post=2726"}],"version-history":[{"count":3,"href":"https:\/\/nagykokenyes.hu\/index.php?rest_route=\/wp\/v2\/posts\/2726\/revisions"}],"predecessor-version":[{"id":2729,"href":"https:\/\/nagykokenyes.hu\/index.php?rest_route=\/wp\/v2\/posts\/2726\/revisions\/2729"}],"wp:attachment":[{"href":"https:\/\/nagykokenyes.hu\/index.php?rest_route=%2Fwp%2Fv2%2Fmedia&parent=2726"}],"wp:term":[{"taxonomy":"category","embeddable":true,"href":"https:\/\/nagykokenyes.hu\/index.php?rest_route=%2Fwp%2Fv2%2Fcategories&post=2726"},{"taxonomy":"post_tag","embeddable":true,"href":"https:\/\/nagykokenyes.hu\/index.php?rest_route=%2Fwp%2Fv2%2Ftags&post=2726"}],"curies":[{"name":"wp","href":"https:\/\/api.w.org\/{rel}","templated":true}]}}