{"id":2733,"date":"2020-04-26T21:03:22","date_gmt":"2020-04-26T21:03:22","guid":{"rendered":"https:\/\/nagykokenyes.hu\/?p=2733"},"modified":"2020-04-26T21:03:22","modified_gmt":"2020-04-26T21:03:22","slug":"a-premontrei-orokseg-filmpremier","status":"publish","type":"post","link":"https:\/\/nagykokenyes.hu\/?p=2733","title":{"rendered":"A premontrei \u00f6r\u00f6ks\u00e9g &#8211; Filmpremier"},"content":{"rendered":"<p style=\"font-weight: 400; text-align: justify;\">A premontrei szerzetesrend 2021-ben \u00fcnnepli fenn\u00e1ll\u00e1s\u00e1nak 900 \u00e9ves \u00e9vfordul\u00f3j\u00e1t. Magyarorsz\u00e1gon m\u00e1r az alap\u00edt\u00f3, Szent Norbert \u00e9let\u00e9ben jelen voltak a premontreiek, sorsuk az orsz\u00e1g t\u00f6rt\u00e9nelm\u00e9vel \u00f6sszefon\u00f3dott.<\/p>\n<p style=\"font-weight: 400; text-align: justify;\">Mit csin\u00e1lnak ma, a 21. sz\u00e1zadban a rend tagjai? Kicsod\u00e1k \u0151k? Szerzetesek, papok \u00e9s n\u0151v\u00e9rek, akiknek \u00fcnnep\u00e9lyes k\u00f6z\u00f6ss\u00e9gi im\u00e1ds\u00e1g, lelkip\u00e1sztorkod\u00e1s, tan\u00edt\u00e1s \u00e9s szeg\u00e9nygondoz\u00e1s jel\u00f6li meg \u00e9let\u00fcket.<\/p>\n<p style=\"font-weight: 400; text-align: justify;\">H\u00e1rom \u00e9ven \u00e1t tart\u00f3 munka lez\u00e1rult\u00e1nak eredm\u00e9nyek\u00e9ppen k\u00e9sz\u00fclt el\u00a0<strong>A premontrei \u00f6r\u00f6ks\u00e9g<\/strong>\u00a0c\u00edm\u0171, eg\u00e9sz est\u00e9s dokumentumfilm, mely megrend\u00edt\u0151 val\u00f3s\u00e1g\u00e1ban \u00e1br\u00e1zolja a rend k\u00f6z\u00f6ss\u00e9g\u00e9t, csendes \u00e9s al\u00e1zatos munk\u00e1j\u00e1t t\u00e1rsadalmunk mindennapjaiban.<\/p>\n<p style=\"font-weight: 400; text-align: justify;\">A Csornai Premontrei Pr\u00e9posts\u00e1g, a G\u00f6d\u00f6ll\u0151i Premontrei Ap\u00e1ts\u00e1g, a V\u00e1radhegyfoki Premontrei Pr\u00e9posts\u00e1g \u00e9s a Premontrei N\u0151i Kanonokrend tagjai, \u0151k, sz\u00e1m szerint negyvenen alkotj\u00e1k a Magyar Premontrei Cirk\u00e1ri\u00e1t. Budapest, Csorna, G\u00f6d\u00f6ll\u0151, Keszthely, Nagyk\u00f6k\u00e9nyes, Nagyv\u00e1rad, Szombathely, T\u00fcrje, Zs\u00e1mb\u00e9k \u00e9s t\u00f6bb m\u00e1s kisebb telep\u00fcl\u00e9s mondhatja mag\u00e1\u00e9nak rendh\u00e1zaikat, templomaikat, iskol\u00e1ikat, szoci\u00e1lis int\u00e9zm\u00e9nyeiket. A film k\u00e9sz\u00edt\u0151i h\u00e1rom \u00e9ven kereszt\u00fcl k\u00f6vett\u00e9k a k\u00f6z\u00f6ss\u00e9gek \u00e9let\u00e9t, betekint\u00e9st nyertek a legh\u00e9tk\u00f6znapibb \u00e9s leg\u00fcnnepibb alkalmaiba, \u00edgy az eddigin\u00e9l teljesebb k\u00e9pet kaphatunk a premontreiek orsz\u00e1gunkban bet\u00f6lt\u00f6tt szerep\u00e9r\u0151l.<\/p>\n<p style=\"font-weight: 400; text-align: justify;\">\u00c9rdekess\u00e9g \u00e9s szerencs\u00e9s egybees\u00e9s, hogy film\u00fcnk pont a papi \u00e9s szerzetesi hivat\u00e1sok vas\u00e1rnapj\u00e1n (h\u00fasv\u00e9t negyedik vas\u00e1rnapj\u00e1n) ker\u00fcl a k\u00f6z\u00f6ns\u00e9g el\u00e9. B\u00edzunk abban, hogy a k\u00f6zreadott film \u00e9rt\u00e9kes gy\u00fcm\u00f6lcs\u00f6ket terem; otthonainkban, csal\u00e1di k\u00f6rnyezetben, nyugalomban val\u00f3 megtekint\u00e9se \u00faj ajt\u00f3kat nyit Istenre \u00e9s a vil\u00e1gra, s k\u00f6zelebb hozza az imm\u00e1r 900 \u00e9ves premontrei rendet a 21. sz\u00e1zadi emberhez.<\/p>\n<p style=\"font-weight: 400; text-align: justify;\"><strong>\u00d6r\u00f6mmel h\u00edvunk most a film online bemutat\u00f3j\u00e1ra, mely 2020. m\u00e1jus 3-\u00e1n, 20.00 \u00f3r\u00e1t\u00f3l lesz!<\/strong><\/p>\n<p><iframe loading=\"lazy\" title=\"A premontrei \u00f6r\u00f6ks\u00e9g - online filmpremier - STREAM\" width=\"500\" height=\"281\" src=\"https:\/\/www.youtube.com\/embed\/sdmZKy0mS8I?feature=oembed\" frameborder=\"0\" allow=\"accelerometer; autoplay; clipboard-write; encrypted-media; gyroscope; picture-in-picture; web-share\" referrerpolicy=\"strict-origin-when-cross-origin\" allowfullscreen><\/iframe><\/p>\n","protected":false},"excerpt":{"rendered":"<p>A premontrei szerzetesrend 2021-ben \u00fcnnepli fenn\u00e1ll\u00e1s\u00e1nak 900 \u00e9ves \u00e9vfordul\u00f3j\u00e1t. Magyarorsz\u00e1gon m\u00e1r az alap\u00edt\u00f3, Szent Norbert \u00e9let\u00e9ben jelen voltak a premontreiek, sorsuk az orsz\u00e1g t\u00f6rt\u00e9nelm\u00e9vel \u00f6sszefon\u00f3dott. Mit csin\u00e1lnak ma, a 21. sz\u00e1zadban a rend tagjai? Kicsod\u00e1k \u0151k? Szerzetesek, papok \u00e9s n\u0151v\u00e9rek, akiknek \u00fcnnep\u00e9lyes k\u00f6z\u00f6ss\u00e9gi im\u00e1ds\u00e1g, lelkip\u00e1sztorkod\u00e1s, tan\u00edt\u00e1s \u00e9s szeg\u00e9nygondoz\u00e1s jel\u00f6li meg \u00e9let\u00fcket. H\u00e1rom \u00e9ven \u00e1t tart\u00f3 [&hellip;]<\/p>\n","protected":false},"author":1,"featured_media":0,"comment_status":"closed","ping_status":"closed","sticky":false,"template":"","format":"standard","meta":{"footnotes":""},"categories":[1],"tags":[],"class_list":["post-2733","post","type-post","status-publish","format-standard","hentry","category-egyeb"],"yoast_head":"<!-- This site is optimized with the Yoast SEO plugin v26.5 - https:\/\/yoast.com\/wordpress\/plugins\/seo\/ -->\n<title>A premontrei \u00f6r\u00f6ks\u00e9g - Filmpremier - Nagyk\u00f6k\u00e9nyes K\u00f6zs\u00e9g \u00d6nkorm\u00e1nyzata<\/title>\n<meta name=\"robots\" content=\"index, follow, max-snippet:-1, max-image-preview:large, max-video-preview:-1\" \/>\n<link rel=\"canonical\" href=\"https:\/\/nagykokenyes.hu\/?p=2733\" \/>\n<meta property=\"og:locale\" content=\"hu_HU\" \/>\n<meta property=\"og:type\" content=\"article\" \/>\n<meta property=\"og:title\" content=\"A premontrei \u00f6r\u00f6ks\u00e9g - Filmpremier - Nagyk\u00f6k\u00e9nyes K\u00f6zs\u00e9g \u00d6nkorm\u00e1nyzata\" \/>\n<meta property=\"og:description\" content=\"A premontrei szerzetesrend 2021-ben \u00fcnnepli fenn\u00e1ll\u00e1s\u00e1nak 900 \u00e9ves \u00e9vfordul\u00f3j\u00e1t. Magyarorsz\u00e1gon m\u00e1r az alap\u00edt\u00f3, Szent Norbert \u00e9let\u00e9ben jelen voltak a premontreiek, sorsuk az orsz\u00e1g t\u00f6rt\u00e9nelm\u00e9vel \u00f6sszefon\u00f3dott. Mit csin\u00e1lnak ma, a 21. sz\u00e1zadban a rend tagjai? Kicsod\u00e1k \u0151k? Szerzetesek, papok \u00e9s n\u0151v\u00e9rek, akiknek \u00fcnnep\u00e9lyes k\u00f6z\u00f6ss\u00e9gi im\u00e1ds\u00e1g, lelkip\u00e1sztorkod\u00e1s, tan\u00edt\u00e1s \u00e9s szeg\u00e9nygondoz\u00e1s jel\u00f6li meg \u00e9let\u00fcket. H\u00e1rom \u00e9ven \u00e1t tart\u00f3 [&hellip;]\" \/>\n<meta property=\"og:url\" content=\"https:\/\/nagykokenyes.hu\/?p=2733\" \/>\n<meta property=\"og:site_name\" content=\"Nagyk\u00f6k\u00e9nyes K\u00f6zs\u00e9g \u00d6nkorm\u00e1nyzata\" \/>\n<meta property=\"article:published_time\" content=\"2020-04-26T21:03:22+00:00\" \/>\n<meta name=\"author\" content=\"Toldi-Media&amp;Web\u00a9\" \/>\n<meta name=\"twitter:card\" content=\"summary_large_image\" \/>\n<meta name=\"twitter:label1\" content=\"Szerz\u0151:\" \/>\n\t<meta name=\"twitter:data1\" content=\"Toldi-Media&amp;Web\u00a9\" \/>\n\t<meta name=\"twitter:label2\" content=\"Becs\u00fclt olvas\u00e1si id\u0151\" \/>\n\t<meta name=\"twitter:data2\" content=\"2 perc\" \/>\n<script type=\"application\/ld+json\" class=\"yoast-schema-graph\">{\"@context\":\"https:\/\/schema.org\",\"@graph\":[{\"@type\":\"WebPage\",\"@id\":\"https:\/\/nagykokenyes.hu\/?p=2733\",\"url\":\"https:\/\/nagykokenyes.hu\/?p=2733\",\"name\":\"A premontrei \u00f6r\u00f6ks\u00e9g - Filmpremier - Nagyk\u00f6k\u00e9nyes K\u00f6zs\u00e9g \u00d6nkorm\u00e1nyzata\",\"isPartOf\":{\"@id\":\"https:\/\/nagykokenyes.hu\/#website\"},\"datePublished\":\"2020-04-26T21:03:22+00:00\",\"author\":{\"@id\":\"https:\/\/nagykokenyes.hu\/#\/schema\/person\/ba2ba93c7c7503248716e2c9b3e03cb9\"},\"breadcrumb\":{\"@id\":\"https:\/\/nagykokenyes.hu\/?p=2733#breadcrumb\"},\"inLanguage\":\"hu\",\"potentialAction\":[{\"@type\":\"ReadAction\",\"target\":[\"https:\/\/nagykokenyes.hu\/?p=2733\"]}]},{\"@type\":\"BreadcrumbList\",\"@id\":\"https:\/\/nagykokenyes.hu\/?p=2733#breadcrumb\",\"itemListElement\":[{\"@type\":\"ListItem\",\"position\":1,\"name\":\"Kezd\u0151lap\",\"item\":\"https:\/\/nagykokenyes.hu\/\"},{\"@type\":\"ListItem\",\"position\":2,\"name\":\"A premontrei \u00f6r\u00f6ks\u00e9g &#8211; Filmpremier\"}]},{\"@type\":\"WebSite\",\"@id\":\"https:\/\/nagykokenyes.hu\/#website\",\"url\":\"https:\/\/nagykokenyes.hu\/\",\"name\":\"Nagyk\u00f6k\u00e9nyes K\u00f6zs\u00e9g \u00d6nkorm\u00e1nyzata\",\"description\":\"\",\"potentialAction\":[{\"@type\":\"SearchAction\",\"target\":{\"@type\":\"EntryPoint\",\"urlTemplate\":\"https:\/\/nagykokenyes.hu\/?s={search_term_string}\"},\"query-input\":{\"@type\":\"PropertyValueSpecification\",\"valueRequired\":true,\"valueName\":\"search_term_string\"}}],\"inLanguage\":\"hu\"},{\"@type\":\"Person\",\"@id\":\"https:\/\/nagykokenyes.hu\/#\/schema\/person\/ba2ba93c7c7503248716e2c9b3e03cb9\",\"name\":\"Toldi-Media&amp;Web\u00a9\",\"image\":{\"@type\":\"ImageObject\",\"inLanguage\":\"hu\",\"@id\":\"https:\/\/nagykokenyes.hu\/#\/schema\/person\/image\/\",\"url\":\"https:\/\/secure.gravatar.com\/avatar\/2dac2571de4f37e90c24eb6e6ae2792d9014feeaa0958c550badf9cc9089b3f4?s=96&d=mm&r=g\",\"contentUrl\":\"https:\/\/secure.gravatar.com\/avatar\/2dac2571de4f37e90c24eb6e6ae2792d9014feeaa0958c550badf9cc9089b3f4?s=96&d=mm&r=g\",\"caption\":\"Toldi-Media&amp;Web\u00a9\"},\"url\":\"https:\/\/nagykokenyes.hu\/?author=1\"}]}<\/script>\n<!-- \/ Yoast SEO plugin. -->","yoast_head_json":{"title":"A premontrei \u00f6r\u00f6ks\u00e9g - Filmpremier - Nagyk\u00f6k\u00e9nyes K\u00f6zs\u00e9g \u00d6nkorm\u00e1nyzata","robots":{"index":"index","follow":"follow","max-snippet":"max-snippet:-1","max-image-preview":"max-image-preview:large","max-video-preview":"max-video-preview:-1"},"canonical":"https:\/\/nagykokenyes.hu\/?p=2733","og_locale":"hu_HU","og_type":"article","og_title":"A premontrei \u00f6r\u00f6ks\u00e9g - Filmpremier - Nagyk\u00f6k\u00e9nyes K\u00f6zs\u00e9g \u00d6nkorm\u00e1nyzata","og_description":"A premontrei szerzetesrend 2021-ben \u00fcnnepli fenn\u00e1ll\u00e1s\u00e1nak 900 \u00e9ves \u00e9vfordul\u00f3j\u00e1t. Magyarorsz\u00e1gon m\u00e1r az alap\u00edt\u00f3, Szent Norbert \u00e9let\u00e9ben jelen voltak a premontreiek, sorsuk az orsz\u00e1g t\u00f6rt\u00e9nelm\u00e9vel \u00f6sszefon\u00f3dott. Mit csin\u00e1lnak ma, a 21. sz\u00e1zadban a rend tagjai? Kicsod\u00e1k \u0151k? Szerzetesek, papok \u00e9s n\u0151v\u00e9rek, akiknek \u00fcnnep\u00e9lyes k\u00f6z\u00f6ss\u00e9gi im\u00e1ds\u00e1g, lelkip\u00e1sztorkod\u00e1s, tan\u00edt\u00e1s \u00e9s szeg\u00e9nygondoz\u00e1s jel\u00f6li meg \u00e9let\u00fcket. H\u00e1rom \u00e9ven \u00e1t tart\u00f3 [&hellip;]","og_url":"https:\/\/nagykokenyes.hu\/?p=2733","og_site_name":"Nagyk\u00f6k\u00e9nyes K\u00f6zs\u00e9g \u00d6nkorm\u00e1nyzata","article_published_time":"2020-04-26T21:03:22+00:00","author":"Toldi-Media&amp;Web\u00a9","twitter_card":"summary_large_image","twitter_misc":{"Szerz\u0151:":"Toldi-Media&amp;Web\u00a9","Becs\u00fclt olvas\u00e1si id\u0151":"2 perc"},"schema":{"@context":"https:\/\/schema.org","@graph":[{"@type":"WebPage","@id":"https:\/\/nagykokenyes.hu\/?p=2733","url":"https:\/\/nagykokenyes.hu\/?p=2733","name":"A premontrei \u00f6r\u00f6ks\u00e9g - Filmpremier - Nagyk\u00f6k\u00e9nyes K\u00f6zs\u00e9g \u00d6nkorm\u00e1nyzata","isPartOf":{"@id":"https:\/\/nagykokenyes.hu\/#website"},"datePublished":"2020-04-26T21:03:22+00:00","author":{"@id":"https:\/\/nagykokenyes.hu\/#\/schema\/person\/ba2ba93c7c7503248716e2c9b3e03cb9"},"breadcrumb":{"@id":"https:\/\/nagykokenyes.hu\/?p=2733#breadcrumb"},"inLanguage":"hu","potentialAction":[{"@type":"ReadAction","target":["https:\/\/nagykokenyes.hu\/?p=2733"]}]},{"@type":"BreadcrumbList","@id":"https:\/\/nagykokenyes.hu\/?p=2733#breadcrumb","itemListElement":[{"@type":"ListItem","position":1,"name":"Kezd\u0151lap","item":"https:\/\/nagykokenyes.hu\/"},{"@type":"ListItem","position":2,"name":"A premontrei \u00f6r\u00f6ks\u00e9g &#8211; Filmpremier"}]},{"@type":"WebSite","@id":"https:\/\/nagykokenyes.hu\/#website","url":"https:\/\/nagykokenyes.hu\/","name":"Nagyk\u00f6k\u00e9nyes K\u00f6zs\u00e9g \u00d6nkorm\u00e1nyzata","description":"","potentialAction":[{"@type":"SearchAction","target":{"@type":"EntryPoint","urlTemplate":"https:\/\/nagykokenyes.hu\/?s={search_term_string}"},"query-input":{"@type":"PropertyValueSpecification","valueRequired":true,"valueName":"search_term_string"}}],"inLanguage":"hu"},{"@type":"Person","@id":"https:\/\/nagykokenyes.hu\/#\/schema\/person\/ba2ba93c7c7503248716e2c9b3e03cb9","name":"Toldi-Media&amp;Web\u00a9","image":{"@type":"ImageObject","inLanguage":"hu","@id":"https:\/\/nagykokenyes.hu\/#\/schema\/person\/image\/","url":"https:\/\/secure.gravatar.com\/avatar\/2dac2571de4f37e90c24eb6e6ae2792d9014feeaa0958c550badf9cc9089b3f4?s=96&d=mm&r=g","contentUrl":"https:\/\/secure.gravatar.com\/avatar\/2dac2571de4f37e90c24eb6e6ae2792d9014feeaa0958c550badf9cc9089b3f4?s=96&d=mm&r=g","caption":"Toldi-Media&amp;Web\u00a9"},"url":"https:\/\/nagykokenyes.hu\/?author=1"}]}},"_links":{"self":[{"href":"https:\/\/nagykokenyes.hu\/index.php?rest_route=\/wp\/v2\/posts\/2733","targetHints":{"allow":["GET"]}}],"collection":[{"href":"https:\/\/nagykokenyes.hu\/index.php?rest_route=\/wp\/v2\/posts"}],"about":[{"href":"https:\/\/nagykokenyes.hu\/index.php?rest_route=\/wp\/v2\/types\/post"}],"author":[{"embeddable":true,"href":"https:\/\/nagykokenyes.hu\/index.php?rest_route=\/wp\/v2\/users\/1"}],"replies":[{"embeddable":true,"href":"https:\/\/nagykokenyes.hu\/index.php?rest_route=%2Fwp%2Fv2%2Fcomments&post=2733"}],"version-history":[{"count":2,"href":"https:\/\/nagykokenyes.hu\/index.php?rest_route=\/wp\/v2\/posts\/2733\/revisions"}],"predecessor-version":[{"id":2735,"href":"https:\/\/nagykokenyes.hu\/index.php?rest_route=\/wp\/v2\/posts\/2733\/revisions\/2735"}],"wp:attachment":[{"href":"https:\/\/nagykokenyes.hu\/index.php?rest_route=%2Fwp%2Fv2%2Fmedia&parent=2733"}],"wp:term":[{"taxonomy":"category","embeddable":true,"href":"https:\/\/nagykokenyes.hu\/index.php?rest_route=%2Fwp%2Fv2%2Fcategories&post=2733"},{"taxonomy":"post_tag","embeddable":true,"href":"https:\/\/nagykokenyes.hu\/index.php?rest_route=%2Fwp%2Fv2%2Ftags&post=2733"}],"curies":[{"name":"wp","href":"https:\/\/api.w.org\/{rel}","templated":true}]}}