{"id":3196,"date":"2020-09-23T14:28:47","date_gmt":"2020-09-23T12:28:47","guid":{"rendered":"https:\/\/nagykokenyes.hu\/?p=3196"},"modified":"2020-09-23T14:36:00","modified_gmt":"2020-09-23T12:36:00","slug":"szombaton-folytatodik-az-agrarcenzus-sajtokozlemeny","status":"publish","type":"post","link":"https:\/\/nagykokenyes.hu\/?p=3196","title":{"rendered":"Szombaton folytat\u00f3dik az agr\u00e1rcenzus &#8211; Sajt\u00f3k\u00f6zlem\u00e9ny"},"content":{"rendered":"<h3 style=\"text-align: justify;\"><strong><em><a href=\"https:\/\/nagykokenyes.hu\/wp-content\/uploads\/2020\/09\/ac2020_logo.png\"><img loading=\"lazy\" decoding=\"async\" class=\"wp-image-3200 alignleft\" src=\"https:\/\/nagykokenyes.hu\/wp-content\/uploads\/2020\/09\/ac2020_logo.png\" alt=\"\" width=\"229\" height=\"137\" \/><\/a>Szeptember 19. \u00e9s november 22. k\u00f6z\u00f6tt \u00f6ssze\u00edr\u00f3k keresik fel a gazd\u00e1kat.<\/em><\/strong><\/h3>\n<p style=\"text-align: justify;\"><strong>Folytat\u00f3dik a K\u00f6zponti Statisztikai Hivatal (KSH) mez\u0151gazdas\u00e1gi \u00f6ssze\u00edr\u00e1sa, az Agr\u00e1rcenzus 2020, amely sor\u00e1n szem\u00e9lyesen keresik fel a gazd\u00e1kat az \u00f6ssze\u00edr\u00f3k. A hazai mez\u0151gazdas\u00e1gi termel\u00e9s aktu\u00e1lis helyzet\u00e9t felm\u00e9r\u0151, teljes k\u00f6r\u0171, orsz\u00e1gos felv\u00e9telb\u0151l nyert adatok a k\u00f6vetkez\u0151 \u00e9vek d\u00f6nt\u00e9seit, forr\u00e1sfelhaszn\u00e1l\u00e1s\u00e1t alapjaiban befoly\u00e1solj\u00e1k, ez\u00e9rt a pontos v\u00e1laszad\u00e1s a mez\u0151gazdas\u00e1gban dolgoz\u00f3k kiemelt \u00e9rdeke. <\/strong><strong>A felm\u00e9r\u00e9s els\u0151 szakasza \u2013 amelyben online lehetett kit\u00f6lteni a k\u00e9rd\u0151\u00edvet \u2013 j\u00fanius 5. \u00e9s 30. k\u00f6z\u00f6tt volt.<\/strong><\/p>\n<p style=\"text-align: justify;\">Agr\u00e1rcenzust t\u00edz\u00e9vente hajtanak v\u00e9gre a vil\u00e1g minden t\u00e1j\u00e1n, az Eur\u00f3pai Uni\u00f3 tag\u00e1llamaiban erre 2019 \u0151sze \u00e9s 2021 tavasza k\u00f6z\u00f6tt ker\u00fcl sor. A KSH az idei \u00f6ssze\u00edr\u00e1s sor\u00e1n megkeres minden olyan egy\u00e9ni gazdas\u00e1got, amelyek a kor\u00e1bbi felm\u00e9r\u00e9sek, illetve az adminisztrat\u00edv nyilv\u00e1ntart\u00e1sok alapj\u00e1n \u00e9rt\u00e9kes\u00edt\u00e9si c\u00e9llal v\u00e9gezhetnek termel\u00e9st, tov\u00e1bb\u00e1 valamennyi mez\u0151gazdas\u00e1gi tev\u00e9kenys\u00e9get v\u00e9gz\u0151 gazdas\u00e1gi szervezetet. A n\u00e9psz\u00e1ml\u00e1l\u00e1sok ut\u00e1n a m\u00e1sodik legt\u00f6bb embert \u00e9rint\u0151 felm\u00e9r\u00e9s haz\u00e1nkban, \u00f6sszesen mintegy 750 ezer c\u00edmen val\u00f3sul meg.<\/p>\n<p style=\"text-align: justify;\">A felm\u00e9r\u00e9sben a KSH adatokat k\u00e9r t\u00f6bbek k\u00f6z\u00f6tt a n\u00f6v\u00e9nytermeszt\u00e9si jellemz\u0151kr\u0151l, \u00e1llat\u00e1llom\u00e1nyr\u00f3l, a mez\u0151gazdas\u00e1gban dolgoz\u00f3kr\u00f3l, illetve a gazdas\u00e1gok egy r\u00e9sz\u00e9t\u0151l az \u00e9p\u00fcletekr\u0151l, tr\u00e1gy\u00e1z\u00e1si m\u00f3dszerekr\u0151l, tov\u00e1bb\u00e1 a hazai inform\u00e1ci\u00f3ig\u00e9nyeket figyelembe v\u00e9ve az agr\u00e1rdigitaliz\u00e1ci\u00f3r\u00f3l is. \u00cdgy az \u00f6sszegy\u0171jt\u00f6tt adatok sz\u00e9lesk\u00f6r\u0171 elemz\u00e9si lehet\u0151s\u00e9get biztos\u00edtanak majd.<\/p>\n<p><!--more--><\/p>\n<p style=\"text-align: justify;\"><em>\u201eA k\u00f6vetkez\u0151 \u00e9vek hazai \u00e9s EU-s t\u00e1mogat\u00e1si \u00e9s egy\u00e9b agr\u00e1rszakmai d\u00f6nt\u00e9seihez sz\u00fcks\u00e9gesek a pontos inform\u00e1ci\u00f3k, \u00edgy minden gazd\u00e1lkod\u00f3nak \u00e9rdeke f\u0171z\u0151dik a kit\u00f6lt\u00e9shez. Az adatok \u00f6sszes\u00edtett form\u00e1ban, nyilv\u00e1nosan is el\u00e9rhet\u0151k lesznek, amelyek a gazd\u00e1k d\u00f6nt\u00e9seit is seg\u00edthetik\u201d<\/em> \u2013 mondta Dr. Vukovich Gabriella, a KSH eln\u00f6ke.<\/p>\n<p style=\"text-align: justify;\">Az \u00f6ssze\u00edr\u00e1s k\u00e9t hull\u00e1mban val\u00f3sul meg: j\u00fanius 5\u201330-a k\u00f6z\u00f6tt az \u00e9rintettek egy r\u00e9sze online fel\u00fcleten t\u00f6lthette ki a k\u00e9rd\u0151\u00edvet, szeptember 19. \u00e9s november 22. k\u00f6z\u00f6tt pedig az agr\u00e1rcenzus k\u00e9rd\u00e9seire \u00f6ssze\u00edr\u00f3k seg\u00edts\u00e9g\u00e9vel v\u00e1laszolhatnak azok, akik nem vettek r\u00e9szt a felv\u00e9tel ny\u00e1ri szakasz\u00e1ban. A maszkot visel\u0151 \u00f6ssze\u00edr\u00f3k szigor\u00faan \u00fcgyelnek a k\u00f6z\u00f6ss\u00e9gi t\u00e1vols\u00e1gtart\u00e1s szab\u00e1lyainak betart\u00e1s\u00e1ra, a rendszeres k\u00e9zfert\u0151tlen\u00edt\u0151 haszn\u00e1lat\u00e1ra \u00e9s az \u00e9rint\u00e9smentes kommunik\u00e1ci\u00f3ra.<\/p>\n<p style=\"text-align: justify;\">Az adatszolg\u00e1ltat\u00e1st korm\u00e1nyrendelet \u00edrja el\u0151, \u00edgy az \u00e9rintettek sz\u00e1m\u00e1ra a v\u00e1laszad\u00e1s k\u00f6telez\u0151. Az adatokat a KSH statisztikai c\u00e9lra gy\u0171jti, azokat csak \u00f6sszes\u00edtve, n\u00e9v n\u00e9lk\u00fcl publik\u00e1lja.<\/p>\n<p style=\"text-align: justify;\">Az elektronikus adatgy\u0171jt\u00e9s \u00e9s a pontos adatszolg\u00e1ltat\u00e1s lehet\u0151s\u00e9get ny\u00fajt arra, hogy az agr\u00e1rcenzus el\u0151zetes adatait m\u00e1r 2021 tavasz\u00e1n megjelentesse a KSH. A r\u00e9szletes, telep\u00fcl\u00e9sszint\u0171 adatok 2021 v\u00e9g\u00e9n v\u00e1lnak hozz\u00e1f\u00e9rhet\u0151v\u00e9.<\/p>\n<p style=\"text-align: justify;\">Tov\u00e1bbi inform\u00e1ci\u00f3 az Agr\u00e1rcenzus 2020 mez\u0151gazdas\u00e1gi \u00f6ssze\u00edr\u00e1sr\u00f3l a k\u00f6vetkez\u0151 linken \u00e9rhet\u0151 el: <a href=\"http:\/\/www.ksh.hu\/agrarcenzusok_agrarium_2020\"><em>www.ksh.hu\/agrarcenzusok_agrarium_2020<\/em><\/a><\/p>\n","protected":false},"excerpt":{"rendered":"<p>Szeptember 19. \u00e9s november 22. k\u00f6z\u00f6tt \u00f6ssze\u00edr\u00f3k keresik fel a gazd\u00e1kat. Folytat\u00f3dik a K\u00f6zponti Statisztikai Hivatal (KSH) mez\u0151gazdas\u00e1gi \u00f6ssze\u00edr\u00e1sa, az Agr\u00e1rcenzus 2020, amely sor\u00e1n szem\u00e9lyesen keresik fel a gazd\u00e1kat az \u00f6ssze\u00edr\u00f3k. A hazai mez\u0151gazdas\u00e1gi termel\u00e9s aktu\u00e1lis helyzet\u00e9t felm\u00e9r\u0151, teljes k\u00f6r\u0171, orsz\u00e1gos felv\u00e9telb\u0151l nyert adatok a k\u00f6vetkez\u0151 \u00e9vek d\u00f6nt\u00e9seit, forr\u00e1sfelhaszn\u00e1l\u00e1s\u00e1t alapjaiban befoly\u00e1solj\u00e1k, ez\u00e9rt a pontos v\u00e1laszad\u00e1s [&hellip;]<\/p>\n","protected":false},"author":3,"featured_media":0,"comment_status":"closed","ping_status":"closed","sticky":false,"template":"","format":"standard","meta":{"footnotes":""},"categories":[1],"tags":[],"class_list":["post-3196","post","type-post","status-publish","format-standard","hentry","category-egyeb"],"yoast_head":"<!-- This site is optimized with the Yoast SEO plugin v26.5 - https:\/\/yoast.com\/wordpress\/plugins\/seo\/ -->\n<title>Szombaton folytat\u00f3dik az agr\u00e1rcenzus - Sajt\u00f3k\u00f6zlem\u00e9ny - Nagyk\u00f6k\u00e9nyes K\u00f6zs\u00e9g \u00d6nkorm\u00e1nyzata<\/title>\n<meta name=\"robots\" content=\"index, follow, max-snippet:-1, max-image-preview:large, max-video-preview:-1\" \/>\n<link rel=\"canonical\" href=\"https:\/\/nagykokenyes.hu\/?p=3196\" \/>\n<meta property=\"og:locale\" content=\"hu_HU\" \/>\n<meta property=\"og:type\" content=\"article\" \/>\n<meta property=\"og:title\" content=\"Szombaton folytat\u00f3dik az agr\u00e1rcenzus - Sajt\u00f3k\u00f6zlem\u00e9ny - Nagyk\u00f6k\u00e9nyes K\u00f6zs\u00e9g \u00d6nkorm\u00e1nyzata\" \/>\n<meta property=\"og:description\" content=\"Szeptember 19. \u00e9s november 22. k\u00f6z\u00f6tt \u00f6ssze\u00edr\u00f3k keresik fel a gazd\u00e1kat. Folytat\u00f3dik a K\u00f6zponti Statisztikai Hivatal (KSH) mez\u0151gazdas\u00e1gi \u00f6ssze\u00edr\u00e1sa, az Agr\u00e1rcenzus 2020, amely sor\u00e1n szem\u00e9lyesen keresik fel a gazd\u00e1kat az \u00f6ssze\u00edr\u00f3k. A hazai mez\u0151gazdas\u00e1gi termel\u00e9s aktu\u00e1lis helyzet\u00e9t felm\u00e9r\u0151, teljes k\u00f6r\u0171, orsz\u00e1gos felv\u00e9telb\u0151l nyert adatok a k\u00f6vetkez\u0151 \u00e9vek d\u00f6nt\u00e9seit, forr\u00e1sfelhaszn\u00e1l\u00e1s\u00e1t alapjaiban befoly\u00e1solj\u00e1k, ez\u00e9rt a pontos v\u00e1laszad\u00e1s [&hellip;]\" \/>\n<meta property=\"og:url\" content=\"https:\/\/nagykokenyes.hu\/?p=3196\" \/>\n<meta property=\"og:site_name\" content=\"Nagyk\u00f6k\u00e9nyes K\u00f6zs\u00e9g \u00d6nkorm\u00e1nyzata\" \/>\n<meta property=\"article:published_time\" content=\"2020-09-23T12:28:47+00:00\" \/>\n<meta property=\"article:modified_time\" content=\"2020-09-23T12:36:00+00:00\" \/>\n<meta property=\"og:image\" content=\"https:\/\/nagykokenyes.hu\/wp-content\/uploads\/2020\/09\/ac2020_logo.png\" \/>\n<meta name=\"author\" content=\"Toldi-Media&amp;Web\u00a9\" \/>\n<meta name=\"twitter:card\" content=\"summary_large_image\" \/>\n<meta name=\"twitter:label1\" content=\"Szerz\u0151:\" \/>\n\t<meta name=\"twitter:data1\" content=\"Toldi-Media&amp;Web\u00a9\" \/>\n\t<meta name=\"twitter:label2\" content=\"Becs\u00fclt olvas\u00e1si id\u0151\" \/>\n\t<meta name=\"twitter:data2\" content=\"3 perc\" \/>\n<script type=\"application\/ld+json\" class=\"yoast-schema-graph\">{\"@context\":\"https:\/\/schema.org\",\"@graph\":[{\"@type\":\"WebPage\",\"@id\":\"https:\/\/nagykokenyes.hu\/?p=3196\",\"url\":\"https:\/\/nagykokenyes.hu\/?p=3196\",\"name\":\"Szombaton folytat\u00f3dik az agr\u00e1rcenzus - Sajt\u00f3k\u00f6zlem\u00e9ny - Nagyk\u00f6k\u00e9nyes K\u00f6zs\u00e9g \u00d6nkorm\u00e1nyzata\",\"isPartOf\":{\"@id\":\"https:\/\/nagykokenyes.hu\/#website\"},\"primaryImageOfPage\":{\"@id\":\"https:\/\/nagykokenyes.hu\/?p=3196#primaryimage\"},\"image\":{\"@id\":\"https:\/\/nagykokenyes.hu\/?p=3196#primaryimage\"},\"thumbnailUrl\":\"https:\/\/nagykokenyes.hu\/wp-content\/uploads\/2020\/09\/ac2020_logo.png\",\"datePublished\":\"2020-09-23T12:28:47+00:00\",\"dateModified\":\"2020-09-23T12:36:00+00:00\",\"author\":{\"@id\":\"https:\/\/nagykokenyes.hu\/#\/schema\/person\/91a03ceb98215334e96f799e0fbcb3be\"},\"breadcrumb\":{\"@id\":\"https:\/\/nagykokenyes.hu\/?p=3196#breadcrumb\"},\"inLanguage\":\"hu\",\"potentialAction\":[{\"@type\":\"ReadAction\",\"target\":[\"https:\/\/nagykokenyes.hu\/?p=3196\"]}]},{\"@type\":\"ImageObject\",\"inLanguage\":\"hu\",\"@id\":\"https:\/\/nagykokenyes.hu\/?p=3196#primaryimage\",\"url\":\"https:\/\/nagykokenyes.hu\/wp-content\/uploads\/2020\/09\/ac2020_logo.png\",\"contentUrl\":\"https:\/\/nagykokenyes.hu\/wp-content\/uploads\/2020\/09\/ac2020_logo.png\"},{\"@type\":\"BreadcrumbList\",\"@id\":\"https:\/\/nagykokenyes.hu\/?p=3196#breadcrumb\",\"itemListElement\":[{\"@type\":\"ListItem\",\"position\":1,\"name\":\"Kezd\u0151lap\",\"item\":\"https:\/\/nagykokenyes.hu\/\"},{\"@type\":\"ListItem\",\"position\":2,\"name\":\"Szombaton folytat\u00f3dik az agr\u00e1rcenzus &#8211; Sajt\u00f3k\u00f6zlem\u00e9ny\"}]},{\"@type\":\"WebSite\",\"@id\":\"https:\/\/nagykokenyes.hu\/#website\",\"url\":\"https:\/\/nagykokenyes.hu\/\",\"name\":\"Nagyk\u00f6k\u00e9nyes K\u00f6zs\u00e9g \u00d6nkorm\u00e1nyzata\",\"description\":\"\",\"potentialAction\":[{\"@type\":\"SearchAction\",\"target\":{\"@type\":\"EntryPoint\",\"urlTemplate\":\"https:\/\/nagykokenyes.hu\/?s={search_term_string}\"},\"query-input\":{\"@type\":\"PropertyValueSpecification\",\"valueRequired\":true,\"valueName\":\"search_term_string\"}}],\"inLanguage\":\"hu\"},{\"@type\":\"Person\",\"@id\":\"https:\/\/nagykokenyes.hu\/#\/schema\/person\/91a03ceb98215334e96f799e0fbcb3be\",\"name\":\"Toldi-Media&amp;Web\u00a9\",\"image\":{\"@type\":\"ImageObject\",\"inLanguage\":\"hu\",\"@id\":\"https:\/\/nagykokenyes.hu\/#\/schema\/person\/image\/\",\"url\":\"https:\/\/secure.gravatar.com\/avatar\/adc3df0c265574e995fc88e9d5fca046c2077c4ac097b10c58e854f5d7ae42ac?s=96&d=mm&r=g\",\"contentUrl\":\"https:\/\/secure.gravatar.com\/avatar\/adc3df0c265574e995fc88e9d5fca046c2077c4ac097b10c58e854f5d7ae42ac?s=96&d=mm&r=g\",\"caption\":\"Toldi-Media&amp;Web\u00a9\"},\"url\":\"https:\/\/nagykokenyes.hu\/?author=3\"}]}<\/script>\n<!-- \/ Yoast SEO plugin. -->","yoast_head_json":{"title":"Szombaton folytat\u00f3dik az agr\u00e1rcenzus - Sajt\u00f3k\u00f6zlem\u00e9ny - Nagyk\u00f6k\u00e9nyes K\u00f6zs\u00e9g \u00d6nkorm\u00e1nyzata","robots":{"index":"index","follow":"follow","max-snippet":"max-snippet:-1","max-image-preview":"max-image-preview:large","max-video-preview":"max-video-preview:-1"},"canonical":"https:\/\/nagykokenyes.hu\/?p=3196","og_locale":"hu_HU","og_type":"article","og_title":"Szombaton folytat\u00f3dik az agr\u00e1rcenzus - Sajt\u00f3k\u00f6zlem\u00e9ny - Nagyk\u00f6k\u00e9nyes K\u00f6zs\u00e9g \u00d6nkorm\u00e1nyzata","og_description":"Szeptember 19. \u00e9s november 22. k\u00f6z\u00f6tt \u00f6ssze\u00edr\u00f3k keresik fel a gazd\u00e1kat. Folytat\u00f3dik a K\u00f6zponti Statisztikai Hivatal (KSH) mez\u0151gazdas\u00e1gi \u00f6ssze\u00edr\u00e1sa, az Agr\u00e1rcenzus 2020, amely sor\u00e1n szem\u00e9lyesen keresik fel a gazd\u00e1kat az \u00f6ssze\u00edr\u00f3k. A hazai mez\u0151gazdas\u00e1gi termel\u00e9s aktu\u00e1lis helyzet\u00e9t felm\u00e9r\u0151, teljes k\u00f6r\u0171, orsz\u00e1gos felv\u00e9telb\u0151l nyert adatok a k\u00f6vetkez\u0151 \u00e9vek d\u00f6nt\u00e9seit, forr\u00e1sfelhaszn\u00e1l\u00e1s\u00e1t alapjaiban befoly\u00e1solj\u00e1k, ez\u00e9rt a pontos v\u00e1laszad\u00e1s [&hellip;]","og_url":"https:\/\/nagykokenyes.hu\/?p=3196","og_site_name":"Nagyk\u00f6k\u00e9nyes K\u00f6zs\u00e9g \u00d6nkorm\u00e1nyzata","article_published_time":"2020-09-23T12:28:47+00:00","article_modified_time":"2020-09-23T12:36:00+00:00","og_image":[{"url":"https:\/\/nagykokenyes.hu\/wp-content\/uploads\/2020\/09\/ac2020_logo.png","type":"","width":"","height":""}],"author":"Toldi-Media&amp;Web\u00a9","twitter_card":"summary_large_image","twitter_misc":{"Szerz\u0151:":"Toldi-Media&amp;Web\u00a9","Becs\u00fclt olvas\u00e1si id\u0151":"3 perc"},"schema":{"@context":"https:\/\/schema.org","@graph":[{"@type":"WebPage","@id":"https:\/\/nagykokenyes.hu\/?p=3196","url":"https:\/\/nagykokenyes.hu\/?p=3196","name":"Szombaton folytat\u00f3dik az agr\u00e1rcenzus - Sajt\u00f3k\u00f6zlem\u00e9ny - Nagyk\u00f6k\u00e9nyes K\u00f6zs\u00e9g \u00d6nkorm\u00e1nyzata","isPartOf":{"@id":"https:\/\/nagykokenyes.hu\/#website"},"primaryImageOfPage":{"@id":"https:\/\/nagykokenyes.hu\/?p=3196#primaryimage"},"image":{"@id":"https:\/\/nagykokenyes.hu\/?p=3196#primaryimage"},"thumbnailUrl":"https:\/\/nagykokenyes.hu\/wp-content\/uploads\/2020\/09\/ac2020_logo.png","datePublished":"2020-09-23T12:28:47+00:00","dateModified":"2020-09-23T12:36:00+00:00","author":{"@id":"https:\/\/nagykokenyes.hu\/#\/schema\/person\/91a03ceb98215334e96f799e0fbcb3be"},"breadcrumb":{"@id":"https:\/\/nagykokenyes.hu\/?p=3196#breadcrumb"},"inLanguage":"hu","potentialAction":[{"@type":"ReadAction","target":["https:\/\/nagykokenyes.hu\/?p=3196"]}]},{"@type":"ImageObject","inLanguage":"hu","@id":"https:\/\/nagykokenyes.hu\/?p=3196#primaryimage","url":"https:\/\/nagykokenyes.hu\/wp-content\/uploads\/2020\/09\/ac2020_logo.png","contentUrl":"https:\/\/nagykokenyes.hu\/wp-content\/uploads\/2020\/09\/ac2020_logo.png"},{"@type":"BreadcrumbList","@id":"https:\/\/nagykokenyes.hu\/?p=3196#breadcrumb","itemListElement":[{"@type":"ListItem","position":1,"name":"Kezd\u0151lap","item":"https:\/\/nagykokenyes.hu\/"},{"@type":"ListItem","position":2,"name":"Szombaton folytat\u00f3dik az agr\u00e1rcenzus &#8211; Sajt\u00f3k\u00f6zlem\u00e9ny"}]},{"@type":"WebSite","@id":"https:\/\/nagykokenyes.hu\/#website","url":"https:\/\/nagykokenyes.hu\/","name":"Nagyk\u00f6k\u00e9nyes K\u00f6zs\u00e9g \u00d6nkorm\u00e1nyzata","description":"","potentialAction":[{"@type":"SearchAction","target":{"@type":"EntryPoint","urlTemplate":"https:\/\/nagykokenyes.hu\/?s={search_term_string}"},"query-input":{"@type":"PropertyValueSpecification","valueRequired":true,"valueName":"search_term_string"}}],"inLanguage":"hu"},{"@type":"Person","@id":"https:\/\/nagykokenyes.hu\/#\/schema\/person\/91a03ceb98215334e96f799e0fbcb3be","name":"Toldi-Media&amp;Web\u00a9","image":{"@type":"ImageObject","inLanguage":"hu","@id":"https:\/\/nagykokenyes.hu\/#\/schema\/person\/image\/","url":"https:\/\/secure.gravatar.com\/avatar\/adc3df0c265574e995fc88e9d5fca046c2077c4ac097b10c58e854f5d7ae42ac?s=96&d=mm&r=g","contentUrl":"https:\/\/secure.gravatar.com\/avatar\/adc3df0c265574e995fc88e9d5fca046c2077c4ac097b10c58e854f5d7ae42ac?s=96&d=mm&r=g","caption":"Toldi-Media&amp;Web\u00a9"},"url":"https:\/\/nagykokenyes.hu\/?author=3"}]}},"_links":{"self":[{"href":"https:\/\/nagykokenyes.hu\/index.php?rest_route=\/wp\/v2\/posts\/3196","targetHints":{"allow":["GET"]}}],"collection":[{"href":"https:\/\/nagykokenyes.hu\/index.php?rest_route=\/wp\/v2\/posts"}],"about":[{"href":"https:\/\/nagykokenyes.hu\/index.php?rest_route=\/wp\/v2\/types\/post"}],"author":[{"embeddable":true,"href":"https:\/\/nagykokenyes.hu\/index.php?rest_route=\/wp\/v2\/users\/3"}],"replies":[{"embeddable":true,"href":"https:\/\/nagykokenyes.hu\/index.php?rest_route=%2Fwp%2Fv2%2Fcomments&post=3196"}],"version-history":[{"count":5,"href":"https:\/\/nagykokenyes.hu\/index.php?rest_route=\/wp\/v2\/posts\/3196\/revisions"}],"predecessor-version":[{"id":3202,"href":"https:\/\/nagykokenyes.hu\/index.php?rest_route=\/wp\/v2\/posts\/3196\/revisions\/3202"}],"wp:attachment":[{"href":"https:\/\/nagykokenyes.hu\/index.php?rest_route=%2Fwp%2Fv2%2Fmedia&parent=3196"}],"wp:term":[{"taxonomy":"category","embeddable":true,"href":"https:\/\/nagykokenyes.hu\/index.php?rest_route=%2Fwp%2Fv2%2Fcategories&post=3196"},{"taxonomy":"post_tag","embeddable":true,"href":"https:\/\/nagykokenyes.hu\/index.php?rest_route=%2Fwp%2Fv2%2Ftags&post=3196"}],"curies":[{"name":"wp","href":"https:\/\/api.w.org\/{rel}","templated":true}]}}