{"id":3257,"date":"2020-10-22T10:03:12","date_gmt":"2020-10-22T08:03:12","guid":{"rendered":"https:\/\/nagykokenyes.hu\/?p=3257"},"modified":"2020-10-25T10:04:36","modified_gmt":"2020-10-25T08:04:36","slug":"veszelyhelyzet-alatt-lejart-okmanyok-csereje","status":"publish","type":"post","link":"https:\/\/nagykokenyes.hu\/?p=3257","title":{"rendered":"Vesz\u00e9lyhelyzet alatt lej\u00e1rt okm\u00e1nyok cser\u00e9je"},"content":{"rendered":"<p style=\"text-align: justify;\">A koronav\u00edrus j\u00e1rv\u00e1ny miatt elrendelt vesz\u00e9lyhelyzetre tekintettel <strong>a 2020. m\u00e1rcius 11. \u00e9s 2020. j\u00falius 3.<\/strong> <strong>k\u00f6z\u00f6tt lej\u00e1rt okm\u00e1nyok<\/strong> Magyarorsz\u00e1g ter\u00fclet\u00e9n <strong>2020. december 15-ig \u00e9rv\u00e9nyesek.<\/strong><\/p>\n<p style=\"text-align: justify;\">K\u00e9rj\u00fck az \u00e9rintett \u00fcgyfeleket, hogy az okm\u00e1nyok \u00e9rv\u00e9nyes\u00edt\u00e9se \u00e9rdek\u00e9ben miel\u0151bb keress\u00e9k fel az illet\u00e9kes hat\u00f3s\u00e1gokat.<\/p>\n<p style=\"text-align: justify;\">A szem\u00e9lyazonos\u00edt\u00f3 igazolv\u00e1nyok, az \u00fatlevelek, a vezet\u0151i enged\u00e9lyek \u00e9s a forgalmi enged\u00e9lyek cser\u00e9j\u00e9t orsz\u00e1gos illet\u00e9kess\u00e9ggel int\u00e9zhetik a korm\u00e1nyablakokban \u00e9s az okm\u00e1nyirod\u00e1kban.<\/p>\n<p style=\"text-align: justify;\">A v\u00e1rakoz\u00e1si id\u0151 \u00e9s a torl\u00f3d\u00e1s elker\u00fcl\u00e9se, valamint a k\u00e9nyelmesebb \u00fcgyint\u00e9z\u00e9s \u00e9rdek\u00e9ben k\u00e9rj\u00fck, hogy el\u0151zetesen <strong>foglaljanak id\u0151pontot a magyarorszag.hu weboldalon<\/strong> <strong>vagy<\/strong> a 24 \u00f3r\u00e1ban, t\u00e9r\u00edt\u00e9smentesen h\u00edvhat\u00f3 <strong>1818 Korm\u00e1nyzati \u00dcgyf\u00e9lvonalon kereszt\u00fcl<\/strong><strong>.<\/strong><\/p>\n<p style=\"text-align: justify;\">A forgalmi enged\u00e9lybe bejegyzett m\u0171szaki \u00e9rv\u00e9nyess\u00e9gi id\u0151 meghosszabb\u00edt\u00e1sa \u00e9rdek\u00e9ben el\u0151zetesen a m\u0171szaki vizsga\u00e1llom\u00e1sokat sz\u00fcks\u00e9ges felkeresni. Felh\u00edvjuk a figyelm\u00fcket, hogy a g\u00e9pj\u00e1rm\u0171 \u00faj m\u0171szaki \u00e9rv\u00e9nyess\u00e9gi ideje a kor\u00e1bbi \u00e9rv\u00e9nyess\u00e9gi id\u0151 lej\u00e1rt\u00e1hoz igazodik, nem hosszabbodik meg az okm\u00e1nyok \u00e1tmeneti \u00e9rv\u00e9nyess\u00e9g\u00e9t biztos\u00edt\u00f3 id\u0151tartammal.<\/p>\n<p style=\"text-align: justify;\">Tov\u00e1bbi inform\u00e1ci\u00f3\u00e9rt felkereshetik a korm\u00e1nyhivatal.hu weboldalt, illetve a Korm\u00e1nyzati \u00dcgyf\u00e9lvonalat a 1818 telefonsz\u00e1mon vagy a 1818.hu weboldalon.<\/p>\n","protected":false},"excerpt":{"rendered":"<p>A koronav\u00edrus j\u00e1rv\u00e1ny miatt elrendelt vesz\u00e9lyhelyzetre tekintettel a 2020. m\u00e1rcius 11. \u00e9s 2020. j\u00falius 3. k\u00f6z\u00f6tt lej\u00e1rt okm\u00e1nyok Magyarorsz\u00e1g ter\u00fclet\u00e9n 2020. december 15-ig \u00e9rv\u00e9nyesek. K\u00e9rj\u00fck az \u00e9rintett \u00fcgyfeleket, hogy az okm\u00e1nyok \u00e9rv\u00e9nyes\u00edt\u00e9se \u00e9rdek\u00e9ben miel\u0151bb keress\u00e9k fel az illet\u00e9kes hat\u00f3s\u00e1gokat. A szem\u00e9lyazonos\u00edt\u00f3 igazolv\u00e1nyok, az \u00fatlevelek, a vezet\u0151i enged\u00e9lyek \u00e9s a forgalmi enged\u00e9lyek cser\u00e9j\u00e9t orsz\u00e1gos illet\u00e9kess\u00e9ggel int\u00e9zhetik [&hellip;]<\/p>\n","protected":false},"author":3,"featured_media":0,"comment_status":"closed","ping_status":"closed","sticky":false,"template":"","format":"standard","meta":{"footnotes":""},"categories":[1],"tags":[],"class_list":["post-3257","post","type-post","status-publish","format-standard","hentry","category-egyeb"],"yoast_head":"<!-- This site is optimized with the Yoast SEO plugin v26.5 - https:\/\/yoast.com\/wordpress\/plugins\/seo\/ -->\n<title>Vesz\u00e9lyhelyzet alatt lej\u00e1rt okm\u00e1nyok cser\u00e9je - Nagyk\u00f6k\u00e9nyes K\u00f6zs\u00e9g \u00d6nkorm\u00e1nyzata<\/title>\n<meta name=\"robots\" content=\"index, follow, max-snippet:-1, max-image-preview:large, max-video-preview:-1\" \/>\n<link rel=\"canonical\" href=\"https:\/\/nagykokenyes.hu\/?p=3257\" \/>\n<meta property=\"og:locale\" content=\"hu_HU\" \/>\n<meta property=\"og:type\" content=\"article\" \/>\n<meta property=\"og:title\" content=\"Vesz\u00e9lyhelyzet alatt lej\u00e1rt okm\u00e1nyok cser\u00e9je - Nagyk\u00f6k\u00e9nyes K\u00f6zs\u00e9g \u00d6nkorm\u00e1nyzata\" \/>\n<meta property=\"og:description\" content=\"A koronav\u00edrus j\u00e1rv\u00e1ny miatt elrendelt vesz\u00e9lyhelyzetre tekintettel a 2020. m\u00e1rcius 11. \u00e9s 2020. j\u00falius 3. k\u00f6z\u00f6tt lej\u00e1rt okm\u00e1nyok Magyarorsz\u00e1g ter\u00fclet\u00e9n 2020. december 15-ig \u00e9rv\u00e9nyesek. K\u00e9rj\u00fck az \u00e9rintett \u00fcgyfeleket, hogy az okm\u00e1nyok \u00e9rv\u00e9nyes\u00edt\u00e9se \u00e9rdek\u00e9ben miel\u0151bb keress\u00e9k fel az illet\u00e9kes hat\u00f3s\u00e1gokat. A szem\u00e9lyazonos\u00edt\u00f3 igazolv\u00e1nyok, az \u00fatlevelek, a vezet\u0151i enged\u00e9lyek \u00e9s a forgalmi enged\u00e9lyek cser\u00e9j\u00e9t orsz\u00e1gos illet\u00e9kess\u00e9ggel int\u00e9zhetik [&hellip;]\" \/>\n<meta property=\"og:url\" content=\"https:\/\/nagykokenyes.hu\/?p=3257\" \/>\n<meta property=\"og:site_name\" content=\"Nagyk\u00f6k\u00e9nyes K\u00f6zs\u00e9g \u00d6nkorm\u00e1nyzata\" \/>\n<meta property=\"article:published_time\" content=\"2020-10-22T08:03:12+00:00\" \/>\n<meta property=\"article:modified_time\" content=\"2020-10-25T08:04:36+00:00\" \/>\n<meta name=\"author\" content=\"Toldi-Media&amp;Web\u00a9\" \/>\n<meta name=\"twitter:card\" content=\"summary_large_image\" \/>\n<meta name=\"twitter:label1\" content=\"Szerz\u0151:\" \/>\n\t<meta name=\"twitter:data1\" content=\"Toldi-Media&amp;Web\u00a9\" \/>\n\t<meta name=\"twitter:label2\" content=\"Becs\u00fclt olvas\u00e1si id\u0151\" \/>\n\t<meta name=\"twitter:data2\" content=\"1 perc\" \/>\n<script type=\"application\/ld+json\" class=\"yoast-schema-graph\">{\"@context\":\"https:\/\/schema.org\",\"@graph\":[{\"@type\":\"WebPage\",\"@id\":\"https:\/\/nagykokenyes.hu\/?p=3257\",\"url\":\"https:\/\/nagykokenyes.hu\/?p=3257\",\"name\":\"Vesz\u00e9lyhelyzet alatt lej\u00e1rt okm\u00e1nyok cser\u00e9je - Nagyk\u00f6k\u00e9nyes K\u00f6zs\u00e9g \u00d6nkorm\u00e1nyzata\",\"isPartOf\":{\"@id\":\"https:\/\/nagykokenyes.hu\/#website\"},\"datePublished\":\"2020-10-22T08:03:12+00:00\",\"dateModified\":\"2020-10-25T08:04:36+00:00\",\"author\":{\"@id\":\"https:\/\/nagykokenyes.hu\/#\/schema\/person\/91a03ceb98215334e96f799e0fbcb3be\"},\"breadcrumb\":{\"@id\":\"https:\/\/nagykokenyes.hu\/?p=3257#breadcrumb\"},\"inLanguage\":\"hu\",\"potentialAction\":[{\"@type\":\"ReadAction\",\"target\":[\"https:\/\/nagykokenyes.hu\/?p=3257\"]}]},{\"@type\":\"BreadcrumbList\",\"@id\":\"https:\/\/nagykokenyes.hu\/?p=3257#breadcrumb\",\"itemListElement\":[{\"@type\":\"ListItem\",\"position\":1,\"name\":\"Kezd\u0151lap\",\"item\":\"https:\/\/nagykokenyes.hu\/\"},{\"@type\":\"ListItem\",\"position\":2,\"name\":\"Vesz\u00e9lyhelyzet alatt lej\u00e1rt okm\u00e1nyok cser\u00e9je\"}]},{\"@type\":\"WebSite\",\"@id\":\"https:\/\/nagykokenyes.hu\/#website\",\"url\":\"https:\/\/nagykokenyes.hu\/\",\"name\":\"Nagyk\u00f6k\u00e9nyes K\u00f6zs\u00e9g \u00d6nkorm\u00e1nyzata\",\"description\":\"\",\"potentialAction\":[{\"@type\":\"SearchAction\",\"target\":{\"@type\":\"EntryPoint\",\"urlTemplate\":\"https:\/\/nagykokenyes.hu\/?s={search_term_string}\"},\"query-input\":{\"@type\":\"PropertyValueSpecification\",\"valueRequired\":true,\"valueName\":\"search_term_string\"}}],\"inLanguage\":\"hu\"},{\"@type\":\"Person\",\"@id\":\"https:\/\/nagykokenyes.hu\/#\/schema\/person\/91a03ceb98215334e96f799e0fbcb3be\",\"name\":\"Toldi-Media&amp;Web\u00a9\",\"image\":{\"@type\":\"ImageObject\",\"inLanguage\":\"hu\",\"@id\":\"https:\/\/nagykokenyes.hu\/#\/schema\/person\/image\/\",\"url\":\"https:\/\/secure.gravatar.com\/avatar\/adc3df0c265574e995fc88e9d5fca046c2077c4ac097b10c58e854f5d7ae42ac?s=96&d=mm&r=g\",\"contentUrl\":\"https:\/\/secure.gravatar.com\/avatar\/adc3df0c265574e995fc88e9d5fca046c2077c4ac097b10c58e854f5d7ae42ac?s=96&d=mm&r=g\",\"caption\":\"Toldi-Media&amp;Web\u00a9\"},\"url\":\"https:\/\/nagykokenyes.hu\/?author=3\"}]}<\/script>\n<!-- \/ Yoast SEO plugin. -->","yoast_head_json":{"title":"Vesz\u00e9lyhelyzet alatt lej\u00e1rt okm\u00e1nyok cser\u00e9je - Nagyk\u00f6k\u00e9nyes K\u00f6zs\u00e9g \u00d6nkorm\u00e1nyzata","robots":{"index":"index","follow":"follow","max-snippet":"max-snippet:-1","max-image-preview":"max-image-preview:large","max-video-preview":"max-video-preview:-1"},"canonical":"https:\/\/nagykokenyes.hu\/?p=3257","og_locale":"hu_HU","og_type":"article","og_title":"Vesz\u00e9lyhelyzet alatt lej\u00e1rt okm\u00e1nyok cser\u00e9je - Nagyk\u00f6k\u00e9nyes K\u00f6zs\u00e9g \u00d6nkorm\u00e1nyzata","og_description":"A koronav\u00edrus j\u00e1rv\u00e1ny miatt elrendelt vesz\u00e9lyhelyzetre tekintettel a 2020. m\u00e1rcius 11. \u00e9s 2020. j\u00falius 3. k\u00f6z\u00f6tt lej\u00e1rt okm\u00e1nyok Magyarorsz\u00e1g ter\u00fclet\u00e9n 2020. december 15-ig \u00e9rv\u00e9nyesek. K\u00e9rj\u00fck az \u00e9rintett \u00fcgyfeleket, hogy az okm\u00e1nyok \u00e9rv\u00e9nyes\u00edt\u00e9se \u00e9rdek\u00e9ben miel\u0151bb keress\u00e9k fel az illet\u00e9kes hat\u00f3s\u00e1gokat. A szem\u00e9lyazonos\u00edt\u00f3 igazolv\u00e1nyok, az \u00fatlevelek, a vezet\u0151i enged\u00e9lyek \u00e9s a forgalmi enged\u00e9lyek cser\u00e9j\u00e9t orsz\u00e1gos illet\u00e9kess\u00e9ggel int\u00e9zhetik [&hellip;]","og_url":"https:\/\/nagykokenyes.hu\/?p=3257","og_site_name":"Nagyk\u00f6k\u00e9nyes K\u00f6zs\u00e9g \u00d6nkorm\u00e1nyzata","article_published_time":"2020-10-22T08:03:12+00:00","article_modified_time":"2020-10-25T08:04:36+00:00","author":"Toldi-Media&amp;Web\u00a9","twitter_card":"summary_large_image","twitter_misc":{"Szerz\u0151:":"Toldi-Media&amp;Web\u00a9","Becs\u00fclt olvas\u00e1si id\u0151":"1 perc"},"schema":{"@context":"https:\/\/schema.org","@graph":[{"@type":"WebPage","@id":"https:\/\/nagykokenyes.hu\/?p=3257","url":"https:\/\/nagykokenyes.hu\/?p=3257","name":"Vesz\u00e9lyhelyzet alatt lej\u00e1rt okm\u00e1nyok cser\u00e9je - Nagyk\u00f6k\u00e9nyes K\u00f6zs\u00e9g \u00d6nkorm\u00e1nyzata","isPartOf":{"@id":"https:\/\/nagykokenyes.hu\/#website"},"datePublished":"2020-10-22T08:03:12+00:00","dateModified":"2020-10-25T08:04:36+00:00","author":{"@id":"https:\/\/nagykokenyes.hu\/#\/schema\/person\/91a03ceb98215334e96f799e0fbcb3be"},"breadcrumb":{"@id":"https:\/\/nagykokenyes.hu\/?p=3257#breadcrumb"},"inLanguage":"hu","potentialAction":[{"@type":"ReadAction","target":["https:\/\/nagykokenyes.hu\/?p=3257"]}]},{"@type":"BreadcrumbList","@id":"https:\/\/nagykokenyes.hu\/?p=3257#breadcrumb","itemListElement":[{"@type":"ListItem","position":1,"name":"Kezd\u0151lap","item":"https:\/\/nagykokenyes.hu\/"},{"@type":"ListItem","position":2,"name":"Vesz\u00e9lyhelyzet alatt lej\u00e1rt okm\u00e1nyok cser\u00e9je"}]},{"@type":"WebSite","@id":"https:\/\/nagykokenyes.hu\/#website","url":"https:\/\/nagykokenyes.hu\/","name":"Nagyk\u00f6k\u00e9nyes K\u00f6zs\u00e9g \u00d6nkorm\u00e1nyzata","description":"","potentialAction":[{"@type":"SearchAction","target":{"@type":"EntryPoint","urlTemplate":"https:\/\/nagykokenyes.hu\/?s={search_term_string}"},"query-input":{"@type":"PropertyValueSpecification","valueRequired":true,"valueName":"search_term_string"}}],"inLanguage":"hu"},{"@type":"Person","@id":"https:\/\/nagykokenyes.hu\/#\/schema\/person\/91a03ceb98215334e96f799e0fbcb3be","name":"Toldi-Media&amp;Web\u00a9","image":{"@type":"ImageObject","inLanguage":"hu","@id":"https:\/\/nagykokenyes.hu\/#\/schema\/person\/image\/","url":"https:\/\/secure.gravatar.com\/avatar\/adc3df0c265574e995fc88e9d5fca046c2077c4ac097b10c58e854f5d7ae42ac?s=96&d=mm&r=g","contentUrl":"https:\/\/secure.gravatar.com\/avatar\/adc3df0c265574e995fc88e9d5fca046c2077c4ac097b10c58e854f5d7ae42ac?s=96&d=mm&r=g","caption":"Toldi-Media&amp;Web\u00a9"},"url":"https:\/\/nagykokenyes.hu\/?author=3"}]}},"_links":{"self":[{"href":"https:\/\/nagykokenyes.hu\/index.php?rest_route=\/wp\/v2\/posts\/3257","targetHints":{"allow":["GET"]}}],"collection":[{"href":"https:\/\/nagykokenyes.hu\/index.php?rest_route=\/wp\/v2\/posts"}],"about":[{"href":"https:\/\/nagykokenyes.hu\/index.php?rest_route=\/wp\/v2\/types\/post"}],"author":[{"embeddable":true,"href":"https:\/\/nagykokenyes.hu\/index.php?rest_route=\/wp\/v2\/users\/3"}],"replies":[{"embeddable":true,"href":"https:\/\/nagykokenyes.hu\/index.php?rest_route=%2Fwp%2Fv2%2Fcomments&post=3257"}],"version-history":[{"count":1,"href":"https:\/\/nagykokenyes.hu\/index.php?rest_route=\/wp\/v2\/posts\/3257\/revisions"}],"predecessor-version":[{"id":3258,"href":"https:\/\/nagykokenyes.hu\/index.php?rest_route=\/wp\/v2\/posts\/3257\/revisions\/3258"}],"wp:attachment":[{"href":"https:\/\/nagykokenyes.hu\/index.php?rest_route=%2Fwp%2Fv2%2Fmedia&parent=3257"}],"wp:term":[{"taxonomy":"category","embeddable":true,"href":"https:\/\/nagykokenyes.hu\/index.php?rest_route=%2Fwp%2Fv2%2Fcategories&post=3257"},{"taxonomy":"post_tag","embeddable":true,"href":"https:\/\/nagykokenyes.hu\/index.php?rest_route=%2Fwp%2Fv2%2Ftags&post=3257"}],"curies":[{"name":"wp","href":"https:\/\/api.w.org\/{rel}","templated":true}]}}