{"id":3425,"date":"2020-12-01T23:46:12","date_gmt":"2020-12-01T21:46:12","guid":{"rendered":"https:\/\/nagykokenyes.hu\/?p=3425"},"modified":"2020-12-01T23:46:12","modified_gmt":"2020-12-01T21:46:12","slug":"ginop-5-3-13-20-kisgyermeket-nevelo-szulok-kepzesenek-elosegitese-osztondija-es-elhelyezkedesuk-tamogatasa","status":"publish","type":"post","link":"https:\/\/nagykokenyes.hu\/?p=3425","title":{"rendered":"GINOP-5.3.13-20 \u2013 Kisgyermeket nevel\u0151 sz\u00fcl\u0151k k\u00e9pz\u00e9s\u00e9nek el\u0151seg\u00edt\u00e9se, \u00f6szt\u00f6nd\u00edja \u00e9s elhelyezked\u00e9s\u00fck t\u00e1mogat\u00e1sa"},"content":{"rendered":"<p><a href=\"https:\/\/nagykokenyes.hu\/wp-content\/uploads\/2020\/12\/70205.GINOP5313_Logo-1.jpg\"><img loading=\"lazy\" decoding=\"async\" class=\" wp-image-3432 alignleft\" src=\"https:\/\/nagykokenyes.hu\/wp-content\/uploads\/2020\/12\/70205.GINOP5313_Logo-1.jpg\" alt=\"\" width=\"246\" height=\"174\" \/><\/a><\/p>\n<p style=\"text-align: justify;\">A Magyar \u00c1llamkincst\u00e1r Magyarorsz\u00e1g kev\u00e9sb\u00e9 fejlett r\u00e9gi\u00f3inak telep\u00fcl\u00e9sein \u00e9l\u0151k sz\u00e1m\u00e1ra, vissza nem t\u00e9r\u00edtend\u0151 t\u00e1mogat\u00e1st ny\u00fajt \u00f6szt\u00f6nd\u00edj form\u00e1j\u00e1ban. Az \u00f6szt\u00f6nd\u00edj c\u00e9lja a kisgyermeket nevel\u0151 sz\u00fcl\u0151k munkaer\u0151piaci visszat\u00e9r\u00e9s\u00e9nek t\u00e1mogat\u00e1sa, a n\u0151k foglalkoztat\u00e1s\u00e1nak el\u0151seg\u00edt\u00e9se.<\/p>\n<p style=\"text-align: justify;\">A kiadott K\u00f6zlem\u00e9ny t\u00e1j\u00e9koztat\u00e1st ny\u00fajt a kisgyermeket nevel\u0151k r\u00e9sz\u00e9re az \u00e9rintett GINOP p\u00e1ly\u00e1zati felh\u00edv\u00e1s (GINOP-5.3.13-20) szerint tov\u00e1bbadott t\u00e1mogat\u00e1si konstrukci\u00f3 keret\u00e9ben, az \u00f6szt\u00f6nd\u00edj felt\u00e9teleir\u0151l, a p\u00e1ly\u00e1zat lebonyol\u00edt\u00e1si m\u00f3dj\u00e1r\u00f3l \u00e9s speci\u00e1lis k\u00f6vetelm\u00e9nyeir\u0151l.<\/p>\n<p style=\"text-align: justify;\">A projekt keret\u00e9ben a Kincst\u00e1r azon sz\u00fcl\u0151k sz\u00e1m\u00e1ra ny\u00fajt t\u00e1mogat\u00e1st, akik 18. \u00e9let\u00e9v\u00fcket bet\u00f6lt\u00f6tt\u00e9k \u00e9s a gyermek nevel\u00e9se mellett, \u00e1ltal\u00e1nos iskola 5-8. oszt\u00e1lyainak elv\u00e9gz\u00e9s\u00e9re ir\u00e1nyul\u00f3 felk\u00e9sz\u00edt\u0151 k\u00e9pz\u00e9sen, k\u00f6z\u00e9pfok\u00fa oktat\u00e1si int\u00e9zm\u00e9nyben foly\u00f3, \u00e9retts\u00e9gire felk\u00e9sz\u00edt\u0151 k\u00e9pz\u00e9sen vagy iskolarendszer\u0171 oktat\u00e1sban, feln\u0151ttk\u00e9pz\u00e9s keret\u00e9ben megval\u00f3sul\u00f3, az Orsz\u00e1gos K\u00e9pz\u00e9si Jegyz\u00e9kben szab\u00e1lyozott szakk\u00e9pz\u00e9sen k\u00edv\u00e1nnak r\u00e9szt venni.<\/p>\n<p style=\"text-align: justify;\">A t\u00e1mogat\u00e1s m\u00e9rt\u00e9ke magas intenzit\u00e1s\u00fa k\u00e9pz\u00e9s eset\u00e9ben a k\u00e9pz\u00e9s id\u0151tartama alatt, de legfeljebb 12 h\u00f3napig, legfeljebb havi 100 000 forint, m\u00edg az alacsony intenzit\u00e1s\u00fa k\u00e9pz\u00e9s eset\u00e9ben havi 40 000 forint, de legfeljebb 200 000 forint lehet.<\/p>\n<p style=\"text-align: justify;\">Felh\u00edvjuk a figyelmet arra, ha a t\u00e1mogat\u00e1si k\u00e9relem beny\u00fajt\u00e1sakor a m\u00e1r megkezdett k\u00e9pz\u00e9sre vonatkozik, akkor annak a k\u00e9pz\u00e9snek a t\u00e1mogat\u00e1si k\u00e9relem beny\u00fajt\u00e1s\u00e1t megel\u0151z\u0151 3. h\u00f3napon bel\u00fcl kell megkezdettnek lennie.<\/p>\n<p style=\"text-align: justify;\">A p\u00e1ly\u00e1zat beny\u00fajt\u00e1s\u00e1nak kezdete: 2020.10.21. 11:00-t\u00f3l.<\/p>\n<p><a href=\"https:\/\/nagykokenyes.hu\/wp-content\/uploads\/2020\/12\/Tajekoztato_GINOP_5313_orszagos_szines.jpg\">Let\u00f6lthet\u0151 t\u00e1j\u00e9koztat\u00f3 prospektus<\/a><br \/>\n<a href=\"https:\/\/nagykokenyes.hu\/wp-content\/uploads\/2020\/12\/tanulo-tajekoztato.pdf\">Tanul\u00f3 t\u00e1j\u00e9koztat\u00f3<\/a><br \/>\n<a href=\"https:\/\/nagykokenyes.hu\/wp-content\/uploads\/2020\/12\/Adatkezelesi_tajekoztato_GINOP_5.3.13-program_uj.pdf\">Adatkezel\u00e9si t\u00e1j\u00e9koztat\u00f3<\/a><\/p>\n","protected":false},"excerpt":{"rendered":"<p>A Magyar \u00c1llamkincst\u00e1r Magyarorsz\u00e1g kev\u00e9sb\u00e9 fejlett r\u00e9gi\u00f3inak telep\u00fcl\u00e9sein \u00e9l\u0151k sz\u00e1m\u00e1ra, vissza nem t\u00e9r\u00edtend\u0151 t\u00e1mogat\u00e1st ny\u00fajt \u00f6szt\u00f6nd\u00edj form\u00e1j\u00e1ban. Az \u00f6szt\u00f6nd\u00edj c\u00e9lja a kisgyermeket nevel\u0151 sz\u00fcl\u0151k munkaer\u0151piaci visszat\u00e9r\u00e9s\u00e9nek t\u00e1mogat\u00e1sa, a n\u0151k foglalkoztat\u00e1s\u00e1nak el\u0151seg\u00edt\u00e9se. A kiadott K\u00f6zlem\u00e9ny t\u00e1j\u00e9koztat\u00e1st ny\u00fajt a kisgyermeket nevel\u0151k r\u00e9sz\u00e9re az \u00e9rintett GINOP p\u00e1ly\u00e1zati felh\u00edv\u00e1s (GINOP-5.3.13-20) szerint tov\u00e1bbadott t\u00e1mogat\u00e1si konstrukci\u00f3 keret\u00e9ben, az \u00f6szt\u00f6nd\u00edj felt\u00e9teleir\u0151l, a [&hellip;]<\/p>\n","protected":false},"author":3,"featured_media":0,"comment_status":"closed","ping_status":"closed","sticky":false,"template":"","format":"standard","meta":{"footnotes":""},"categories":[1],"tags":[],"class_list":["post-3425","post","type-post","status-publish","format-standard","hentry","category-egyeb"],"yoast_head":"<!-- This site is optimized with the Yoast SEO plugin v26.5 - https:\/\/yoast.com\/wordpress\/plugins\/seo\/ -->\n<title>GINOP-5.3.13-20 \u2013 Kisgyermeket nevel\u0151 sz\u00fcl\u0151k k\u00e9pz\u00e9s\u00e9nek el\u0151seg\u00edt\u00e9se, \u00f6szt\u00f6nd\u00edja \u00e9s elhelyezked\u00e9s\u00fck t\u00e1mogat\u00e1sa - Nagyk\u00f6k\u00e9nyes K\u00f6zs\u00e9g \u00d6nkorm\u00e1nyzata<\/title>\n<meta name=\"robots\" content=\"index, follow, max-snippet:-1, max-image-preview:large, max-video-preview:-1\" \/>\n<link rel=\"canonical\" href=\"https:\/\/nagykokenyes.hu\/?p=3425\" \/>\n<meta property=\"og:locale\" content=\"hu_HU\" \/>\n<meta property=\"og:type\" content=\"article\" \/>\n<meta property=\"og:title\" content=\"GINOP-5.3.13-20 \u2013 Kisgyermeket nevel\u0151 sz\u00fcl\u0151k k\u00e9pz\u00e9s\u00e9nek el\u0151seg\u00edt\u00e9se, \u00f6szt\u00f6nd\u00edja \u00e9s elhelyezked\u00e9s\u00fck t\u00e1mogat\u00e1sa - Nagyk\u00f6k\u00e9nyes K\u00f6zs\u00e9g \u00d6nkorm\u00e1nyzata\" \/>\n<meta property=\"og:description\" content=\"A Magyar \u00c1llamkincst\u00e1r Magyarorsz\u00e1g kev\u00e9sb\u00e9 fejlett r\u00e9gi\u00f3inak telep\u00fcl\u00e9sein \u00e9l\u0151k sz\u00e1m\u00e1ra, vissza nem t\u00e9r\u00edtend\u0151 t\u00e1mogat\u00e1st ny\u00fajt \u00f6szt\u00f6nd\u00edj form\u00e1j\u00e1ban. Az \u00f6szt\u00f6nd\u00edj c\u00e9lja a kisgyermeket nevel\u0151 sz\u00fcl\u0151k munkaer\u0151piaci visszat\u00e9r\u00e9s\u00e9nek t\u00e1mogat\u00e1sa, a n\u0151k foglalkoztat\u00e1s\u00e1nak el\u0151seg\u00edt\u00e9se. A kiadott K\u00f6zlem\u00e9ny t\u00e1j\u00e9koztat\u00e1st ny\u00fajt a kisgyermeket nevel\u0151k r\u00e9sz\u00e9re az \u00e9rintett GINOP p\u00e1ly\u00e1zati felh\u00edv\u00e1s (GINOP-5.3.13-20) szerint tov\u00e1bbadott t\u00e1mogat\u00e1si konstrukci\u00f3 keret\u00e9ben, az \u00f6szt\u00f6nd\u00edj felt\u00e9teleir\u0151l, a [&hellip;]\" \/>\n<meta property=\"og:url\" content=\"https:\/\/nagykokenyes.hu\/?p=3425\" \/>\n<meta property=\"og:site_name\" content=\"Nagyk\u00f6k\u00e9nyes K\u00f6zs\u00e9g \u00d6nkorm\u00e1nyzata\" \/>\n<meta property=\"article:published_time\" content=\"2020-12-01T21:46:12+00:00\" \/>\n<meta property=\"og:image\" content=\"https:\/\/nagykokenyes.hu\/wp-content\/uploads\/2020\/12\/70205.GINOP5313_Logo-1.jpg\" \/>\n<meta name=\"author\" content=\"Toldi-Media&amp;Web\u00a9\" \/>\n<meta name=\"twitter:card\" content=\"summary_large_image\" \/>\n<meta name=\"twitter:label1\" content=\"Szerz\u0151:\" \/>\n\t<meta name=\"twitter:data1\" content=\"Toldi-Media&amp;Web\u00a9\" \/>\n\t<meta name=\"twitter:label2\" content=\"Becs\u00fclt olvas\u00e1si id\u0151\" \/>\n\t<meta name=\"twitter:data2\" content=\"2 perc\" \/>\n<script type=\"application\/ld+json\" class=\"yoast-schema-graph\">{\"@context\":\"https:\/\/schema.org\",\"@graph\":[{\"@type\":\"WebPage\",\"@id\":\"https:\/\/nagykokenyes.hu\/?p=3425\",\"url\":\"https:\/\/nagykokenyes.hu\/?p=3425\",\"name\":\"GINOP-5.3.13-20 \u2013 Kisgyermeket nevel\u0151 sz\u00fcl\u0151k k\u00e9pz\u00e9s\u00e9nek el\u0151seg\u00edt\u00e9se, \u00f6szt\u00f6nd\u00edja \u00e9s elhelyezked\u00e9s\u00fck t\u00e1mogat\u00e1sa - Nagyk\u00f6k\u00e9nyes K\u00f6zs\u00e9g \u00d6nkorm\u00e1nyzata\",\"isPartOf\":{\"@id\":\"https:\/\/nagykokenyes.hu\/#website\"},\"primaryImageOfPage\":{\"@id\":\"https:\/\/nagykokenyes.hu\/?p=3425#primaryimage\"},\"image\":{\"@id\":\"https:\/\/nagykokenyes.hu\/?p=3425#primaryimage\"},\"thumbnailUrl\":\"https:\/\/nagykokenyes.hu\/wp-content\/uploads\/2020\/12\/70205.GINOP5313_Logo-1.jpg\",\"datePublished\":\"2020-12-01T21:46:12+00:00\",\"author\":{\"@id\":\"https:\/\/nagykokenyes.hu\/#\/schema\/person\/91a03ceb98215334e96f799e0fbcb3be\"},\"breadcrumb\":{\"@id\":\"https:\/\/nagykokenyes.hu\/?p=3425#breadcrumb\"},\"inLanguage\":\"hu\",\"potentialAction\":[{\"@type\":\"ReadAction\",\"target\":[\"https:\/\/nagykokenyes.hu\/?p=3425\"]}]},{\"@type\":\"ImageObject\",\"inLanguage\":\"hu\",\"@id\":\"https:\/\/nagykokenyes.hu\/?p=3425#primaryimage\",\"url\":\"https:\/\/nagykokenyes.hu\/wp-content\/uploads\/2020\/12\/70205.GINOP5313_Logo-1.jpg\",\"contentUrl\":\"https:\/\/nagykokenyes.hu\/wp-content\/uploads\/2020\/12\/70205.GINOP5313_Logo-1.jpg\"},{\"@type\":\"BreadcrumbList\",\"@id\":\"https:\/\/nagykokenyes.hu\/?p=3425#breadcrumb\",\"itemListElement\":[{\"@type\":\"ListItem\",\"position\":1,\"name\":\"Kezd\u0151lap\",\"item\":\"https:\/\/nagykokenyes.hu\/\"},{\"@type\":\"ListItem\",\"position\":2,\"name\":\"GINOP-5.3.13-20 \u2013 Kisgyermeket nevel\u0151 sz\u00fcl\u0151k k\u00e9pz\u00e9s\u00e9nek el\u0151seg\u00edt\u00e9se, \u00f6szt\u00f6nd\u00edja \u00e9s elhelyezked\u00e9s\u00fck t\u00e1mogat\u00e1sa\"}]},{\"@type\":\"WebSite\",\"@id\":\"https:\/\/nagykokenyes.hu\/#website\",\"url\":\"https:\/\/nagykokenyes.hu\/\",\"name\":\"Nagyk\u00f6k\u00e9nyes K\u00f6zs\u00e9g \u00d6nkorm\u00e1nyzata\",\"description\":\"\",\"potentialAction\":[{\"@type\":\"SearchAction\",\"target\":{\"@type\":\"EntryPoint\",\"urlTemplate\":\"https:\/\/nagykokenyes.hu\/?s={search_term_string}\"},\"query-input\":{\"@type\":\"PropertyValueSpecification\",\"valueRequired\":true,\"valueName\":\"search_term_string\"}}],\"inLanguage\":\"hu\"},{\"@type\":\"Person\",\"@id\":\"https:\/\/nagykokenyes.hu\/#\/schema\/person\/91a03ceb98215334e96f799e0fbcb3be\",\"name\":\"Toldi-Media&amp;Web\u00a9\",\"image\":{\"@type\":\"ImageObject\",\"inLanguage\":\"hu\",\"@id\":\"https:\/\/nagykokenyes.hu\/#\/schema\/person\/image\/\",\"url\":\"https:\/\/secure.gravatar.com\/avatar\/adc3df0c265574e995fc88e9d5fca046c2077c4ac097b10c58e854f5d7ae42ac?s=96&d=mm&r=g\",\"contentUrl\":\"https:\/\/secure.gravatar.com\/avatar\/adc3df0c265574e995fc88e9d5fca046c2077c4ac097b10c58e854f5d7ae42ac?s=96&d=mm&r=g\",\"caption\":\"Toldi-Media&amp;Web\u00a9\"},\"url\":\"https:\/\/nagykokenyes.hu\/?author=3\"}]}<\/script>\n<!-- \/ Yoast SEO plugin. -->","yoast_head_json":{"title":"GINOP-5.3.13-20 \u2013 Kisgyermeket nevel\u0151 sz\u00fcl\u0151k k\u00e9pz\u00e9s\u00e9nek el\u0151seg\u00edt\u00e9se, \u00f6szt\u00f6nd\u00edja \u00e9s elhelyezked\u00e9s\u00fck t\u00e1mogat\u00e1sa - Nagyk\u00f6k\u00e9nyes K\u00f6zs\u00e9g \u00d6nkorm\u00e1nyzata","robots":{"index":"index","follow":"follow","max-snippet":"max-snippet:-1","max-image-preview":"max-image-preview:large","max-video-preview":"max-video-preview:-1"},"canonical":"https:\/\/nagykokenyes.hu\/?p=3425","og_locale":"hu_HU","og_type":"article","og_title":"GINOP-5.3.13-20 \u2013 Kisgyermeket nevel\u0151 sz\u00fcl\u0151k k\u00e9pz\u00e9s\u00e9nek el\u0151seg\u00edt\u00e9se, \u00f6szt\u00f6nd\u00edja \u00e9s elhelyezked\u00e9s\u00fck t\u00e1mogat\u00e1sa - Nagyk\u00f6k\u00e9nyes K\u00f6zs\u00e9g \u00d6nkorm\u00e1nyzata","og_description":"A Magyar \u00c1llamkincst\u00e1r Magyarorsz\u00e1g kev\u00e9sb\u00e9 fejlett r\u00e9gi\u00f3inak telep\u00fcl\u00e9sein \u00e9l\u0151k sz\u00e1m\u00e1ra, vissza nem t\u00e9r\u00edtend\u0151 t\u00e1mogat\u00e1st ny\u00fajt \u00f6szt\u00f6nd\u00edj form\u00e1j\u00e1ban. Az \u00f6szt\u00f6nd\u00edj c\u00e9lja a kisgyermeket nevel\u0151 sz\u00fcl\u0151k munkaer\u0151piaci visszat\u00e9r\u00e9s\u00e9nek t\u00e1mogat\u00e1sa, a n\u0151k foglalkoztat\u00e1s\u00e1nak el\u0151seg\u00edt\u00e9se. A kiadott K\u00f6zlem\u00e9ny t\u00e1j\u00e9koztat\u00e1st ny\u00fajt a kisgyermeket nevel\u0151k r\u00e9sz\u00e9re az \u00e9rintett GINOP p\u00e1ly\u00e1zati felh\u00edv\u00e1s (GINOP-5.3.13-20) szerint tov\u00e1bbadott t\u00e1mogat\u00e1si konstrukci\u00f3 keret\u00e9ben, az \u00f6szt\u00f6nd\u00edj felt\u00e9teleir\u0151l, a [&hellip;]","og_url":"https:\/\/nagykokenyes.hu\/?p=3425","og_site_name":"Nagyk\u00f6k\u00e9nyes K\u00f6zs\u00e9g \u00d6nkorm\u00e1nyzata","article_published_time":"2020-12-01T21:46:12+00:00","og_image":[{"url":"https:\/\/nagykokenyes.hu\/wp-content\/uploads\/2020\/12\/70205.GINOP5313_Logo-1.jpg","type":"","width":"","height":""}],"author":"Toldi-Media&amp;Web\u00a9","twitter_card":"summary_large_image","twitter_misc":{"Szerz\u0151:":"Toldi-Media&amp;Web\u00a9","Becs\u00fclt olvas\u00e1si id\u0151":"2 perc"},"schema":{"@context":"https:\/\/schema.org","@graph":[{"@type":"WebPage","@id":"https:\/\/nagykokenyes.hu\/?p=3425","url":"https:\/\/nagykokenyes.hu\/?p=3425","name":"GINOP-5.3.13-20 \u2013 Kisgyermeket nevel\u0151 sz\u00fcl\u0151k k\u00e9pz\u00e9s\u00e9nek el\u0151seg\u00edt\u00e9se, \u00f6szt\u00f6nd\u00edja \u00e9s elhelyezked\u00e9s\u00fck t\u00e1mogat\u00e1sa - Nagyk\u00f6k\u00e9nyes K\u00f6zs\u00e9g \u00d6nkorm\u00e1nyzata","isPartOf":{"@id":"https:\/\/nagykokenyes.hu\/#website"},"primaryImageOfPage":{"@id":"https:\/\/nagykokenyes.hu\/?p=3425#primaryimage"},"image":{"@id":"https:\/\/nagykokenyes.hu\/?p=3425#primaryimage"},"thumbnailUrl":"https:\/\/nagykokenyes.hu\/wp-content\/uploads\/2020\/12\/70205.GINOP5313_Logo-1.jpg","datePublished":"2020-12-01T21:46:12+00:00","author":{"@id":"https:\/\/nagykokenyes.hu\/#\/schema\/person\/91a03ceb98215334e96f799e0fbcb3be"},"breadcrumb":{"@id":"https:\/\/nagykokenyes.hu\/?p=3425#breadcrumb"},"inLanguage":"hu","potentialAction":[{"@type":"ReadAction","target":["https:\/\/nagykokenyes.hu\/?p=3425"]}]},{"@type":"ImageObject","inLanguage":"hu","@id":"https:\/\/nagykokenyes.hu\/?p=3425#primaryimage","url":"https:\/\/nagykokenyes.hu\/wp-content\/uploads\/2020\/12\/70205.GINOP5313_Logo-1.jpg","contentUrl":"https:\/\/nagykokenyes.hu\/wp-content\/uploads\/2020\/12\/70205.GINOP5313_Logo-1.jpg"},{"@type":"BreadcrumbList","@id":"https:\/\/nagykokenyes.hu\/?p=3425#breadcrumb","itemListElement":[{"@type":"ListItem","position":1,"name":"Kezd\u0151lap","item":"https:\/\/nagykokenyes.hu\/"},{"@type":"ListItem","position":2,"name":"GINOP-5.3.13-20 \u2013 Kisgyermeket nevel\u0151 sz\u00fcl\u0151k k\u00e9pz\u00e9s\u00e9nek el\u0151seg\u00edt\u00e9se, \u00f6szt\u00f6nd\u00edja \u00e9s elhelyezked\u00e9s\u00fck t\u00e1mogat\u00e1sa"}]},{"@type":"WebSite","@id":"https:\/\/nagykokenyes.hu\/#website","url":"https:\/\/nagykokenyes.hu\/","name":"Nagyk\u00f6k\u00e9nyes K\u00f6zs\u00e9g \u00d6nkorm\u00e1nyzata","description":"","potentialAction":[{"@type":"SearchAction","target":{"@type":"EntryPoint","urlTemplate":"https:\/\/nagykokenyes.hu\/?s={search_term_string}"},"query-input":{"@type":"PropertyValueSpecification","valueRequired":true,"valueName":"search_term_string"}}],"inLanguage":"hu"},{"@type":"Person","@id":"https:\/\/nagykokenyes.hu\/#\/schema\/person\/91a03ceb98215334e96f799e0fbcb3be","name":"Toldi-Media&amp;Web\u00a9","image":{"@type":"ImageObject","inLanguage":"hu","@id":"https:\/\/nagykokenyes.hu\/#\/schema\/person\/image\/","url":"https:\/\/secure.gravatar.com\/avatar\/adc3df0c265574e995fc88e9d5fca046c2077c4ac097b10c58e854f5d7ae42ac?s=96&d=mm&r=g","contentUrl":"https:\/\/secure.gravatar.com\/avatar\/adc3df0c265574e995fc88e9d5fca046c2077c4ac097b10c58e854f5d7ae42ac?s=96&d=mm&r=g","caption":"Toldi-Media&amp;Web\u00a9"},"url":"https:\/\/nagykokenyes.hu\/?author=3"}]}},"_links":{"self":[{"href":"https:\/\/nagykokenyes.hu\/index.php?rest_route=\/wp\/v2\/posts\/3425","targetHints":{"allow":["GET"]}}],"collection":[{"href":"https:\/\/nagykokenyes.hu\/index.php?rest_route=\/wp\/v2\/posts"}],"about":[{"href":"https:\/\/nagykokenyes.hu\/index.php?rest_route=\/wp\/v2\/types\/post"}],"author":[{"embeddable":true,"href":"https:\/\/nagykokenyes.hu\/index.php?rest_route=\/wp\/v2\/users\/3"}],"replies":[{"embeddable":true,"href":"https:\/\/nagykokenyes.hu\/index.php?rest_route=%2Fwp%2Fv2%2Fcomments&post=3425"}],"version-history":[{"count":4,"href":"https:\/\/nagykokenyes.hu\/index.php?rest_route=\/wp\/v2\/posts\/3425\/revisions"}],"predecessor-version":[{"id":3434,"href":"https:\/\/nagykokenyes.hu\/index.php?rest_route=\/wp\/v2\/posts\/3425\/revisions\/3434"}],"wp:attachment":[{"href":"https:\/\/nagykokenyes.hu\/index.php?rest_route=%2Fwp%2Fv2%2Fmedia&parent=3425"}],"wp:term":[{"taxonomy":"category","embeddable":true,"href":"https:\/\/nagykokenyes.hu\/index.php?rest_route=%2Fwp%2Fv2%2Fcategories&post=3425"},{"taxonomy":"post_tag","embeddable":true,"href":"https:\/\/nagykokenyes.hu\/index.php?rest_route=%2Fwp%2Fv2%2Ftags&post=3425"}],"curies":[{"name":"wp","href":"https:\/\/api.w.org\/{rel}","templated":true}]}}