{"id":3852,"date":"2020-12-24T20:46:38","date_gmt":"2020-12-24T18:46:38","guid":{"rendered":"https:\/\/nagykokenyes.hu\/?p=3852"},"modified":"2020-12-24T20:51:38","modified_gmt":"2020-12-24T18:51:38","slug":"a-karacsony-a-megvalto-szuletesenek-napja","status":"publish","type":"post","link":"https:\/\/nagykokenyes.hu\/?p=3852","title":{"rendered":"A Kar\u00e1csony a Megv\u00e1lt\u00f3 sz\u00fclet\u00e9s\u00e9nek napja"},"content":{"rendered":"<p style=\"text-align: justify;\"><a href=\"https:\/\/nagykokenyes.hu\/wp-content\/uploads\/2020\/12\/IMG_6362.jpg\"><img loading=\"lazy\" decoding=\"async\" class=\"wp-image-3835 alignleft\" src=\"https:\/\/nagykokenyes.hu\/wp-content\/uploads\/2020\/12\/IMG_6362.jpg\" alt=\"\" width=\"291\" height=\"194\" srcset=\"https:\/\/nagykokenyes.hu\/wp-content\/uploads\/2020\/12\/IMG_6362.jpg 1920w, https:\/\/nagykokenyes.hu\/wp-content\/uploads\/2020\/12\/IMG_6362-768x512.jpg 768w, https:\/\/nagykokenyes.hu\/wp-content\/uploads\/2020\/12\/IMG_6362-1536x1024.jpg 1536w\" sizes=\"auto, (max-width: 291px) 100vw, 291px\" \/><\/a>A Kar\u00e1csony napjainkban ink\u00e1bb a szeretet, az \u00f6sszetartoz\u00e1s \u00e9s az aj\u00e1nd\u00e9koz\u00e1s \u00fcnnepe lett. Most ebben a pand\u00e9mi\u00e1s id\u0151szakban sem felejts\u00fck el, hogy a szeretet nem ker\u00fcl p\u00e9nzbe. J\u00f3 dolog j\u00f3nak lenni, \u00f6nzetlen\u00fcl seg\u00edteni m\u00e1sokon. Sokkal fontosabb most az egym\u00e1sra val\u00f3 figyel\u00e9s, t\u00f6r\u0151d\u00e9s. Figyelj\u00fcnk azokra, akik egyed\u00fcl vannak. Egy kedves sz\u00f3, mosoly a vil\u00e1got jelentheti a mag\u00e1nyos, egyed\u00fcl \u00e9l\u0151 embereknek. Aj\u00e1nd\u00e9kozzunk b\u00e1tran szeretetet!<\/p>\n<p style=\"text-align: justify;\"><strong>K\u00edv\u00e1nok mindenkinek \u00e1ldott kar\u00e1csonyi \u00fcnnepeket, sok \u00f6r\u00f6met, boldogs\u00e1got \u00e9s j\u00f3 eg\u00e9szs\u00e9get! <\/strong><strong>Vigy\u00e1zzunk egym\u00e1sra!<\/strong><\/p>\n<p style=\"text-align: right;\"><em>Besszer Andr\u00e1sn\u00e9 polg\u00e1rmester<\/em><\/p>\n<p><strong>Aranyosi Ervin \u2013 Angyali gondolatok<\/strong><\/p>\n<p>N\u00e9zem a sok embert, valamit keresnek!<br \/>\n\u00c1m nincs eredm\u00e9nye, am\u00edg nem szeretnek!<br \/>\nHi\u00e1ba a sok d\u00edsz, gazdag, sz\u00e9p aj\u00e1nd\u00e9k,<br \/>\nmikor m\u00e1s c\u00e9lt szolg\u00e1l, m\u00f6g\u00f6tt\u00fck a sz\u00e1nd\u00e9k.<br \/>\nP\u00e9nzben m\u00e9rt szeretet, anyagias v\u00e1gyak,<br \/>\ng\u00f6rbe t\u00fckrei egy eltorzult vil\u00e1gnak.<br \/>\nA mosoly, az \u00f6r\u00f6m, egym\u00e1s \u00f6lel\u00e9se,<br \/>\n\u2013 \u00f6nz\u0151 vil\u00e1gunkban, vajon nem kev\u00e9s-e?<br \/>\nVajon hov\u00e1 b\u00fajt el az igazi \u00e9rt\u00e9k,<br \/>\na sz\u00edv gazdags\u00e1g\u00e1t, sosem p\u00e9nzben m\u00e9rt\u00e9k.<br \/>\nA szeretetet k\u00e9ne v\u00e9gre megtal\u00e1lni,<br \/>\nszebb vil\u00e1gban \u00e9lve boldogokk\u00e1 v\u00e1lni!<br \/>\nFigyelmet \u00e9s id\u0151t k\u00e9ne t\u00f6bbet adni,<br \/>\nminden k\u00f6r\u00fclm\u00e9nyben embernek maradni!<\/p>\n<p>&nbsp;<\/p>\n","protected":false},"excerpt":{"rendered":"<p>A Kar\u00e1csony napjainkban ink\u00e1bb a szeretet, az \u00f6sszetartoz\u00e1s \u00e9s az aj\u00e1nd\u00e9koz\u00e1s \u00fcnnepe lett. Most ebben a pand\u00e9mi\u00e1s id\u0151szakban sem felejts\u00fck el, hogy a szeretet nem ker\u00fcl p\u00e9nzbe. J\u00f3 dolog j\u00f3nak lenni, \u00f6nzetlen\u00fcl seg\u00edteni m\u00e1sokon. Sokkal fontosabb most az egym\u00e1sra val\u00f3 figyel\u00e9s, t\u00f6r\u0151d\u00e9s. Figyelj\u00fcnk azokra, akik egyed\u00fcl vannak. Egy kedves sz\u00f3, mosoly a vil\u00e1got jelentheti a [&hellip;]<\/p>\n","protected":false},"author":3,"featured_media":0,"comment_status":"closed","ping_status":"closed","sticky":false,"template":"","format":"standard","meta":{"footnotes":""},"categories":[1],"tags":[],"class_list":["post-3852","post","type-post","status-publish","format-standard","hentry","category-egyeb"],"yoast_head":"<!-- This site is optimized with the Yoast SEO plugin v26.5 - https:\/\/yoast.com\/wordpress\/plugins\/seo\/ -->\n<title>A Kar\u00e1csony a Megv\u00e1lt\u00f3 sz\u00fclet\u00e9s\u00e9nek napja - Nagyk\u00f6k\u00e9nyes K\u00f6zs\u00e9g \u00d6nkorm\u00e1nyzata<\/title>\n<meta name=\"robots\" content=\"index, follow, max-snippet:-1, max-image-preview:large, max-video-preview:-1\" \/>\n<link rel=\"canonical\" href=\"https:\/\/nagykokenyes.hu\/?p=3852\" \/>\n<meta property=\"og:locale\" content=\"hu_HU\" \/>\n<meta property=\"og:type\" content=\"article\" \/>\n<meta property=\"og:title\" content=\"A Kar\u00e1csony a Megv\u00e1lt\u00f3 sz\u00fclet\u00e9s\u00e9nek napja - Nagyk\u00f6k\u00e9nyes K\u00f6zs\u00e9g \u00d6nkorm\u00e1nyzata\" \/>\n<meta property=\"og:description\" content=\"A Kar\u00e1csony napjainkban ink\u00e1bb a szeretet, az \u00f6sszetartoz\u00e1s \u00e9s az aj\u00e1nd\u00e9koz\u00e1s \u00fcnnepe lett. Most ebben a pand\u00e9mi\u00e1s id\u0151szakban sem felejts\u00fck el, hogy a szeretet nem ker\u00fcl p\u00e9nzbe. J\u00f3 dolog j\u00f3nak lenni, \u00f6nzetlen\u00fcl seg\u00edteni m\u00e1sokon. Sokkal fontosabb most az egym\u00e1sra val\u00f3 figyel\u00e9s, t\u00f6r\u0151d\u00e9s. Figyelj\u00fcnk azokra, akik egyed\u00fcl vannak. Egy kedves sz\u00f3, mosoly a vil\u00e1got jelentheti a [&hellip;]\" \/>\n<meta property=\"og:url\" content=\"https:\/\/nagykokenyes.hu\/?p=3852\" \/>\n<meta property=\"og:site_name\" content=\"Nagyk\u00f6k\u00e9nyes K\u00f6zs\u00e9g \u00d6nkorm\u00e1nyzata\" \/>\n<meta property=\"article:published_time\" content=\"2020-12-24T18:46:38+00:00\" \/>\n<meta property=\"article:modified_time\" content=\"2020-12-24T18:51:38+00:00\" \/>\n<meta property=\"og:image\" content=\"https:\/\/nagykokenyes.hu\/wp-content\/uploads\/2020\/12\/IMG_6362.jpg\" \/>\n<meta name=\"author\" content=\"Toldi-Media&amp;Web\u00a9\" \/>\n<meta name=\"twitter:card\" content=\"summary_large_image\" \/>\n<meta name=\"twitter:label1\" content=\"Szerz\u0151:\" \/>\n\t<meta name=\"twitter:data1\" content=\"Toldi-Media&amp;Web\u00a9\" \/>\n\t<meta name=\"twitter:label2\" content=\"Becs\u00fclt olvas\u00e1si id\u0151\" \/>\n\t<meta name=\"twitter:data2\" content=\"1 perc\" \/>\n<script type=\"application\/ld+json\" class=\"yoast-schema-graph\">{\"@context\":\"https:\/\/schema.org\",\"@graph\":[{\"@type\":\"WebPage\",\"@id\":\"https:\/\/nagykokenyes.hu\/?p=3852\",\"url\":\"https:\/\/nagykokenyes.hu\/?p=3852\",\"name\":\"A Kar\u00e1csony a Megv\u00e1lt\u00f3 sz\u00fclet\u00e9s\u00e9nek napja - Nagyk\u00f6k\u00e9nyes K\u00f6zs\u00e9g \u00d6nkorm\u00e1nyzata\",\"isPartOf\":{\"@id\":\"https:\/\/nagykokenyes.hu\/#website\"},\"primaryImageOfPage\":{\"@id\":\"https:\/\/nagykokenyes.hu\/?p=3852#primaryimage\"},\"image\":{\"@id\":\"https:\/\/nagykokenyes.hu\/?p=3852#primaryimage\"},\"thumbnailUrl\":\"https:\/\/nagykokenyes.hu\/wp-content\/uploads\/2020\/12\/IMG_6362.jpg\",\"datePublished\":\"2020-12-24T18:46:38+00:00\",\"dateModified\":\"2020-12-24T18:51:38+00:00\",\"author\":{\"@id\":\"https:\/\/nagykokenyes.hu\/#\/schema\/person\/91a03ceb98215334e96f799e0fbcb3be\"},\"breadcrumb\":{\"@id\":\"https:\/\/nagykokenyes.hu\/?p=3852#breadcrumb\"},\"inLanguage\":\"hu\",\"potentialAction\":[{\"@type\":\"ReadAction\",\"target\":[\"https:\/\/nagykokenyes.hu\/?p=3852\"]}]},{\"@type\":\"ImageObject\",\"inLanguage\":\"hu\",\"@id\":\"https:\/\/nagykokenyes.hu\/?p=3852#primaryimage\",\"url\":\"https:\/\/nagykokenyes.hu\/wp-content\/uploads\/2020\/12\/IMG_6362.jpg\",\"contentUrl\":\"https:\/\/nagykokenyes.hu\/wp-content\/uploads\/2020\/12\/IMG_6362.jpg\"},{\"@type\":\"BreadcrumbList\",\"@id\":\"https:\/\/nagykokenyes.hu\/?p=3852#breadcrumb\",\"itemListElement\":[{\"@type\":\"ListItem\",\"position\":1,\"name\":\"Kezd\u0151lap\",\"item\":\"https:\/\/nagykokenyes.hu\/\"},{\"@type\":\"ListItem\",\"position\":2,\"name\":\"A Kar\u00e1csony a Megv\u00e1lt\u00f3 sz\u00fclet\u00e9s\u00e9nek napja\"}]},{\"@type\":\"WebSite\",\"@id\":\"https:\/\/nagykokenyes.hu\/#website\",\"url\":\"https:\/\/nagykokenyes.hu\/\",\"name\":\"Nagyk\u00f6k\u00e9nyes K\u00f6zs\u00e9g \u00d6nkorm\u00e1nyzata\",\"description\":\"\",\"potentialAction\":[{\"@type\":\"SearchAction\",\"target\":{\"@type\":\"EntryPoint\",\"urlTemplate\":\"https:\/\/nagykokenyes.hu\/?s={search_term_string}\"},\"query-input\":{\"@type\":\"PropertyValueSpecification\",\"valueRequired\":true,\"valueName\":\"search_term_string\"}}],\"inLanguage\":\"hu\"},{\"@type\":\"Person\",\"@id\":\"https:\/\/nagykokenyes.hu\/#\/schema\/person\/91a03ceb98215334e96f799e0fbcb3be\",\"name\":\"Toldi-Media&amp;Web\u00a9\",\"image\":{\"@type\":\"ImageObject\",\"inLanguage\":\"hu\",\"@id\":\"https:\/\/nagykokenyes.hu\/#\/schema\/person\/image\/\",\"url\":\"https:\/\/secure.gravatar.com\/avatar\/adc3df0c265574e995fc88e9d5fca046c2077c4ac097b10c58e854f5d7ae42ac?s=96&d=mm&r=g\",\"contentUrl\":\"https:\/\/secure.gravatar.com\/avatar\/adc3df0c265574e995fc88e9d5fca046c2077c4ac097b10c58e854f5d7ae42ac?s=96&d=mm&r=g\",\"caption\":\"Toldi-Media&amp;Web\u00a9\"},\"url\":\"https:\/\/nagykokenyes.hu\/?author=3\"}]}<\/script>\n<!-- \/ Yoast SEO plugin. -->","yoast_head_json":{"title":"A Kar\u00e1csony a Megv\u00e1lt\u00f3 sz\u00fclet\u00e9s\u00e9nek napja - Nagyk\u00f6k\u00e9nyes K\u00f6zs\u00e9g \u00d6nkorm\u00e1nyzata","robots":{"index":"index","follow":"follow","max-snippet":"max-snippet:-1","max-image-preview":"max-image-preview:large","max-video-preview":"max-video-preview:-1"},"canonical":"https:\/\/nagykokenyes.hu\/?p=3852","og_locale":"hu_HU","og_type":"article","og_title":"A Kar\u00e1csony a Megv\u00e1lt\u00f3 sz\u00fclet\u00e9s\u00e9nek napja - Nagyk\u00f6k\u00e9nyes K\u00f6zs\u00e9g \u00d6nkorm\u00e1nyzata","og_description":"A Kar\u00e1csony napjainkban ink\u00e1bb a szeretet, az \u00f6sszetartoz\u00e1s \u00e9s az aj\u00e1nd\u00e9koz\u00e1s \u00fcnnepe lett. Most ebben a pand\u00e9mi\u00e1s id\u0151szakban sem felejts\u00fck el, hogy a szeretet nem ker\u00fcl p\u00e9nzbe. J\u00f3 dolog j\u00f3nak lenni, \u00f6nzetlen\u00fcl seg\u00edteni m\u00e1sokon. Sokkal fontosabb most az egym\u00e1sra val\u00f3 figyel\u00e9s, t\u00f6r\u0151d\u00e9s. Figyelj\u00fcnk azokra, akik egyed\u00fcl vannak. Egy kedves sz\u00f3, mosoly a vil\u00e1got jelentheti a [&hellip;]","og_url":"https:\/\/nagykokenyes.hu\/?p=3852","og_site_name":"Nagyk\u00f6k\u00e9nyes K\u00f6zs\u00e9g \u00d6nkorm\u00e1nyzata","article_published_time":"2020-12-24T18:46:38+00:00","article_modified_time":"2020-12-24T18:51:38+00:00","og_image":[{"url":"https:\/\/nagykokenyes.hu\/wp-content\/uploads\/2020\/12\/IMG_6362.jpg","type":"","width":"","height":""}],"author":"Toldi-Media&amp;Web\u00a9","twitter_card":"summary_large_image","twitter_misc":{"Szerz\u0151:":"Toldi-Media&amp;Web\u00a9","Becs\u00fclt olvas\u00e1si id\u0151":"1 perc"},"schema":{"@context":"https:\/\/schema.org","@graph":[{"@type":"WebPage","@id":"https:\/\/nagykokenyes.hu\/?p=3852","url":"https:\/\/nagykokenyes.hu\/?p=3852","name":"A Kar\u00e1csony a Megv\u00e1lt\u00f3 sz\u00fclet\u00e9s\u00e9nek napja - Nagyk\u00f6k\u00e9nyes K\u00f6zs\u00e9g \u00d6nkorm\u00e1nyzata","isPartOf":{"@id":"https:\/\/nagykokenyes.hu\/#website"},"primaryImageOfPage":{"@id":"https:\/\/nagykokenyes.hu\/?p=3852#primaryimage"},"image":{"@id":"https:\/\/nagykokenyes.hu\/?p=3852#primaryimage"},"thumbnailUrl":"https:\/\/nagykokenyes.hu\/wp-content\/uploads\/2020\/12\/IMG_6362.jpg","datePublished":"2020-12-24T18:46:38+00:00","dateModified":"2020-12-24T18:51:38+00:00","author":{"@id":"https:\/\/nagykokenyes.hu\/#\/schema\/person\/91a03ceb98215334e96f799e0fbcb3be"},"breadcrumb":{"@id":"https:\/\/nagykokenyes.hu\/?p=3852#breadcrumb"},"inLanguage":"hu","potentialAction":[{"@type":"ReadAction","target":["https:\/\/nagykokenyes.hu\/?p=3852"]}]},{"@type":"ImageObject","inLanguage":"hu","@id":"https:\/\/nagykokenyes.hu\/?p=3852#primaryimage","url":"https:\/\/nagykokenyes.hu\/wp-content\/uploads\/2020\/12\/IMG_6362.jpg","contentUrl":"https:\/\/nagykokenyes.hu\/wp-content\/uploads\/2020\/12\/IMG_6362.jpg"},{"@type":"BreadcrumbList","@id":"https:\/\/nagykokenyes.hu\/?p=3852#breadcrumb","itemListElement":[{"@type":"ListItem","position":1,"name":"Kezd\u0151lap","item":"https:\/\/nagykokenyes.hu\/"},{"@type":"ListItem","position":2,"name":"A Kar\u00e1csony a Megv\u00e1lt\u00f3 sz\u00fclet\u00e9s\u00e9nek napja"}]},{"@type":"WebSite","@id":"https:\/\/nagykokenyes.hu\/#website","url":"https:\/\/nagykokenyes.hu\/","name":"Nagyk\u00f6k\u00e9nyes K\u00f6zs\u00e9g \u00d6nkorm\u00e1nyzata","description":"","potentialAction":[{"@type":"SearchAction","target":{"@type":"EntryPoint","urlTemplate":"https:\/\/nagykokenyes.hu\/?s={search_term_string}"},"query-input":{"@type":"PropertyValueSpecification","valueRequired":true,"valueName":"search_term_string"}}],"inLanguage":"hu"},{"@type":"Person","@id":"https:\/\/nagykokenyes.hu\/#\/schema\/person\/91a03ceb98215334e96f799e0fbcb3be","name":"Toldi-Media&amp;Web\u00a9","image":{"@type":"ImageObject","inLanguage":"hu","@id":"https:\/\/nagykokenyes.hu\/#\/schema\/person\/image\/","url":"https:\/\/secure.gravatar.com\/avatar\/adc3df0c265574e995fc88e9d5fca046c2077c4ac097b10c58e854f5d7ae42ac?s=96&d=mm&r=g","contentUrl":"https:\/\/secure.gravatar.com\/avatar\/adc3df0c265574e995fc88e9d5fca046c2077c4ac097b10c58e854f5d7ae42ac?s=96&d=mm&r=g","caption":"Toldi-Media&amp;Web\u00a9"},"url":"https:\/\/nagykokenyes.hu\/?author=3"}]}},"_links":{"self":[{"href":"https:\/\/nagykokenyes.hu\/index.php?rest_route=\/wp\/v2\/posts\/3852","targetHints":{"allow":["GET"]}}],"collection":[{"href":"https:\/\/nagykokenyes.hu\/index.php?rest_route=\/wp\/v2\/posts"}],"about":[{"href":"https:\/\/nagykokenyes.hu\/index.php?rest_route=\/wp\/v2\/types\/post"}],"author":[{"embeddable":true,"href":"https:\/\/nagykokenyes.hu\/index.php?rest_route=\/wp\/v2\/users\/3"}],"replies":[{"embeddable":true,"href":"https:\/\/nagykokenyes.hu\/index.php?rest_route=%2Fwp%2Fv2%2Fcomments&post=3852"}],"version-history":[{"count":8,"href":"https:\/\/nagykokenyes.hu\/index.php?rest_route=\/wp\/v2\/posts\/3852\/revisions"}],"predecessor-version":[{"id":3860,"href":"https:\/\/nagykokenyes.hu\/index.php?rest_route=\/wp\/v2\/posts\/3852\/revisions\/3860"}],"wp:attachment":[{"href":"https:\/\/nagykokenyes.hu\/index.php?rest_route=%2Fwp%2Fv2%2Fmedia&parent=3852"}],"wp:term":[{"taxonomy":"category","embeddable":true,"href":"https:\/\/nagykokenyes.hu\/index.php?rest_route=%2Fwp%2Fv2%2Fcategories&post=3852"},{"taxonomy":"post_tag","embeddable":true,"href":"https:\/\/nagykokenyes.hu\/index.php?rest_route=%2Fwp%2Fv2%2Ftags&post=3852"}],"curies":[{"name":"wp","href":"https:\/\/api.w.org\/{rel}","templated":true}]}}