{"id":3960,"date":"2021-03-05T22:54:18","date_gmt":"2021-03-05T20:54:18","guid":{"rendered":"https:\/\/nagykokenyes.hu\/?p=3960"},"modified":"2021-03-05T22:54:18","modified_gmt":"2021-03-05T20:54:18","slug":"tajekoztatas-6","status":"publish","type":"post","link":"https:\/\/nagykokenyes.hu\/?p=3960","title":{"rendered":"T\u00e1j\u00e9koztat\u00e1s"},"content":{"rendered":"<p style=\"text-align: justify;\"><strong>2021. m\u00e1rcius 8. napj\u00e1t\u00f3l &#8211; 2021. m\u00e1rcius 22. napj\u00e1ig az \u00faj korl\u00e1toz\u00e1sok \u00e9letbe l\u00e9p\u00e9se miatt a k\u00f6zszolg\u00e1ltat\u00f3 telephelyei<\/strong><\/p>\n<ul style=\"text-align: justify;\">\n<li>T\u00e9rs\u00e9gi hullad\u00e9kkezel\u0151 k\u00f6zpont \u00e9s hullad\u00e9kudvar (Hatvan)<\/li>\n<li>Region\u00e1lis Hullad\u00e9klerak\u00f3 \u00e9s hasznos\u00edt\u00f3 telep (Tura)<\/li>\n<li>Hullad\u00e9kudvar (J\u00e1szf\u00e9nyszaru) <strong>z\u00e1rva tartanak, a hullad\u00e9k\u00e1tv\u00e9tel \u00e9s az \u00fcgyf\u00e9lszolg\u00e1lat sz\u00fcnetel.<\/strong><\/li>\n<\/ul>\n<p style=\"text-align: justify;\">A korl\u00e1toz\u00e1sok esetleges hosszabb\u00edt\u00e1sa eset\u00e9n a rendelkez\u00e9s ezzel \u00f6sszef\u00fcgg\u00e9sben 2021. m\u00e1rcius 22. ut\u00e1n is \u00e9rv\u00e9nyben marad. A fentiekhez k\u00e9rj\u00fck \u00e9s megk\u00f6sz\u00f6nj\u00fck partnereink \u00e9s \u00fcgyfeleink egy\u00fcttm\u0171k\u00f6d\u00e9s\u00e9t \u00e9s t\u00e1mogat\u00e1s\u00e1t, valamint meg\u00e9rt\u00e9s\u00e9t az esetleges k\u00e9nyelmetlens\u00e9gek miatt.<\/p>\n<p style=\"text-align: justify;\">A hullad\u00e9kgy\u0171jt\u00e9s egyel\u0151re a meghirdetett j\u00e1ratterveknek megfelel\u0151en t\u00f6rt\u00e9nik, a j\u00e1rv\u00e1nyhelyzet indokolta k\u00e9s\u0151bbi v\u00e1ltoz\u00e1sokr\u00f3l a honlapon adunk<br \/>\nt\u00e1j\u00e9koztat\u00e1st.<\/p>\n<p style=\"text-align: justify;\">Hatvan, 2021. m\u00e1rcius 05.<\/p>\n<p style=\"text-align: justify;\">Szelekt\u00edv Nonprofit Kft.<\/p>\n","protected":false},"excerpt":{"rendered":"<p>2021. m\u00e1rcius 8. napj\u00e1t\u00f3l &#8211; 2021. m\u00e1rcius 22. napj\u00e1ig az \u00faj korl\u00e1toz\u00e1sok \u00e9letbe l\u00e9p\u00e9se miatt a k\u00f6zszolg\u00e1ltat\u00f3 telephelyei T\u00e9rs\u00e9gi hullad\u00e9kkezel\u0151 k\u00f6zpont \u00e9s hullad\u00e9kudvar (Hatvan) Region\u00e1lis Hullad\u00e9klerak\u00f3 \u00e9s hasznos\u00edt\u00f3 telep (Tura) Hullad\u00e9kudvar (J\u00e1szf\u00e9nyszaru) z\u00e1rva tartanak, a hullad\u00e9k\u00e1tv\u00e9tel \u00e9s az \u00fcgyf\u00e9lszolg\u00e1lat sz\u00fcnetel. A korl\u00e1toz\u00e1sok esetleges hosszabb\u00edt\u00e1sa eset\u00e9n a rendelkez\u00e9s ezzel \u00f6sszef\u00fcgg\u00e9sben 2021. m\u00e1rcius 22. ut\u00e1n is \u00e9rv\u00e9nyben [&hellip;]<\/p>\n","protected":false},"author":3,"featured_media":0,"comment_status":"closed","ping_status":"closed","sticky":false,"template":"","format":"standard","meta":{"footnotes":""},"categories":[1],"tags":[],"class_list":["post-3960","post","type-post","status-publish","format-standard","hentry","category-egyeb"],"yoast_head":"<!-- This site is optimized with the Yoast SEO plugin v26.5 - https:\/\/yoast.com\/wordpress\/plugins\/seo\/ -->\n<title>T\u00e1j\u00e9koztat\u00e1s - Nagyk\u00f6k\u00e9nyes K\u00f6zs\u00e9g \u00d6nkorm\u00e1nyzata<\/title>\n<meta name=\"robots\" content=\"index, follow, max-snippet:-1, max-image-preview:large, max-video-preview:-1\" \/>\n<link rel=\"canonical\" href=\"https:\/\/nagykokenyes.hu\/?p=3960\" \/>\n<meta property=\"og:locale\" content=\"hu_HU\" \/>\n<meta property=\"og:type\" content=\"article\" \/>\n<meta property=\"og:title\" content=\"T\u00e1j\u00e9koztat\u00e1s - Nagyk\u00f6k\u00e9nyes K\u00f6zs\u00e9g \u00d6nkorm\u00e1nyzata\" \/>\n<meta property=\"og:description\" content=\"2021. m\u00e1rcius 8. napj\u00e1t\u00f3l &#8211; 2021. m\u00e1rcius 22. napj\u00e1ig az \u00faj korl\u00e1toz\u00e1sok \u00e9letbe l\u00e9p\u00e9se miatt a k\u00f6zszolg\u00e1ltat\u00f3 telephelyei T\u00e9rs\u00e9gi hullad\u00e9kkezel\u0151 k\u00f6zpont \u00e9s hullad\u00e9kudvar (Hatvan) Region\u00e1lis Hullad\u00e9klerak\u00f3 \u00e9s hasznos\u00edt\u00f3 telep (Tura) Hullad\u00e9kudvar (J\u00e1szf\u00e9nyszaru) z\u00e1rva tartanak, a hullad\u00e9k\u00e1tv\u00e9tel \u00e9s az \u00fcgyf\u00e9lszolg\u00e1lat sz\u00fcnetel. A korl\u00e1toz\u00e1sok esetleges hosszabb\u00edt\u00e1sa eset\u00e9n a rendelkez\u00e9s ezzel \u00f6sszef\u00fcgg\u00e9sben 2021. m\u00e1rcius 22. ut\u00e1n is \u00e9rv\u00e9nyben [&hellip;]\" \/>\n<meta property=\"og:url\" content=\"https:\/\/nagykokenyes.hu\/?p=3960\" \/>\n<meta property=\"og:site_name\" content=\"Nagyk\u00f6k\u00e9nyes K\u00f6zs\u00e9g \u00d6nkorm\u00e1nyzata\" \/>\n<meta property=\"article:published_time\" content=\"2021-03-05T20:54:18+00:00\" \/>\n<meta name=\"author\" content=\"Toldi-Media&amp;Web\u00a9\" \/>\n<meta name=\"twitter:card\" content=\"summary_large_image\" \/>\n<meta name=\"twitter:label1\" content=\"Szerz\u0151:\" \/>\n\t<meta name=\"twitter:data1\" content=\"Toldi-Media&amp;Web\u00a9\" \/>\n\t<meta name=\"twitter:label2\" content=\"Becs\u00fclt olvas\u00e1si id\u0151\" \/>\n\t<meta name=\"twitter:data2\" content=\"1 perc\" \/>\n<script type=\"application\/ld+json\" class=\"yoast-schema-graph\">{\"@context\":\"https:\/\/schema.org\",\"@graph\":[{\"@type\":\"WebPage\",\"@id\":\"https:\/\/nagykokenyes.hu\/?p=3960\",\"url\":\"https:\/\/nagykokenyes.hu\/?p=3960\",\"name\":\"T\u00e1j\u00e9koztat\u00e1s - Nagyk\u00f6k\u00e9nyes K\u00f6zs\u00e9g \u00d6nkorm\u00e1nyzata\",\"isPartOf\":{\"@id\":\"https:\/\/nagykokenyes.hu\/#website\"},\"datePublished\":\"2021-03-05T20:54:18+00:00\",\"author\":{\"@id\":\"https:\/\/nagykokenyes.hu\/#\/schema\/person\/91a03ceb98215334e96f799e0fbcb3be\"},\"breadcrumb\":{\"@id\":\"https:\/\/nagykokenyes.hu\/?p=3960#breadcrumb\"},\"inLanguage\":\"hu\",\"potentialAction\":[{\"@type\":\"ReadAction\",\"target\":[\"https:\/\/nagykokenyes.hu\/?p=3960\"]}]},{\"@type\":\"BreadcrumbList\",\"@id\":\"https:\/\/nagykokenyes.hu\/?p=3960#breadcrumb\",\"itemListElement\":[{\"@type\":\"ListItem\",\"position\":1,\"name\":\"Kezd\u0151lap\",\"item\":\"https:\/\/nagykokenyes.hu\/\"},{\"@type\":\"ListItem\",\"position\":2,\"name\":\"T\u00e1j\u00e9koztat\u00e1s\"}]},{\"@type\":\"WebSite\",\"@id\":\"https:\/\/nagykokenyes.hu\/#website\",\"url\":\"https:\/\/nagykokenyes.hu\/\",\"name\":\"Nagyk\u00f6k\u00e9nyes K\u00f6zs\u00e9g \u00d6nkorm\u00e1nyzata\",\"description\":\"\",\"potentialAction\":[{\"@type\":\"SearchAction\",\"target\":{\"@type\":\"EntryPoint\",\"urlTemplate\":\"https:\/\/nagykokenyes.hu\/?s={search_term_string}\"},\"query-input\":{\"@type\":\"PropertyValueSpecification\",\"valueRequired\":true,\"valueName\":\"search_term_string\"}}],\"inLanguage\":\"hu\"},{\"@type\":\"Person\",\"@id\":\"https:\/\/nagykokenyes.hu\/#\/schema\/person\/91a03ceb98215334e96f799e0fbcb3be\",\"name\":\"Toldi-Media&amp;Web\u00a9\",\"image\":{\"@type\":\"ImageObject\",\"inLanguage\":\"hu\",\"@id\":\"https:\/\/nagykokenyes.hu\/#\/schema\/person\/image\/\",\"url\":\"https:\/\/secure.gravatar.com\/avatar\/adc3df0c265574e995fc88e9d5fca046c2077c4ac097b10c58e854f5d7ae42ac?s=96&d=mm&r=g\",\"contentUrl\":\"https:\/\/secure.gravatar.com\/avatar\/adc3df0c265574e995fc88e9d5fca046c2077c4ac097b10c58e854f5d7ae42ac?s=96&d=mm&r=g\",\"caption\":\"Toldi-Media&amp;Web\u00a9\"},\"url\":\"https:\/\/nagykokenyes.hu\/?author=3\"}]}<\/script>\n<!-- \/ Yoast SEO plugin. -->","yoast_head_json":{"title":"T\u00e1j\u00e9koztat\u00e1s - Nagyk\u00f6k\u00e9nyes K\u00f6zs\u00e9g \u00d6nkorm\u00e1nyzata","robots":{"index":"index","follow":"follow","max-snippet":"max-snippet:-1","max-image-preview":"max-image-preview:large","max-video-preview":"max-video-preview:-1"},"canonical":"https:\/\/nagykokenyes.hu\/?p=3960","og_locale":"hu_HU","og_type":"article","og_title":"T\u00e1j\u00e9koztat\u00e1s - Nagyk\u00f6k\u00e9nyes K\u00f6zs\u00e9g \u00d6nkorm\u00e1nyzata","og_description":"2021. m\u00e1rcius 8. napj\u00e1t\u00f3l &#8211; 2021. m\u00e1rcius 22. napj\u00e1ig az \u00faj korl\u00e1toz\u00e1sok \u00e9letbe l\u00e9p\u00e9se miatt a k\u00f6zszolg\u00e1ltat\u00f3 telephelyei T\u00e9rs\u00e9gi hullad\u00e9kkezel\u0151 k\u00f6zpont \u00e9s hullad\u00e9kudvar (Hatvan) Region\u00e1lis Hullad\u00e9klerak\u00f3 \u00e9s hasznos\u00edt\u00f3 telep (Tura) Hullad\u00e9kudvar (J\u00e1szf\u00e9nyszaru) z\u00e1rva tartanak, a hullad\u00e9k\u00e1tv\u00e9tel \u00e9s az \u00fcgyf\u00e9lszolg\u00e1lat sz\u00fcnetel. A korl\u00e1toz\u00e1sok esetleges hosszabb\u00edt\u00e1sa eset\u00e9n a rendelkez\u00e9s ezzel \u00f6sszef\u00fcgg\u00e9sben 2021. m\u00e1rcius 22. ut\u00e1n is \u00e9rv\u00e9nyben [&hellip;]","og_url":"https:\/\/nagykokenyes.hu\/?p=3960","og_site_name":"Nagyk\u00f6k\u00e9nyes K\u00f6zs\u00e9g \u00d6nkorm\u00e1nyzata","article_published_time":"2021-03-05T20:54:18+00:00","author":"Toldi-Media&amp;Web\u00a9","twitter_card":"summary_large_image","twitter_misc":{"Szerz\u0151:":"Toldi-Media&amp;Web\u00a9","Becs\u00fclt olvas\u00e1si id\u0151":"1 perc"},"schema":{"@context":"https:\/\/schema.org","@graph":[{"@type":"WebPage","@id":"https:\/\/nagykokenyes.hu\/?p=3960","url":"https:\/\/nagykokenyes.hu\/?p=3960","name":"T\u00e1j\u00e9koztat\u00e1s - Nagyk\u00f6k\u00e9nyes K\u00f6zs\u00e9g \u00d6nkorm\u00e1nyzata","isPartOf":{"@id":"https:\/\/nagykokenyes.hu\/#website"},"datePublished":"2021-03-05T20:54:18+00:00","author":{"@id":"https:\/\/nagykokenyes.hu\/#\/schema\/person\/91a03ceb98215334e96f799e0fbcb3be"},"breadcrumb":{"@id":"https:\/\/nagykokenyes.hu\/?p=3960#breadcrumb"},"inLanguage":"hu","potentialAction":[{"@type":"ReadAction","target":["https:\/\/nagykokenyes.hu\/?p=3960"]}]},{"@type":"BreadcrumbList","@id":"https:\/\/nagykokenyes.hu\/?p=3960#breadcrumb","itemListElement":[{"@type":"ListItem","position":1,"name":"Kezd\u0151lap","item":"https:\/\/nagykokenyes.hu\/"},{"@type":"ListItem","position":2,"name":"T\u00e1j\u00e9koztat\u00e1s"}]},{"@type":"WebSite","@id":"https:\/\/nagykokenyes.hu\/#website","url":"https:\/\/nagykokenyes.hu\/","name":"Nagyk\u00f6k\u00e9nyes K\u00f6zs\u00e9g \u00d6nkorm\u00e1nyzata","description":"","potentialAction":[{"@type":"SearchAction","target":{"@type":"EntryPoint","urlTemplate":"https:\/\/nagykokenyes.hu\/?s={search_term_string}"},"query-input":{"@type":"PropertyValueSpecification","valueRequired":true,"valueName":"search_term_string"}}],"inLanguage":"hu"},{"@type":"Person","@id":"https:\/\/nagykokenyes.hu\/#\/schema\/person\/91a03ceb98215334e96f799e0fbcb3be","name":"Toldi-Media&amp;Web\u00a9","image":{"@type":"ImageObject","inLanguage":"hu","@id":"https:\/\/nagykokenyes.hu\/#\/schema\/person\/image\/","url":"https:\/\/secure.gravatar.com\/avatar\/adc3df0c265574e995fc88e9d5fca046c2077c4ac097b10c58e854f5d7ae42ac?s=96&d=mm&r=g","contentUrl":"https:\/\/secure.gravatar.com\/avatar\/adc3df0c265574e995fc88e9d5fca046c2077c4ac097b10c58e854f5d7ae42ac?s=96&d=mm&r=g","caption":"Toldi-Media&amp;Web\u00a9"},"url":"https:\/\/nagykokenyes.hu\/?author=3"}]}},"_links":{"self":[{"href":"https:\/\/nagykokenyes.hu\/index.php?rest_route=\/wp\/v2\/posts\/3960","targetHints":{"allow":["GET"]}}],"collection":[{"href":"https:\/\/nagykokenyes.hu\/index.php?rest_route=\/wp\/v2\/posts"}],"about":[{"href":"https:\/\/nagykokenyes.hu\/index.php?rest_route=\/wp\/v2\/types\/post"}],"author":[{"embeddable":true,"href":"https:\/\/nagykokenyes.hu\/index.php?rest_route=\/wp\/v2\/users\/3"}],"replies":[{"embeddable":true,"href":"https:\/\/nagykokenyes.hu\/index.php?rest_route=%2Fwp%2Fv2%2Fcomments&post=3960"}],"version-history":[{"count":4,"href":"https:\/\/nagykokenyes.hu\/index.php?rest_route=\/wp\/v2\/posts\/3960\/revisions"}],"predecessor-version":[{"id":3964,"href":"https:\/\/nagykokenyes.hu\/index.php?rest_route=\/wp\/v2\/posts\/3960\/revisions\/3964"}],"wp:attachment":[{"href":"https:\/\/nagykokenyes.hu\/index.php?rest_route=%2Fwp%2Fv2%2Fmedia&parent=3960"}],"wp:term":[{"taxonomy":"category","embeddable":true,"href":"https:\/\/nagykokenyes.hu\/index.php?rest_route=%2Fwp%2Fv2%2Fcategories&post=3960"},{"taxonomy":"post_tag","embeddable":true,"href":"https:\/\/nagykokenyes.hu\/index.php?rest_route=%2Fwp%2Fv2%2Ftags&post=3960"}],"curies":[{"name":"wp","href":"https:\/\/api.w.org\/{rel}","templated":true}]}}