{"id":4242,"date":"2021-08-16T21:52:02","date_gmt":"2021-08-16T19:52:02","guid":{"rendered":"https:\/\/nagykokenyes.hu\/?p=4242"},"modified":"2021-08-17T14:55:31","modified_gmt":"2021-08-17T12:55:31","slug":"lakossagi-tajekoztato-9","status":"publish","type":"post","link":"https:\/\/nagykokenyes.hu\/?p=4242","title":{"rendered":"Lakoss\u00e1gi t\u00e1j\u00e9koztat\u00f3"},"content":{"rendered":"<p style=\"margin-bottom: 0.0001pt; line-height: 150%; text-align: justify;\" align=\"center\"><b>LAKOSS\u00c1GI RIASZT\u00d3 ESZK\u00d6Z (SZIR\u00c9NA) <\/b><b>2021. szeptember 2-\u00e1n tartand\u00f3\u00a0 <\/b><b>ELLEN\u0150RZ\u00c9S\u00c9R\u0150L<\/b><\/p>\n<p align=\"center\">\n<p style=\"margin-bottom: 0.0001pt; line-height: 150%; text-align: justify;\" align=\"center\">Gy\u00f6ngy\u00f6si Katasztr\u00f3fav\u00e9delmi Kirendelts\u00e9g \u00e9s NAGYK\u00d6K\u00c9NYES telep\u00fcl\u00e9s polg\u00e1ri v\u00e9delmi parancsnoks\u00e1ga \u00e9rtes\u00edti a lakoss\u00e1got, hogy a fenti napon a telep\u00fcl\u00e9sen tal\u00e1lhat\u00f3 lakoss\u00e1gi riaszt\u00f3 \u00e9s t\u00e1j\u00e9koztat\u00f3 eszk\u00f6z\u00f6k (szir\u00e9n\u00e1k) \u00fczempr\u00f3b\u00e1j\u00e1t v\u00e9gezz\u00fck, melynek sor\u00e1n morgat\u00f3pr\u00f3ba (6 m\u00e1sodperces, \u00e1lland\u00f3 hangmagass\u00e1g\u00fa, folyamatos szir\u00e9nahang) jelz\u00e9st adunk le.<\/p>\n<p align=\"center\">\n<p style=\"margin-bottom: 0.0001pt; line-height: 150%; text-align: justify;\" align=\"center\">A morgat\u00f3pr\u00f3ba kiz\u00e1r\u00f3lagos c\u00e9lja, hogy ellen\u0151rizz\u00fck a riaszt\u00f3 eszk\u00f6z\u00f6k m\u0171k\u00f6d\u0151k\u00e9pess\u00e9g\u00e9t.<\/p>\n<p align=\"center\">\n<p style=\"margin-bottom: 0.0001pt; line-height: 150%; text-align: justify;\" align=\"center\">A jelz\u00e9sek semmilyen vesz\u00e9ly bek\u00f6vetkezt\u00e9t sem jelzik, a lakoss\u00e1g r\u00e9sz\u00e9r\u0151l semmif\u00e9le teend\u0151 nem sz\u00fcks\u00e9ges.<\/p>\n<p align=\"center\">\n<p style=\"margin-bottom: 0.0001pt; line-height: 150%; text-align: justify;\" align=\"center\">A pr\u00f3b\u00e1val egy\u00fctt j\u00e1r\u00f3 kellemetlens\u00e9gek miatt meg\u00e9rt\u00e9s\u00fcket k\u00e9rj\u00fck, annak v\u00e9grehajt\u00e1sa az \u00d6n\u00f6k biztons\u00e1g\u00e1t szolg\u00e1lja.<\/p>\n","protected":false},"excerpt":{"rendered":"<p>LAKOSS\u00c1GI RIASZT\u00d3 ESZK\u00d6Z (SZIR\u00c9NA) 2021. szeptember 2-\u00e1n tartand\u00f3\u00a0 ELLEN\u0150RZ\u00c9S\u00c9R\u0150L Gy\u00f6ngy\u00f6si Katasztr\u00f3fav\u00e9delmi Kirendelts\u00e9g \u00e9s NAGYK\u00d6K\u00c9NYES telep\u00fcl\u00e9s polg\u00e1ri v\u00e9delmi parancsnoks\u00e1ga \u00e9rtes\u00edti a lakoss\u00e1got, hogy a fenti napon a telep\u00fcl\u00e9sen tal\u00e1lhat\u00f3 lakoss\u00e1gi riaszt\u00f3 \u00e9s t\u00e1j\u00e9koztat\u00f3 eszk\u00f6z\u00f6k (szir\u00e9n\u00e1k) \u00fczempr\u00f3b\u00e1j\u00e1t v\u00e9gezz\u00fck, melynek sor\u00e1n morgat\u00f3pr\u00f3ba (6 m\u00e1sodperces, \u00e1lland\u00f3 hangmagass\u00e1g\u00fa, folyamatos szir\u00e9nahang) jelz\u00e9st adunk le. A morgat\u00f3pr\u00f3ba kiz\u00e1r\u00f3lagos c\u00e9lja, hogy ellen\u0151rizz\u00fck a [&hellip;]<\/p>\n","protected":false},"author":3,"featured_media":0,"comment_status":"closed","ping_status":"closed","sticky":false,"template":"","format":"standard","meta":{"footnotes":""},"categories":[1],"tags":[],"class_list":["post-4242","post","type-post","status-publish","format-standard","hentry","category-egyeb"],"yoast_head":"<!-- This site is optimized with the Yoast SEO plugin v26.5 - https:\/\/yoast.com\/wordpress\/plugins\/seo\/ -->\n<title>Lakoss\u00e1gi t\u00e1j\u00e9koztat\u00f3 - Nagyk\u00f6k\u00e9nyes K\u00f6zs\u00e9g \u00d6nkorm\u00e1nyzata<\/title>\n<meta name=\"robots\" content=\"index, follow, max-snippet:-1, max-image-preview:large, max-video-preview:-1\" \/>\n<link rel=\"canonical\" href=\"https:\/\/nagykokenyes.hu\/?p=4242\" \/>\n<meta property=\"og:locale\" content=\"hu_HU\" \/>\n<meta property=\"og:type\" content=\"article\" \/>\n<meta property=\"og:title\" content=\"Lakoss\u00e1gi t\u00e1j\u00e9koztat\u00f3 - Nagyk\u00f6k\u00e9nyes K\u00f6zs\u00e9g \u00d6nkorm\u00e1nyzata\" \/>\n<meta property=\"og:description\" content=\"LAKOSS\u00c1GI RIASZT\u00d3 ESZK\u00d6Z (SZIR\u00c9NA) 2021. szeptember 2-\u00e1n tartand\u00f3\u00a0 ELLEN\u0150RZ\u00c9S\u00c9R\u0150L Gy\u00f6ngy\u00f6si Katasztr\u00f3fav\u00e9delmi Kirendelts\u00e9g \u00e9s NAGYK\u00d6K\u00c9NYES telep\u00fcl\u00e9s polg\u00e1ri v\u00e9delmi parancsnoks\u00e1ga \u00e9rtes\u00edti a lakoss\u00e1got, hogy a fenti napon a telep\u00fcl\u00e9sen tal\u00e1lhat\u00f3 lakoss\u00e1gi riaszt\u00f3 \u00e9s t\u00e1j\u00e9koztat\u00f3 eszk\u00f6z\u00f6k (szir\u00e9n\u00e1k) \u00fczempr\u00f3b\u00e1j\u00e1t v\u00e9gezz\u00fck, melynek sor\u00e1n morgat\u00f3pr\u00f3ba (6 m\u00e1sodperces, \u00e1lland\u00f3 hangmagass\u00e1g\u00fa, folyamatos szir\u00e9nahang) jelz\u00e9st adunk le. A morgat\u00f3pr\u00f3ba kiz\u00e1r\u00f3lagos c\u00e9lja, hogy ellen\u0151rizz\u00fck a [&hellip;]\" \/>\n<meta property=\"og:url\" content=\"https:\/\/nagykokenyes.hu\/?p=4242\" \/>\n<meta property=\"og:site_name\" content=\"Nagyk\u00f6k\u00e9nyes K\u00f6zs\u00e9g \u00d6nkorm\u00e1nyzata\" \/>\n<meta property=\"article:published_time\" content=\"2021-08-16T19:52:02+00:00\" \/>\n<meta property=\"article:modified_time\" content=\"2021-08-17T12:55:31+00:00\" \/>\n<meta name=\"author\" content=\"Toldi-Media&amp;Web\u00a9\" \/>\n<meta name=\"twitter:card\" content=\"summary_large_image\" \/>\n<meta name=\"twitter:label1\" content=\"Szerz\u0151:\" \/>\n\t<meta name=\"twitter:data1\" content=\"Toldi-Media&amp;Web\u00a9\" \/>\n\t<meta name=\"twitter:label2\" content=\"Becs\u00fclt olvas\u00e1si id\u0151\" \/>\n\t<meta name=\"twitter:data2\" content=\"1 perc\" \/>\n<script type=\"application\/ld+json\" class=\"yoast-schema-graph\">{\"@context\":\"https:\/\/schema.org\",\"@graph\":[{\"@type\":\"WebPage\",\"@id\":\"https:\/\/nagykokenyes.hu\/?p=4242\",\"url\":\"https:\/\/nagykokenyes.hu\/?p=4242\",\"name\":\"Lakoss\u00e1gi t\u00e1j\u00e9koztat\u00f3 - Nagyk\u00f6k\u00e9nyes K\u00f6zs\u00e9g \u00d6nkorm\u00e1nyzata\",\"isPartOf\":{\"@id\":\"https:\/\/nagykokenyes.hu\/#website\"},\"datePublished\":\"2021-08-16T19:52:02+00:00\",\"dateModified\":\"2021-08-17T12:55:31+00:00\",\"author\":{\"@id\":\"https:\/\/nagykokenyes.hu\/#\/schema\/person\/91a03ceb98215334e96f799e0fbcb3be\"},\"breadcrumb\":{\"@id\":\"https:\/\/nagykokenyes.hu\/?p=4242#breadcrumb\"},\"inLanguage\":\"hu\",\"potentialAction\":[{\"@type\":\"ReadAction\",\"target\":[\"https:\/\/nagykokenyes.hu\/?p=4242\"]}]},{\"@type\":\"BreadcrumbList\",\"@id\":\"https:\/\/nagykokenyes.hu\/?p=4242#breadcrumb\",\"itemListElement\":[{\"@type\":\"ListItem\",\"position\":1,\"name\":\"Kezd\u0151lap\",\"item\":\"https:\/\/nagykokenyes.hu\/\"},{\"@type\":\"ListItem\",\"position\":2,\"name\":\"Lakoss\u00e1gi t\u00e1j\u00e9koztat\u00f3\"}]},{\"@type\":\"WebSite\",\"@id\":\"https:\/\/nagykokenyes.hu\/#website\",\"url\":\"https:\/\/nagykokenyes.hu\/\",\"name\":\"Nagyk\u00f6k\u00e9nyes K\u00f6zs\u00e9g \u00d6nkorm\u00e1nyzata\",\"description\":\"\",\"potentialAction\":[{\"@type\":\"SearchAction\",\"target\":{\"@type\":\"EntryPoint\",\"urlTemplate\":\"https:\/\/nagykokenyes.hu\/?s={search_term_string}\"},\"query-input\":{\"@type\":\"PropertyValueSpecification\",\"valueRequired\":true,\"valueName\":\"search_term_string\"}}],\"inLanguage\":\"hu\"},{\"@type\":\"Person\",\"@id\":\"https:\/\/nagykokenyes.hu\/#\/schema\/person\/91a03ceb98215334e96f799e0fbcb3be\",\"name\":\"Toldi-Media&amp;Web\u00a9\",\"image\":{\"@type\":\"ImageObject\",\"inLanguage\":\"hu\",\"@id\":\"https:\/\/nagykokenyes.hu\/#\/schema\/person\/image\/\",\"url\":\"https:\/\/secure.gravatar.com\/avatar\/adc3df0c265574e995fc88e9d5fca046c2077c4ac097b10c58e854f5d7ae42ac?s=96&d=mm&r=g\",\"contentUrl\":\"https:\/\/secure.gravatar.com\/avatar\/adc3df0c265574e995fc88e9d5fca046c2077c4ac097b10c58e854f5d7ae42ac?s=96&d=mm&r=g\",\"caption\":\"Toldi-Media&amp;Web\u00a9\"},\"url\":\"https:\/\/nagykokenyes.hu\/?author=3\"}]}<\/script>\n<!-- \/ Yoast SEO plugin. -->","yoast_head_json":{"title":"Lakoss\u00e1gi t\u00e1j\u00e9koztat\u00f3 - Nagyk\u00f6k\u00e9nyes K\u00f6zs\u00e9g \u00d6nkorm\u00e1nyzata","robots":{"index":"index","follow":"follow","max-snippet":"max-snippet:-1","max-image-preview":"max-image-preview:large","max-video-preview":"max-video-preview:-1"},"canonical":"https:\/\/nagykokenyes.hu\/?p=4242","og_locale":"hu_HU","og_type":"article","og_title":"Lakoss\u00e1gi t\u00e1j\u00e9koztat\u00f3 - Nagyk\u00f6k\u00e9nyes K\u00f6zs\u00e9g \u00d6nkorm\u00e1nyzata","og_description":"LAKOSS\u00c1GI RIASZT\u00d3 ESZK\u00d6Z (SZIR\u00c9NA) 2021. szeptember 2-\u00e1n tartand\u00f3\u00a0 ELLEN\u0150RZ\u00c9S\u00c9R\u0150L Gy\u00f6ngy\u00f6si Katasztr\u00f3fav\u00e9delmi Kirendelts\u00e9g \u00e9s NAGYK\u00d6K\u00c9NYES telep\u00fcl\u00e9s polg\u00e1ri v\u00e9delmi parancsnoks\u00e1ga \u00e9rtes\u00edti a lakoss\u00e1got, hogy a fenti napon a telep\u00fcl\u00e9sen tal\u00e1lhat\u00f3 lakoss\u00e1gi riaszt\u00f3 \u00e9s t\u00e1j\u00e9koztat\u00f3 eszk\u00f6z\u00f6k (szir\u00e9n\u00e1k) \u00fczempr\u00f3b\u00e1j\u00e1t v\u00e9gezz\u00fck, melynek sor\u00e1n morgat\u00f3pr\u00f3ba (6 m\u00e1sodperces, \u00e1lland\u00f3 hangmagass\u00e1g\u00fa, folyamatos szir\u00e9nahang) jelz\u00e9st adunk le. A morgat\u00f3pr\u00f3ba kiz\u00e1r\u00f3lagos c\u00e9lja, hogy ellen\u0151rizz\u00fck a [&hellip;]","og_url":"https:\/\/nagykokenyes.hu\/?p=4242","og_site_name":"Nagyk\u00f6k\u00e9nyes K\u00f6zs\u00e9g \u00d6nkorm\u00e1nyzata","article_published_time":"2021-08-16T19:52:02+00:00","article_modified_time":"2021-08-17T12:55:31+00:00","author":"Toldi-Media&amp;Web\u00a9","twitter_card":"summary_large_image","twitter_misc":{"Szerz\u0151:":"Toldi-Media&amp;Web\u00a9","Becs\u00fclt olvas\u00e1si id\u0151":"1 perc"},"schema":{"@context":"https:\/\/schema.org","@graph":[{"@type":"WebPage","@id":"https:\/\/nagykokenyes.hu\/?p=4242","url":"https:\/\/nagykokenyes.hu\/?p=4242","name":"Lakoss\u00e1gi t\u00e1j\u00e9koztat\u00f3 - Nagyk\u00f6k\u00e9nyes K\u00f6zs\u00e9g \u00d6nkorm\u00e1nyzata","isPartOf":{"@id":"https:\/\/nagykokenyes.hu\/#website"},"datePublished":"2021-08-16T19:52:02+00:00","dateModified":"2021-08-17T12:55:31+00:00","author":{"@id":"https:\/\/nagykokenyes.hu\/#\/schema\/person\/91a03ceb98215334e96f799e0fbcb3be"},"breadcrumb":{"@id":"https:\/\/nagykokenyes.hu\/?p=4242#breadcrumb"},"inLanguage":"hu","potentialAction":[{"@type":"ReadAction","target":["https:\/\/nagykokenyes.hu\/?p=4242"]}]},{"@type":"BreadcrumbList","@id":"https:\/\/nagykokenyes.hu\/?p=4242#breadcrumb","itemListElement":[{"@type":"ListItem","position":1,"name":"Kezd\u0151lap","item":"https:\/\/nagykokenyes.hu\/"},{"@type":"ListItem","position":2,"name":"Lakoss\u00e1gi t\u00e1j\u00e9koztat\u00f3"}]},{"@type":"WebSite","@id":"https:\/\/nagykokenyes.hu\/#website","url":"https:\/\/nagykokenyes.hu\/","name":"Nagyk\u00f6k\u00e9nyes K\u00f6zs\u00e9g \u00d6nkorm\u00e1nyzata","description":"","potentialAction":[{"@type":"SearchAction","target":{"@type":"EntryPoint","urlTemplate":"https:\/\/nagykokenyes.hu\/?s={search_term_string}"},"query-input":{"@type":"PropertyValueSpecification","valueRequired":true,"valueName":"search_term_string"}}],"inLanguage":"hu"},{"@type":"Person","@id":"https:\/\/nagykokenyes.hu\/#\/schema\/person\/91a03ceb98215334e96f799e0fbcb3be","name":"Toldi-Media&amp;Web\u00a9","image":{"@type":"ImageObject","inLanguage":"hu","@id":"https:\/\/nagykokenyes.hu\/#\/schema\/person\/image\/","url":"https:\/\/secure.gravatar.com\/avatar\/adc3df0c265574e995fc88e9d5fca046c2077c4ac097b10c58e854f5d7ae42ac?s=96&d=mm&r=g","contentUrl":"https:\/\/secure.gravatar.com\/avatar\/adc3df0c265574e995fc88e9d5fca046c2077c4ac097b10c58e854f5d7ae42ac?s=96&d=mm&r=g","caption":"Toldi-Media&amp;Web\u00a9"},"url":"https:\/\/nagykokenyes.hu\/?author=3"}]}},"_links":{"self":[{"href":"https:\/\/nagykokenyes.hu\/index.php?rest_route=\/wp\/v2\/posts\/4242","targetHints":{"allow":["GET"]}}],"collection":[{"href":"https:\/\/nagykokenyes.hu\/index.php?rest_route=\/wp\/v2\/posts"}],"about":[{"href":"https:\/\/nagykokenyes.hu\/index.php?rest_route=\/wp\/v2\/types\/post"}],"author":[{"embeddable":true,"href":"https:\/\/nagykokenyes.hu\/index.php?rest_route=\/wp\/v2\/users\/3"}],"replies":[{"embeddable":true,"href":"https:\/\/nagykokenyes.hu\/index.php?rest_route=%2Fwp%2Fv2%2Fcomments&post=4242"}],"version-history":[{"count":3,"href":"https:\/\/nagykokenyes.hu\/index.php?rest_route=\/wp\/v2\/posts\/4242\/revisions"}],"predecessor-version":[{"id":4246,"href":"https:\/\/nagykokenyes.hu\/index.php?rest_route=\/wp\/v2\/posts\/4242\/revisions\/4246"}],"wp:attachment":[{"href":"https:\/\/nagykokenyes.hu\/index.php?rest_route=%2Fwp%2Fv2%2Fmedia&parent=4242"}],"wp:term":[{"taxonomy":"category","embeddable":true,"href":"https:\/\/nagykokenyes.hu\/index.php?rest_route=%2Fwp%2Fv2%2Fcategories&post=4242"},{"taxonomy":"post_tag","embeddable":true,"href":"https:\/\/nagykokenyes.hu\/index.php?rest_route=%2Fwp%2Fv2%2Ftags&post=4242"}],"curies":[{"name":"wp","href":"https:\/\/api.w.org\/{rel}","templated":true}]}}