{"id":4385,"date":"2021-09-13T19:51:43","date_gmt":"2021-09-13T17:51:43","guid":{"rendered":"https:\/\/nagykokenyes.hu\/?p=4385"},"modified":"2021-09-13T19:51:43","modified_gmt":"2021-09-13T17:51:43","slug":"magyar-falu-program-onkormanyzati-temetok-infrastrukturalis-fejlesztese-2021-mfp-otif-2021","status":"publish","type":"post","link":"https:\/\/nagykokenyes.hu\/?p=4385","title":{"rendered":"Magyar Falu Program &#8211; \u00d6nkorm\u00e1nyzati temet\u0151k infrastruktur\u00e1lis fejleszt\u00e9se &#8211; 2021 (MFP-\u00d6TIF\/2021)"},"content":{"rendered":"<p><strong><a href=\"https:\/\/nagykokenyes.hu\/wp-content\/uploads\/2019\/11\/mfp_logo.jpg\"><img loading=\"lazy\" decoding=\"async\" class=\"wp-image-2135 alignleft\" src=\"https:\/\/nagykokenyes.hu\/wp-content\/uploads\/2019\/11\/mfp_logo.jpg\" alt=\"\" width=\"183\" height=\"132\" \/><\/a>Kedvezm\u00e9nyezett neve:<\/strong> Nagyk\u00f6k\u00e9nyes K\u00f6zs\u00e9gi \u00d6nkorm\u00e1nyzat<\/p>\n<p><strong>P\u00e1ly\u00e1zati felh\u00edv\u00e1s neve (k\u00f3dsz\u00e1ma): <\/strong>Magyar Falu Program &#8211; \u00d6nkorm\u00e1nyzati temet\u0151k infrastruktur\u00e1lis fejleszt\u00e9se &#8211; 2021 (MFP-\u00d6TIF\/2021)<\/p>\n<p><strong>Projekt c\u00edme (azonos\u00edt\u00f3 sz\u00e1ma): <\/strong>Temet\u0151 fejleszt\u00e9se Nagyk\u00f6k\u00e9nyes k\u00f6zs\u00e9gben az MFP-\u00d6TIF\/2021 p\u00e1ly\u00e1zat keret\u00e9ben (3283095510)<\/p>\n<p><strong>Szerz\u0151d\u00f6tt t\u00e1mogat\u00e1s \u00f6sszege: <\/strong>14.527.729,- Ft<\/p>\n<p><strong>T\u00e1mogat\u00e1s m\u00e9rt\u00e9ke:<\/strong> 100%<\/p>\n<p><strong>A projekt tartalm\u00e1nak r\u00f6vid bemutat\u00e1sa: <\/strong>Nagyk\u00f6k\u00e9nyes K\u00f6zs\u00e9gi \u00d6nkorm\u00e1nyzat a Magyar Falu Program &#8222;\u00d6nkorm\u00e1nyzati temeto\u030bk infrastruktur\u00e1lis fejleszt\u00e9se&#8221; alprogramja keret\u00e9ben a 151 helyrajzi sz\u00e1m\u00fa \u00f6nkorm\u00e1nyzati tulajdonan l\u00e9vo\u030b temeto\u030bben a ravataloz\u00f3 \u00e9p\u00fclet\u00e9t szeretn\u00e9 fel\u00faj\u00edtani. A tervezett fejleszt\u00e9ssel \u00e9rintett ravataloz\u00f3 \u00e9p\u00fclet\u00e9n a laposteto\u030bs szigetel\u00e9s \u00e9vek \u00f3ta be\u00e1zik, a folyamatos be\u00e1z\u00e1s rombolja az \u00e9p\u00fclet \u00e1llag\u00e1t. A p\u00e1ly\u00e1zati t\u00e1mogat\u00e1s felhaszn\u00e1l\u00e1s\u00e1val k\u00e9sz\u00fclo\u030b magasteto\u030b megsz\u00fcntetn\u00e9 a be\u00e1z\u00e1s probl\u00e9m\u00e1j\u00e1t. A projekt r\u00e9szek\u00e9nt elo\u030bteto\u030b \u00e9s a ravataloz\u00f3hoz k\u00f6zvetlen\u00fcl kapcsol\u00f3d\u00f3 urnafal is k\u00e9sz\u00fclne. A projekt kapcsol\u00f3dik a Magyar Falu Program 2019. \u00e9vi t\u00e1mogat\u00e1s\u00e1val megval\u00f3sult, szint\u00e9n a ravataloz\u00f3 korszeru\u030bs\u00edt\u00e9s\u00e9re ir\u00e1nyult projekthez, melynek eredm\u00e9nyek\u00e9nt akad\u00e1lymentesen megk\u00f6zel\u00edtheto\u030bv\u00e9 v\u00e1lt az \u00e9p\u00fclet. A projekt hozz\u00e1j\u00e1rul a lakoss\u00e1g komfort\u00e9rzet\u00e9nek javul\u00e1s\u00e1hoz, a temeto\u030bi, temetkez\u00e9si szolg\u00e1ltat\u00e1sok korszeru\u030bs\u00edt\u00e9s\u00e9hez.<\/p>\n<p><strong>A projekt legk\u00e9s\u0151bbi befejez\u00e9si d\u00e1tuma: <\/strong>2022.12.31.<\/p>\n","protected":false},"excerpt":{"rendered":"<p>Kedvezm\u00e9nyezett neve: Nagyk\u00f6k\u00e9nyes K\u00f6zs\u00e9gi \u00d6nkorm\u00e1nyzat P\u00e1ly\u00e1zati felh\u00edv\u00e1s neve (k\u00f3dsz\u00e1ma): Magyar Falu Program &#8211; \u00d6nkorm\u00e1nyzati temet\u0151k infrastruktur\u00e1lis fejleszt\u00e9se &#8211; 2021 (MFP-\u00d6TIF\/2021) Projekt c\u00edme (azonos\u00edt\u00f3 sz\u00e1ma): Temet\u0151 fejleszt\u00e9se Nagyk\u00f6k\u00e9nyes k\u00f6zs\u00e9gben az MFP-\u00d6TIF\/2021 p\u00e1ly\u00e1zat keret\u00e9ben (3283095510) Szerz\u0151d\u00f6tt t\u00e1mogat\u00e1s \u00f6sszege: 14.527.729,- Ft T\u00e1mogat\u00e1s m\u00e9rt\u00e9ke: 100% A projekt tartalm\u00e1nak r\u00f6vid bemutat\u00e1sa: Nagyk\u00f6k\u00e9nyes K\u00f6zs\u00e9gi \u00d6nkorm\u00e1nyzat a Magyar Falu Program &#8222;\u00d6nkorm\u00e1nyzati temeto\u030bk [&hellip;]<\/p>\n","protected":false},"author":3,"featured_media":0,"comment_status":"closed","ping_status":"closed","sticky":false,"template":"","format":"standard","meta":{"footnotes":""},"categories":[1],"tags":[],"class_list":["post-4385","post","type-post","status-publish","format-standard","hentry","category-egyeb"],"yoast_head":"<!-- This site is optimized with the Yoast SEO plugin v26.5 - https:\/\/yoast.com\/wordpress\/plugins\/seo\/ -->\n<title>Magyar Falu Program - \u00d6nkorm\u00e1nyzati temet\u0151k infrastruktur\u00e1lis fejleszt\u00e9se - 2021 (MFP-\u00d6TIF\/2021) - Nagyk\u00f6k\u00e9nyes K\u00f6zs\u00e9g \u00d6nkorm\u00e1nyzata<\/title>\n<meta name=\"robots\" content=\"index, follow, max-snippet:-1, max-image-preview:large, max-video-preview:-1\" \/>\n<link rel=\"canonical\" href=\"https:\/\/nagykokenyes.hu\/?p=4385\" \/>\n<meta property=\"og:locale\" content=\"hu_HU\" \/>\n<meta property=\"og:type\" content=\"article\" \/>\n<meta property=\"og:title\" content=\"Magyar Falu Program - \u00d6nkorm\u00e1nyzati temet\u0151k infrastruktur\u00e1lis fejleszt\u00e9se - 2021 (MFP-\u00d6TIF\/2021) - Nagyk\u00f6k\u00e9nyes K\u00f6zs\u00e9g \u00d6nkorm\u00e1nyzata\" \/>\n<meta property=\"og:description\" content=\"Kedvezm\u00e9nyezett neve: Nagyk\u00f6k\u00e9nyes K\u00f6zs\u00e9gi \u00d6nkorm\u00e1nyzat P\u00e1ly\u00e1zati felh\u00edv\u00e1s neve (k\u00f3dsz\u00e1ma): Magyar Falu Program &#8211; \u00d6nkorm\u00e1nyzati temet\u0151k infrastruktur\u00e1lis fejleszt\u00e9se &#8211; 2021 (MFP-\u00d6TIF\/2021) Projekt c\u00edme (azonos\u00edt\u00f3 sz\u00e1ma): Temet\u0151 fejleszt\u00e9se Nagyk\u00f6k\u00e9nyes k\u00f6zs\u00e9gben az MFP-\u00d6TIF\/2021 p\u00e1ly\u00e1zat keret\u00e9ben (3283095510) Szerz\u0151d\u00f6tt t\u00e1mogat\u00e1s \u00f6sszege: 14.527.729,- Ft T\u00e1mogat\u00e1s m\u00e9rt\u00e9ke: 100% A projekt tartalm\u00e1nak r\u00f6vid bemutat\u00e1sa: Nagyk\u00f6k\u00e9nyes K\u00f6zs\u00e9gi \u00d6nkorm\u00e1nyzat a Magyar Falu Program &#8222;\u00d6nkorm\u00e1nyzati temeto\u030bk [&hellip;]\" \/>\n<meta property=\"og:url\" content=\"https:\/\/nagykokenyes.hu\/?p=4385\" \/>\n<meta property=\"og:site_name\" content=\"Nagyk\u00f6k\u00e9nyes K\u00f6zs\u00e9g \u00d6nkorm\u00e1nyzata\" \/>\n<meta property=\"article:published_time\" content=\"2021-09-13T17:51:43+00:00\" \/>\n<meta property=\"og:image\" content=\"https:\/\/nagykokenyes.hu\/wp-content\/uploads\/2019\/11\/mfp_logo.jpg\" \/>\n<meta name=\"author\" content=\"Toldi-Media&amp;Web\u00a9\" \/>\n<meta name=\"twitter:card\" content=\"summary_large_image\" \/>\n<meta name=\"twitter:label1\" content=\"Szerz\u0151:\" \/>\n\t<meta name=\"twitter:data1\" content=\"Toldi-Media&amp;Web\u00a9\" \/>\n\t<meta name=\"twitter:label2\" content=\"Becs\u00fclt olvas\u00e1si id\u0151\" \/>\n\t<meta name=\"twitter:data2\" content=\"1 perc\" \/>\n<script type=\"application\/ld+json\" class=\"yoast-schema-graph\">{\"@context\":\"https:\/\/schema.org\",\"@graph\":[{\"@type\":\"WebPage\",\"@id\":\"https:\/\/nagykokenyes.hu\/?p=4385\",\"url\":\"https:\/\/nagykokenyes.hu\/?p=4385\",\"name\":\"Magyar Falu Program - \u00d6nkorm\u00e1nyzati temet\u0151k infrastruktur\u00e1lis fejleszt\u00e9se - 2021 (MFP-\u00d6TIF\/2021) - Nagyk\u00f6k\u00e9nyes K\u00f6zs\u00e9g \u00d6nkorm\u00e1nyzata\",\"isPartOf\":{\"@id\":\"https:\/\/nagykokenyes.hu\/#website\"},\"primaryImageOfPage\":{\"@id\":\"https:\/\/nagykokenyes.hu\/?p=4385#primaryimage\"},\"image\":{\"@id\":\"https:\/\/nagykokenyes.hu\/?p=4385#primaryimage\"},\"thumbnailUrl\":\"https:\/\/nagykokenyes.hu\/wp-content\/uploads\/2019\/11\/mfp_logo.jpg\",\"datePublished\":\"2021-09-13T17:51:43+00:00\",\"author\":{\"@id\":\"https:\/\/nagykokenyes.hu\/#\/schema\/person\/91a03ceb98215334e96f799e0fbcb3be\"},\"breadcrumb\":{\"@id\":\"https:\/\/nagykokenyes.hu\/?p=4385#breadcrumb\"},\"inLanguage\":\"hu\",\"potentialAction\":[{\"@type\":\"ReadAction\",\"target\":[\"https:\/\/nagykokenyes.hu\/?p=4385\"]}]},{\"@type\":\"ImageObject\",\"inLanguage\":\"hu\",\"@id\":\"https:\/\/nagykokenyes.hu\/?p=4385#primaryimage\",\"url\":\"https:\/\/nagykokenyes.hu\/wp-content\/uploads\/2019\/11\/mfp_logo.jpg\",\"contentUrl\":\"https:\/\/nagykokenyes.hu\/wp-content\/uploads\/2019\/11\/mfp_logo.jpg\"},{\"@type\":\"BreadcrumbList\",\"@id\":\"https:\/\/nagykokenyes.hu\/?p=4385#breadcrumb\",\"itemListElement\":[{\"@type\":\"ListItem\",\"position\":1,\"name\":\"Kezd\u0151lap\",\"item\":\"https:\/\/nagykokenyes.hu\/\"},{\"@type\":\"ListItem\",\"position\":2,\"name\":\"Magyar Falu Program &#8211; \u00d6nkorm\u00e1nyzati temet\u0151k infrastruktur\u00e1lis fejleszt\u00e9se &#8211; 2021 (MFP-\u00d6TIF\/2021)\"}]},{\"@type\":\"WebSite\",\"@id\":\"https:\/\/nagykokenyes.hu\/#website\",\"url\":\"https:\/\/nagykokenyes.hu\/\",\"name\":\"Nagyk\u00f6k\u00e9nyes K\u00f6zs\u00e9g \u00d6nkorm\u00e1nyzata\",\"description\":\"\",\"potentialAction\":[{\"@type\":\"SearchAction\",\"target\":{\"@type\":\"EntryPoint\",\"urlTemplate\":\"https:\/\/nagykokenyes.hu\/?s={search_term_string}\"},\"query-input\":{\"@type\":\"PropertyValueSpecification\",\"valueRequired\":true,\"valueName\":\"search_term_string\"}}],\"inLanguage\":\"hu\"},{\"@type\":\"Person\",\"@id\":\"https:\/\/nagykokenyes.hu\/#\/schema\/person\/91a03ceb98215334e96f799e0fbcb3be\",\"name\":\"Toldi-Media&amp;Web\u00a9\",\"image\":{\"@type\":\"ImageObject\",\"inLanguage\":\"hu\",\"@id\":\"https:\/\/nagykokenyes.hu\/#\/schema\/person\/image\/\",\"url\":\"https:\/\/secure.gravatar.com\/avatar\/adc3df0c265574e995fc88e9d5fca046c2077c4ac097b10c58e854f5d7ae42ac?s=96&d=mm&r=g\",\"contentUrl\":\"https:\/\/secure.gravatar.com\/avatar\/adc3df0c265574e995fc88e9d5fca046c2077c4ac097b10c58e854f5d7ae42ac?s=96&d=mm&r=g\",\"caption\":\"Toldi-Media&amp;Web\u00a9\"},\"url\":\"https:\/\/nagykokenyes.hu\/?author=3\"}]}<\/script>\n<!-- \/ Yoast SEO plugin. -->","yoast_head_json":{"title":"Magyar Falu Program - \u00d6nkorm\u00e1nyzati temet\u0151k infrastruktur\u00e1lis fejleszt\u00e9se - 2021 (MFP-\u00d6TIF\/2021) - Nagyk\u00f6k\u00e9nyes K\u00f6zs\u00e9g \u00d6nkorm\u00e1nyzata","robots":{"index":"index","follow":"follow","max-snippet":"max-snippet:-1","max-image-preview":"max-image-preview:large","max-video-preview":"max-video-preview:-1"},"canonical":"https:\/\/nagykokenyes.hu\/?p=4385","og_locale":"hu_HU","og_type":"article","og_title":"Magyar Falu Program - \u00d6nkorm\u00e1nyzati temet\u0151k infrastruktur\u00e1lis fejleszt\u00e9se - 2021 (MFP-\u00d6TIF\/2021) - Nagyk\u00f6k\u00e9nyes K\u00f6zs\u00e9g \u00d6nkorm\u00e1nyzata","og_description":"Kedvezm\u00e9nyezett neve: Nagyk\u00f6k\u00e9nyes K\u00f6zs\u00e9gi \u00d6nkorm\u00e1nyzat P\u00e1ly\u00e1zati felh\u00edv\u00e1s neve (k\u00f3dsz\u00e1ma): Magyar Falu Program &#8211; \u00d6nkorm\u00e1nyzati temet\u0151k infrastruktur\u00e1lis fejleszt\u00e9se &#8211; 2021 (MFP-\u00d6TIF\/2021) Projekt c\u00edme (azonos\u00edt\u00f3 sz\u00e1ma): Temet\u0151 fejleszt\u00e9se Nagyk\u00f6k\u00e9nyes k\u00f6zs\u00e9gben az MFP-\u00d6TIF\/2021 p\u00e1ly\u00e1zat keret\u00e9ben (3283095510) Szerz\u0151d\u00f6tt t\u00e1mogat\u00e1s \u00f6sszege: 14.527.729,- Ft T\u00e1mogat\u00e1s m\u00e9rt\u00e9ke: 100% A projekt tartalm\u00e1nak r\u00f6vid bemutat\u00e1sa: Nagyk\u00f6k\u00e9nyes K\u00f6zs\u00e9gi \u00d6nkorm\u00e1nyzat a Magyar Falu Program &#8222;\u00d6nkorm\u00e1nyzati temeto\u030bk [&hellip;]","og_url":"https:\/\/nagykokenyes.hu\/?p=4385","og_site_name":"Nagyk\u00f6k\u00e9nyes K\u00f6zs\u00e9g \u00d6nkorm\u00e1nyzata","article_published_time":"2021-09-13T17:51:43+00:00","og_image":[{"url":"https:\/\/nagykokenyes.hu\/wp-content\/uploads\/2019\/11\/mfp_logo.jpg","type":"","width":"","height":""}],"author":"Toldi-Media&amp;Web\u00a9","twitter_card":"summary_large_image","twitter_misc":{"Szerz\u0151:":"Toldi-Media&amp;Web\u00a9","Becs\u00fclt olvas\u00e1si id\u0151":"1 perc"},"schema":{"@context":"https:\/\/schema.org","@graph":[{"@type":"WebPage","@id":"https:\/\/nagykokenyes.hu\/?p=4385","url":"https:\/\/nagykokenyes.hu\/?p=4385","name":"Magyar Falu Program - \u00d6nkorm\u00e1nyzati temet\u0151k infrastruktur\u00e1lis fejleszt\u00e9se - 2021 (MFP-\u00d6TIF\/2021) - Nagyk\u00f6k\u00e9nyes K\u00f6zs\u00e9g \u00d6nkorm\u00e1nyzata","isPartOf":{"@id":"https:\/\/nagykokenyes.hu\/#website"},"primaryImageOfPage":{"@id":"https:\/\/nagykokenyes.hu\/?p=4385#primaryimage"},"image":{"@id":"https:\/\/nagykokenyes.hu\/?p=4385#primaryimage"},"thumbnailUrl":"https:\/\/nagykokenyes.hu\/wp-content\/uploads\/2019\/11\/mfp_logo.jpg","datePublished":"2021-09-13T17:51:43+00:00","author":{"@id":"https:\/\/nagykokenyes.hu\/#\/schema\/person\/91a03ceb98215334e96f799e0fbcb3be"},"breadcrumb":{"@id":"https:\/\/nagykokenyes.hu\/?p=4385#breadcrumb"},"inLanguage":"hu","potentialAction":[{"@type":"ReadAction","target":["https:\/\/nagykokenyes.hu\/?p=4385"]}]},{"@type":"ImageObject","inLanguage":"hu","@id":"https:\/\/nagykokenyes.hu\/?p=4385#primaryimage","url":"https:\/\/nagykokenyes.hu\/wp-content\/uploads\/2019\/11\/mfp_logo.jpg","contentUrl":"https:\/\/nagykokenyes.hu\/wp-content\/uploads\/2019\/11\/mfp_logo.jpg"},{"@type":"BreadcrumbList","@id":"https:\/\/nagykokenyes.hu\/?p=4385#breadcrumb","itemListElement":[{"@type":"ListItem","position":1,"name":"Kezd\u0151lap","item":"https:\/\/nagykokenyes.hu\/"},{"@type":"ListItem","position":2,"name":"Magyar Falu Program &#8211; \u00d6nkorm\u00e1nyzati temet\u0151k infrastruktur\u00e1lis fejleszt\u00e9se &#8211; 2021 (MFP-\u00d6TIF\/2021)"}]},{"@type":"WebSite","@id":"https:\/\/nagykokenyes.hu\/#website","url":"https:\/\/nagykokenyes.hu\/","name":"Nagyk\u00f6k\u00e9nyes K\u00f6zs\u00e9g \u00d6nkorm\u00e1nyzata","description":"","potentialAction":[{"@type":"SearchAction","target":{"@type":"EntryPoint","urlTemplate":"https:\/\/nagykokenyes.hu\/?s={search_term_string}"},"query-input":{"@type":"PropertyValueSpecification","valueRequired":true,"valueName":"search_term_string"}}],"inLanguage":"hu"},{"@type":"Person","@id":"https:\/\/nagykokenyes.hu\/#\/schema\/person\/91a03ceb98215334e96f799e0fbcb3be","name":"Toldi-Media&amp;Web\u00a9","image":{"@type":"ImageObject","inLanguage":"hu","@id":"https:\/\/nagykokenyes.hu\/#\/schema\/person\/image\/","url":"https:\/\/secure.gravatar.com\/avatar\/adc3df0c265574e995fc88e9d5fca046c2077c4ac097b10c58e854f5d7ae42ac?s=96&d=mm&r=g","contentUrl":"https:\/\/secure.gravatar.com\/avatar\/adc3df0c265574e995fc88e9d5fca046c2077c4ac097b10c58e854f5d7ae42ac?s=96&d=mm&r=g","caption":"Toldi-Media&amp;Web\u00a9"},"url":"https:\/\/nagykokenyes.hu\/?author=3"}]}},"_links":{"self":[{"href":"https:\/\/nagykokenyes.hu\/index.php?rest_route=\/wp\/v2\/posts\/4385","targetHints":{"allow":["GET"]}}],"collection":[{"href":"https:\/\/nagykokenyes.hu\/index.php?rest_route=\/wp\/v2\/posts"}],"about":[{"href":"https:\/\/nagykokenyes.hu\/index.php?rest_route=\/wp\/v2\/types\/post"}],"author":[{"embeddable":true,"href":"https:\/\/nagykokenyes.hu\/index.php?rest_route=\/wp\/v2\/users\/3"}],"replies":[{"embeddable":true,"href":"https:\/\/nagykokenyes.hu\/index.php?rest_route=%2Fwp%2Fv2%2Fcomments&post=4385"}],"version-history":[{"count":1,"href":"https:\/\/nagykokenyes.hu\/index.php?rest_route=\/wp\/v2\/posts\/4385\/revisions"}],"predecessor-version":[{"id":4386,"href":"https:\/\/nagykokenyes.hu\/index.php?rest_route=\/wp\/v2\/posts\/4385\/revisions\/4386"}],"wp:attachment":[{"href":"https:\/\/nagykokenyes.hu\/index.php?rest_route=%2Fwp%2Fv2%2Fmedia&parent=4385"}],"wp:term":[{"taxonomy":"category","embeddable":true,"href":"https:\/\/nagykokenyes.hu\/index.php?rest_route=%2Fwp%2Fv2%2Fcategories&post=4385"},{"taxonomy":"post_tag","embeddable":true,"href":"https:\/\/nagykokenyes.hu\/index.php?rest_route=%2Fwp%2Fv2%2Ftags&post=4385"}],"curies":[{"name":"wp","href":"https:\/\/api.w.org\/{rel}","templated":true}]}}