{"id":4660,"date":"2021-12-03T05:00:32","date_gmt":"2021-12-03T03:00:32","guid":{"rendered":"https:\/\/nagykokenyes.hu\/?p=4660"},"modified":"2021-12-05T13:00:08","modified_gmt":"2021-12-05T11:00:08","slug":"vilagito-adventi-kalendarium-2021-harmadik-ablak","status":"publish","type":"post","link":"https:\/\/nagykokenyes.hu\/?p=4660","title":{"rendered":"Vil\u00e1g\u00edt\u00f3 Adventi Kalend\u00e1rium 2021 \u2013 Harmadik ablak"},"content":{"rendered":"<p>\u200b<\/p>\n<table style=\"border-collapse: collapse; width: 100%;\">\n<tbody>\n<tr>\n<td style=\"width: 33.3333%;\"><a href=\"https:\/\/nagykokenyes.hu\/wp-content\/uploads\/2020\/12\/3.jpg\"><img loading=\"lazy\" decoding=\"async\" class=\"size-full wp-image-3322 aligncenter\" src=\"https:\/\/nagykokenyes.hu\/wp-content\/uploads\/2020\/12\/3.jpg\" alt=\"\" width=\"139\" height=\"140\" \/><\/a><\/td>\n<td style=\"width: 33.3333%; text-align: center;\">Rendhagy\u00f3 most ez az irka, gyermekn\u00e9v a titok nyitja.<br \/>\nErich Kastner reg\u00e9ny\u00e9ben K\u00e9t\u2026.a sztori h\u0151se,<br \/>\na b\u00e1ty\u00e1nak nev\u00e9re \u00edrek borulnak t\u00e9rdre .<br \/>\nHa m\u00e9g nem sejted, hogy kik \u0151k, s\u00e9t\u00e1lj be a faluba eg\u00e9szen a k\u00f6zpontba.<br \/>\nOtt vil\u00e1g\u00edt a 3-as, sz\u00e9p kis h\u00e1znak ablak\u00e1ban.<\/td>\n<td style=\"width: 33.3333%;\">\u00a0<img loading=\"lazy\" decoding=\"async\" class=\"alignnone wp-image-4685\" src=\"https:\/\/nagykokenyes.hu\/wp-content\/uploads\/2021\/12\/IMG_20211203_154309-02.jpeg\" alt=\"\" width=\"300\" height=\"277\" srcset=\"https:\/\/nagykokenyes.hu\/wp-content\/uploads\/2021\/12\/IMG_20211203_154309-02.jpeg 2394w, https:\/\/nagykokenyes.hu\/wp-content\/uploads\/2021\/12\/IMG_20211203_154309-02-768x709.jpeg 768w, https:\/\/nagykokenyes.hu\/wp-content\/uploads\/2021\/12\/IMG_20211203_154309-02-1536x1418.jpeg 1536w, https:\/\/nagykokenyes.hu\/wp-content\/uploads\/2021\/12\/IMG_20211203_154309-02-2048x1891.jpeg 2048w\" sizes=\"auto, (max-width: 300px) 100vw, 300px\" \/><\/td>\n<\/tr>\n<\/tbody>\n<\/table>\n<p>&nbsp;<\/p>\n","protected":false},"excerpt":{"rendered":"<p>\u200b Rendhagy\u00f3 most ez az irka, gyermekn\u00e9v a titok nyitja. Erich Kastner reg\u00e9ny\u00e9ben K\u00e9t\u2026.a sztori h\u0151se, a b\u00e1ty\u00e1nak nev\u00e9re \u00edrek borulnak t\u00e9rdre . Ha m\u00e9g nem sejted, hogy kik \u0151k, s\u00e9t\u00e1lj be a faluba eg\u00e9szen a k\u00f6zpontba. Ott vil\u00e1g\u00edt a 3-as, sz\u00e9p kis h\u00e1znak ablak\u00e1ban. \u00a0 &nbsp;<\/p>\n","protected":false},"author":3,"featured_media":0,"comment_status":"closed","ping_status":"closed","sticky":false,"template":"","format":"standard","meta":{"footnotes":""},"categories":[1],"tags":[],"class_list":["post-4660","post","type-post","status-publish","format-standard","hentry","category-egyeb"],"yoast_head":"<!-- This site is optimized with the Yoast SEO plugin v26.5 - https:\/\/yoast.com\/wordpress\/plugins\/seo\/ -->\n<title>Vil\u00e1g\u00edt\u00f3 Adventi Kalend\u00e1rium 2021 \u2013 Harmadik ablak - Nagyk\u00f6k\u00e9nyes K\u00f6zs\u00e9g \u00d6nkorm\u00e1nyzata<\/title>\n<meta name=\"robots\" content=\"index, follow, max-snippet:-1, max-image-preview:large, max-video-preview:-1\" \/>\n<link rel=\"canonical\" href=\"https:\/\/nagykokenyes.hu\/?p=4660\" \/>\n<meta property=\"og:locale\" content=\"hu_HU\" \/>\n<meta property=\"og:type\" content=\"article\" \/>\n<meta property=\"og:title\" content=\"Vil\u00e1g\u00edt\u00f3 Adventi Kalend\u00e1rium 2021 \u2013 Harmadik ablak - Nagyk\u00f6k\u00e9nyes K\u00f6zs\u00e9g \u00d6nkorm\u00e1nyzata\" \/>\n<meta property=\"og:description\" content=\"\u200b Rendhagy\u00f3 most ez az irka, gyermekn\u00e9v a titok nyitja. Erich Kastner reg\u00e9ny\u00e9ben K\u00e9t\u2026.a sztori h\u0151se, a b\u00e1ty\u00e1nak nev\u00e9re \u00edrek borulnak t\u00e9rdre . Ha m\u00e9g nem sejted, hogy kik \u0151k, s\u00e9t\u00e1lj be a faluba eg\u00e9szen a k\u00f6zpontba. Ott vil\u00e1g\u00edt a 3-as, sz\u00e9p kis h\u00e1znak ablak\u00e1ban. \u00a0 &nbsp;\" \/>\n<meta property=\"og:url\" content=\"https:\/\/nagykokenyes.hu\/?p=4660\" \/>\n<meta property=\"og:site_name\" content=\"Nagyk\u00f6k\u00e9nyes K\u00f6zs\u00e9g \u00d6nkorm\u00e1nyzata\" \/>\n<meta property=\"article:published_time\" content=\"2021-12-03T03:00:32+00:00\" \/>\n<meta property=\"article:modified_time\" content=\"2021-12-05T11:00:08+00:00\" \/>\n<meta property=\"og:image\" content=\"https:\/\/nagykokenyes.hu\/wp-content\/uploads\/2020\/12\/3.jpg\" \/>\n<meta name=\"author\" content=\"Toldi-Media&amp;Web\u00a9\" \/>\n<meta name=\"twitter:card\" content=\"summary_large_image\" \/>\n<meta name=\"twitter:label1\" content=\"Szerz\u0151:\" \/>\n\t<meta name=\"twitter:data1\" content=\"Toldi-Media&amp;Web\u00a9\" \/>\n<script type=\"application\/ld+json\" class=\"yoast-schema-graph\">{\"@context\":\"https:\/\/schema.org\",\"@graph\":[{\"@type\":\"WebPage\",\"@id\":\"https:\/\/nagykokenyes.hu\/?p=4660\",\"url\":\"https:\/\/nagykokenyes.hu\/?p=4660\",\"name\":\"Vil\u00e1g\u00edt\u00f3 Adventi Kalend\u00e1rium 2021 \u2013 Harmadik ablak - Nagyk\u00f6k\u00e9nyes K\u00f6zs\u00e9g \u00d6nkorm\u00e1nyzata\",\"isPartOf\":{\"@id\":\"https:\/\/nagykokenyes.hu\/#website\"},\"primaryImageOfPage\":{\"@id\":\"https:\/\/nagykokenyes.hu\/?p=4660#primaryimage\"},\"image\":{\"@id\":\"https:\/\/nagykokenyes.hu\/?p=4660#primaryimage\"},\"thumbnailUrl\":\"https:\/\/nagykokenyes.hu\/wp-content\/uploads\/2020\/12\/3.jpg\",\"datePublished\":\"2021-12-03T03:00:32+00:00\",\"dateModified\":\"2021-12-05T11:00:08+00:00\",\"author\":{\"@id\":\"https:\/\/nagykokenyes.hu\/#\/schema\/person\/91a03ceb98215334e96f799e0fbcb3be\"},\"breadcrumb\":{\"@id\":\"https:\/\/nagykokenyes.hu\/?p=4660#breadcrumb\"},\"inLanguage\":\"hu\",\"potentialAction\":[{\"@type\":\"ReadAction\",\"target\":[\"https:\/\/nagykokenyes.hu\/?p=4660\"]}]},{\"@type\":\"ImageObject\",\"inLanguage\":\"hu\",\"@id\":\"https:\/\/nagykokenyes.hu\/?p=4660#primaryimage\",\"url\":\"https:\/\/nagykokenyes.hu\/wp-content\/uploads\/2020\/12\/3.jpg\",\"contentUrl\":\"https:\/\/nagykokenyes.hu\/wp-content\/uploads\/2020\/12\/3.jpg\"},{\"@type\":\"BreadcrumbList\",\"@id\":\"https:\/\/nagykokenyes.hu\/?p=4660#breadcrumb\",\"itemListElement\":[{\"@type\":\"ListItem\",\"position\":1,\"name\":\"Kezd\u0151lap\",\"item\":\"https:\/\/nagykokenyes.hu\/\"},{\"@type\":\"ListItem\",\"position\":2,\"name\":\"Vil\u00e1g\u00edt\u00f3 Adventi Kalend\u00e1rium 2021 \u2013 Harmadik ablak\"}]},{\"@type\":\"WebSite\",\"@id\":\"https:\/\/nagykokenyes.hu\/#website\",\"url\":\"https:\/\/nagykokenyes.hu\/\",\"name\":\"Nagyk\u00f6k\u00e9nyes K\u00f6zs\u00e9g \u00d6nkorm\u00e1nyzata\",\"description\":\"\",\"potentialAction\":[{\"@type\":\"SearchAction\",\"target\":{\"@type\":\"EntryPoint\",\"urlTemplate\":\"https:\/\/nagykokenyes.hu\/?s={search_term_string}\"},\"query-input\":{\"@type\":\"PropertyValueSpecification\",\"valueRequired\":true,\"valueName\":\"search_term_string\"}}],\"inLanguage\":\"hu\"},{\"@type\":\"Person\",\"@id\":\"https:\/\/nagykokenyes.hu\/#\/schema\/person\/91a03ceb98215334e96f799e0fbcb3be\",\"name\":\"Toldi-Media&amp;Web\u00a9\",\"image\":{\"@type\":\"ImageObject\",\"inLanguage\":\"hu\",\"@id\":\"https:\/\/nagykokenyes.hu\/#\/schema\/person\/image\/\",\"url\":\"https:\/\/secure.gravatar.com\/avatar\/adc3df0c265574e995fc88e9d5fca046c2077c4ac097b10c58e854f5d7ae42ac?s=96&d=mm&r=g\",\"contentUrl\":\"https:\/\/secure.gravatar.com\/avatar\/adc3df0c265574e995fc88e9d5fca046c2077c4ac097b10c58e854f5d7ae42ac?s=96&d=mm&r=g\",\"caption\":\"Toldi-Media&amp;Web\u00a9\"},\"url\":\"https:\/\/nagykokenyes.hu\/?author=3\"}]}<\/script>\n<!-- \/ Yoast SEO plugin. -->","yoast_head_json":{"title":"Vil\u00e1g\u00edt\u00f3 Adventi Kalend\u00e1rium 2021 \u2013 Harmadik ablak - Nagyk\u00f6k\u00e9nyes K\u00f6zs\u00e9g \u00d6nkorm\u00e1nyzata","robots":{"index":"index","follow":"follow","max-snippet":"max-snippet:-1","max-image-preview":"max-image-preview:large","max-video-preview":"max-video-preview:-1"},"canonical":"https:\/\/nagykokenyes.hu\/?p=4660","og_locale":"hu_HU","og_type":"article","og_title":"Vil\u00e1g\u00edt\u00f3 Adventi Kalend\u00e1rium 2021 \u2013 Harmadik ablak - Nagyk\u00f6k\u00e9nyes K\u00f6zs\u00e9g \u00d6nkorm\u00e1nyzata","og_description":"\u200b Rendhagy\u00f3 most ez az irka, gyermekn\u00e9v a titok nyitja. Erich Kastner reg\u00e9ny\u00e9ben K\u00e9t\u2026.a sztori h\u0151se, a b\u00e1ty\u00e1nak nev\u00e9re \u00edrek borulnak t\u00e9rdre . Ha m\u00e9g nem sejted, hogy kik \u0151k, s\u00e9t\u00e1lj be a faluba eg\u00e9szen a k\u00f6zpontba. Ott vil\u00e1g\u00edt a 3-as, sz\u00e9p kis h\u00e1znak ablak\u00e1ban. \u00a0 &nbsp;","og_url":"https:\/\/nagykokenyes.hu\/?p=4660","og_site_name":"Nagyk\u00f6k\u00e9nyes K\u00f6zs\u00e9g \u00d6nkorm\u00e1nyzata","article_published_time":"2021-12-03T03:00:32+00:00","article_modified_time":"2021-12-05T11:00:08+00:00","og_image":[{"url":"https:\/\/nagykokenyes.hu\/wp-content\/uploads\/2020\/12\/3.jpg","type":"","width":"","height":""}],"author":"Toldi-Media&amp;Web\u00a9","twitter_card":"summary_large_image","twitter_misc":{"Szerz\u0151:":"Toldi-Media&amp;Web\u00a9"},"schema":{"@context":"https:\/\/schema.org","@graph":[{"@type":"WebPage","@id":"https:\/\/nagykokenyes.hu\/?p=4660","url":"https:\/\/nagykokenyes.hu\/?p=4660","name":"Vil\u00e1g\u00edt\u00f3 Adventi Kalend\u00e1rium 2021 \u2013 Harmadik ablak - Nagyk\u00f6k\u00e9nyes K\u00f6zs\u00e9g \u00d6nkorm\u00e1nyzata","isPartOf":{"@id":"https:\/\/nagykokenyes.hu\/#website"},"primaryImageOfPage":{"@id":"https:\/\/nagykokenyes.hu\/?p=4660#primaryimage"},"image":{"@id":"https:\/\/nagykokenyes.hu\/?p=4660#primaryimage"},"thumbnailUrl":"https:\/\/nagykokenyes.hu\/wp-content\/uploads\/2020\/12\/3.jpg","datePublished":"2021-12-03T03:00:32+00:00","dateModified":"2021-12-05T11:00:08+00:00","author":{"@id":"https:\/\/nagykokenyes.hu\/#\/schema\/person\/91a03ceb98215334e96f799e0fbcb3be"},"breadcrumb":{"@id":"https:\/\/nagykokenyes.hu\/?p=4660#breadcrumb"},"inLanguage":"hu","potentialAction":[{"@type":"ReadAction","target":["https:\/\/nagykokenyes.hu\/?p=4660"]}]},{"@type":"ImageObject","inLanguage":"hu","@id":"https:\/\/nagykokenyes.hu\/?p=4660#primaryimage","url":"https:\/\/nagykokenyes.hu\/wp-content\/uploads\/2020\/12\/3.jpg","contentUrl":"https:\/\/nagykokenyes.hu\/wp-content\/uploads\/2020\/12\/3.jpg"},{"@type":"BreadcrumbList","@id":"https:\/\/nagykokenyes.hu\/?p=4660#breadcrumb","itemListElement":[{"@type":"ListItem","position":1,"name":"Kezd\u0151lap","item":"https:\/\/nagykokenyes.hu\/"},{"@type":"ListItem","position":2,"name":"Vil\u00e1g\u00edt\u00f3 Adventi Kalend\u00e1rium 2021 \u2013 Harmadik ablak"}]},{"@type":"WebSite","@id":"https:\/\/nagykokenyes.hu\/#website","url":"https:\/\/nagykokenyes.hu\/","name":"Nagyk\u00f6k\u00e9nyes K\u00f6zs\u00e9g \u00d6nkorm\u00e1nyzata","description":"","potentialAction":[{"@type":"SearchAction","target":{"@type":"EntryPoint","urlTemplate":"https:\/\/nagykokenyes.hu\/?s={search_term_string}"},"query-input":{"@type":"PropertyValueSpecification","valueRequired":true,"valueName":"search_term_string"}}],"inLanguage":"hu"},{"@type":"Person","@id":"https:\/\/nagykokenyes.hu\/#\/schema\/person\/91a03ceb98215334e96f799e0fbcb3be","name":"Toldi-Media&amp;Web\u00a9","image":{"@type":"ImageObject","inLanguage":"hu","@id":"https:\/\/nagykokenyes.hu\/#\/schema\/person\/image\/","url":"https:\/\/secure.gravatar.com\/avatar\/adc3df0c265574e995fc88e9d5fca046c2077c4ac097b10c58e854f5d7ae42ac?s=96&d=mm&r=g","contentUrl":"https:\/\/secure.gravatar.com\/avatar\/adc3df0c265574e995fc88e9d5fca046c2077c4ac097b10c58e854f5d7ae42ac?s=96&d=mm&r=g","caption":"Toldi-Media&amp;Web\u00a9"},"url":"https:\/\/nagykokenyes.hu\/?author=3"}]}},"_links":{"self":[{"href":"https:\/\/nagykokenyes.hu\/index.php?rest_route=\/wp\/v2\/posts\/4660","targetHints":{"allow":["GET"]}}],"collection":[{"href":"https:\/\/nagykokenyes.hu\/index.php?rest_route=\/wp\/v2\/posts"}],"about":[{"href":"https:\/\/nagykokenyes.hu\/index.php?rest_route=\/wp\/v2\/types\/post"}],"author":[{"embeddable":true,"href":"https:\/\/nagykokenyes.hu\/index.php?rest_route=\/wp\/v2\/users\/3"}],"replies":[{"embeddable":true,"href":"https:\/\/nagykokenyes.hu\/index.php?rest_route=%2Fwp%2Fv2%2Fcomments&post=4660"}],"version-history":[{"count":4,"href":"https:\/\/nagykokenyes.hu\/index.php?rest_route=\/wp\/v2\/posts\/4660\/revisions"}],"predecessor-version":[{"id":4686,"href":"https:\/\/nagykokenyes.hu\/index.php?rest_route=\/wp\/v2\/posts\/4660\/revisions\/4686"}],"wp:attachment":[{"href":"https:\/\/nagykokenyes.hu\/index.php?rest_route=%2Fwp%2Fv2%2Fmedia&parent=4660"}],"wp:term":[{"taxonomy":"category","embeddable":true,"href":"https:\/\/nagykokenyes.hu\/index.php?rest_route=%2Fwp%2Fv2%2Fcategories&post=4660"},{"taxonomy":"post_tag","embeddable":true,"href":"https:\/\/nagykokenyes.hu\/index.php?rest_route=%2Fwp%2Fv2%2Ftags&post=4660"}],"curies":[{"name":"wp","href":"https:\/\/api.w.org\/{rel}","templated":true}]}}