{"id":4771,"date":"2021-12-14T05:00:32","date_gmt":"2021-12-14T03:00:32","guid":{"rendered":"https:\/\/nagykokenyes.hu\/?p=4771"},"modified":"2021-12-18T23:02:18","modified_gmt":"2021-12-18T21:02:18","slug":"vilagito-adventi-kalendarium-2021-tizennegyedik-ablak","status":"publish","type":"post","link":"https:\/\/nagykokenyes.hu\/?p=4771","title":{"rendered":"Vil\u00e1g\u00edt\u00f3 Adventi Kalend\u00e1rium 2021 \u2013 Tizennegyedik ablak"},"content":{"rendered":"<table style=\"border-collapse: collapse; width: 100%; height: 269px;\">\n<tbody>\n<tr style=\"height: 269px;\">\n<td style=\"width: 20.5854%; height: 269px;\"><img loading=\"lazy\" decoding=\"async\" class=\" wp-image-3333 alignleft\" src=\"https:\/\/nagykokenyes.hu\/wp-content\/uploads\/2020\/12\/14.jpg\" alt=\"\" width=\"164\" height=\"163\" \/><\/td>\n<td style=\"width: 46.0812%; text-align: center; height: 269px;\">Sportos csal\u00e1d, ki ma a f\u00e9nyt meggy\u00fajtja,<br \/>\na h\u00e1z minden f\u00e9rfi tagja a b\u0151rt r\u00fagja.<br \/>\nM\u00e1r a legkisebb is csapatban, remekel a fociban.<br \/>\nNemcsak a sportm\u00e1nia,<br \/>\nde a levendula illata is jelen van az otthonban.<br \/>\nSzomsz\u00e9dokn\u00e1l vil\u00e1g\u00edt m\u00e1r k\u00e9t ablak,<br \/>\nseg\u00edts\u00e9gk\u00e9pp fogadj\u00e1tok:<br \/>\nA nagyobb sz\u00e1m a kisebb h\u00e1romszorosa.<\/td>\n<td style=\"width: 33.3333%; height: 269px;\"><a href=\"https:\/\/nagykokenyes.hu\/wp-content\/uploads\/2021\/12\/268256432_4500693126632928_7640281795871141345_n.jpg\"><img loading=\"lazy\" decoding=\"async\" class=\"alignnone size-full wp-image-4787\" src=\"https:\/\/nagykokenyes.hu\/wp-content\/uploads\/2021\/12\/268256432_4500693126632928_7640281795871141345_n.jpg\" alt=\"\" width=\"1000\" height=\"750\" srcset=\"https:\/\/nagykokenyes.hu\/wp-content\/uploads\/2021\/12\/268256432_4500693126632928_7640281795871141345_n.jpg 1000w, https:\/\/nagykokenyes.hu\/wp-content\/uploads\/2021\/12\/268256432_4500693126632928_7640281795871141345_n-768x576.jpg 768w\" sizes=\"auto, (max-width: 1000px) 100vw, 1000px\" \/><\/a><\/td>\n<\/tr>\n<\/tbody>\n<\/table>\n<p>&nbsp;<\/p>\n","protected":false},"excerpt":{"rendered":"<p>Sportos csal\u00e1d, ki ma a f\u00e9nyt meggy\u00fajtja, a h\u00e1z minden f\u00e9rfi tagja a b\u0151rt r\u00fagja. M\u00e1r a legkisebb is csapatban, remekel a fociban. Nemcsak a sportm\u00e1nia, de a levendula illata is jelen van az otthonban. Szomsz\u00e9dokn\u00e1l vil\u00e1g\u00edt m\u00e1r k\u00e9t ablak, seg\u00edts\u00e9gk\u00e9pp fogadj\u00e1tok: A nagyobb sz\u00e1m a kisebb h\u00e1romszorosa. &nbsp;<\/p>\n","protected":false},"author":3,"featured_media":0,"comment_status":"closed","ping_status":"closed","sticky":false,"template":"","format":"standard","meta":{"footnotes":""},"categories":[1],"tags":[],"class_list":["post-4771","post","type-post","status-publish","format-standard","hentry","category-egyeb"],"yoast_head":"<!-- This site is optimized with the Yoast SEO plugin v26.5 - https:\/\/yoast.com\/wordpress\/plugins\/seo\/ -->\n<title>Vil\u00e1g\u00edt\u00f3 Adventi Kalend\u00e1rium 2021 \u2013 Tizennegyedik ablak - Nagyk\u00f6k\u00e9nyes K\u00f6zs\u00e9g \u00d6nkorm\u00e1nyzata<\/title>\n<meta name=\"robots\" content=\"index, follow, max-snippet:-1, max-image-preview:large, max-video-preview:-1\" \/>\n<link rel=\"canonical\" href=\"https:\/\/nagykokenyes.hu\/?p=4771\" \/>\n<meta property=\"og:locale\" content=\"hu_HU\" \/>\n<meta property=\"og:type\" content=\"article\" \/>\n<meta property=\"og:title\" content=\"Vil\u00e1g\u00edt\u00f3 Adventi Kalend\u00e1rium 2021 \u2013 Tizennegyedik ablak - Nagyk\u00f6k\u00e9nyes K\u00f6zs\u00e9g \u00d6nkorm\u00e1nyzata\" \/>\n<meta property=\"og:description\" content=\"Sportos csal\u00e1d, ki ma a f\u00e9nyt meggy\u00fajtja, a h\u00e1z minden f\u00e9rfi tagja a b\u0151rt r\u00fagja. M\u00e1r a legkisebb is csapatban, remekel a fociban. Nemcsak a sportm\u00e1nia, de a levendula illata is jelen van az otthonban. Szomsz\u00e9dokn\u00e1l vil\u00e1g\u00edt m\u00e1r k\u00e9t ablak, seg\u00edts\u00e9gk\u00e9pp fogadj\u00e1tok: A nagyobb sz\u00e1m a kisebb h\u00e1romszorosa. &nbsp;\" \/>\n<meta property=\"og:url\" content=\"https:\/\/nagykokenyes.hu\/?p=4771\" \/>\n<meta property=\"og:site_name\" content=\"Nagyk\u00f6k\u00e9nyes K\u00f6zs\u00e9g \u00d6nkorm\u00e1nyzata\" \/>\n<meta property=\"article:published_time\" content=\"2021-12-14T03:00:32+00:00\" \/>\n<meta property=\"article:modified_time\" content=\"2021-12-18T21:02:18+00:00\" \/>\n<meta property=\"og:image\" content=\"https:\/\/nagykokenyes.hu\/wp-content\/uploads\/2020\/12\/14.jpg\" \/>\n<meta name=\"author\" content=\"Toldi-Media&amp;Web\u00a9\" \/>\n<meta name=\"twitter:card\" content=\"summary_large_image\" \/>\n<meta name=\"twitter:label1\" content=\"Szerz\u0151:\" \/>\n\t<meta name=\"twitter:data1\" content=\"Toldi-Media&amp;Web\u00a9\" \/>\n<script type=\"application\/ld+json\" class=\"yoast-schema-graph\">{\"@context\":\"https:\/\/schema.org\",\"@graph\":[{\"@type\":\"WebPage\",\"@id\":\"https:\/\/nagykokenyes.hu\/?p=4771\",\"url\":\"https:\/\/nagykokenyes.hu\/?p=4771\",\"name\":\"Vil\u00e1g\u00edt\u00f3 Adventi Kalend\u00e1rium 2021 \u2013 Tizennegyedik ablak - Nagyk\u00f6k\u00e9nyes K\u00f6zs\u00e9g \u00d6nkorm\u00e1nyzata\",\"isPartOf\":{\"@id\":\"https:\/\/nagykokenyes.hu\/#website\"},\"primaryImageOfPage\":{\"@id\":\"https:\/\/nagykokenyes.hu\/?p=4771#primaryimage\"},\"image\":{\"@id\":\"https:\/\/nagykokenyes.hu\/?p=4771#primaryimage\"},\"thumbnailUrl\":\"https:\/\/nagykokenyes.hu\/wp-content\/uploads\/2020\/12\/14.jpg\",\"datePublished\":\"2021-12-14T03:00:32+00:00\",\"dateModified\":\"2021-12-18T21:02:18+00:00\",\"author\":{\"@id\":\"https:\/\/nagykokenyes.hu\/#\/schema\/person\/91a03ceb98215334e96f799e0fbcb3be\"},\"breadcrumb\":{\"@id\":\"https:\/\/nagykokenyes.hu\/?p=4771#breadcrumb\"},\"inLanguage\":\"hu\",\"potentialAction\":[{\"@type\":\"ReadAction\",\"target\":[\"https:\/\/nagykokenyes.hu\/?p=4771\"]}]},{\"@type\":\"ImageObject\",\"inLanguage\":\"hu\",\"@id\":\"https:\/\/nagykokenyes.hu\/?p=4771#primaryimage\",\"url\":\"https:\/\/nagykokenyes.hu\/wp-content\/uploads\/2020\/12\/14.jpg\",\"contentUrl\":\"https:\/\/nagykokenyes.hu\/wp-content\/uploads\/2020\/12\/14.jpg\"},{\"@type\":\"BreadcrumbList\",\"@id\":\"https:\/\/nagykokenyes.hu\/?p=4771#breadcrumb\",\"itemListElement\":[{\"@type\":\"ListItem\",\"position\":1,\"name\":\"Kezd\u0151lap\",\"item\":\"https:\/\/nagykokenyes.hu\/\"},{\"@type\":\"ListItem\",\"position\":2,\"name\":\"Vil\u00e1g\u00edt\u00f3 Adventi Kalend\u00e1rium 2021 \u2013 Tizennegyedik ablak\"}]},{\"@type\":\"WebSite\",\"@id\":\"https:\/\/nagykokenyes.hu\/#website\",\"url\":\"https:\/\/nagykokenyes.hu\/\",\"name\":\"Nagyk\u00f6k\u00e9nyes K\u00f6zs\u00e9g \u00d6nkorm\u00e1nyzata\",\"description\":\"\",\"potentialAction\":[{\"@type\":\"SearchAction\",\"target\":{\"@type\":\"EntryPoint\",\"urlTemplate\":\"https:\/\/nagykokenyes.hu\/?s={search_term_string}\"},\"query-input\":{\"@type\":\"PropertyValueSpecification\",\"valueRequired\":true,\"valueName\":\"search_term_string\"}}],\"inLanguage\":\"hu\"},{\"@type\":\"Person\",\"@id\":\"https:\/\/nagykokenyes.hu\/#\/schema\/person\/91a03ceb98215334e96f799e0fbcb3be\",\"name\":\"Toldi-Media&amp;Web\u00a9\",\"image\":{\"@type\":\"ImageObject\",\"inLanguage\":\"hu\",\"@id\":\"https:\/\/nagykokenyes.hu\/#\/schema\/person\/image\/\",\"url\":\"https:\/\/secure.gravatar.com\/avatar\/adc3df0c265574e995fc88e9d5fca046c2077c4ac097b10c58e854f5d7ae42ac?s=96&d=mm&r=g\",\"contentUrl\":\"https:\/\/secure.gravatar.com\/avatar\/adc3df0c265574e995fc88e9d5fca046c2077c4ac097b10c58e854f5d7ae42ac?s=96&d=mm&r=g\",\"caption\":\"Toldi-Media&amp;Web\u00a9\"},\"url\":\"https:\/\/nagykokenyes.hu\/?author=3\"}]}<\/script>\n<!-- \/ Yoast SEO plugin. -->","yoast_head_json":{"title":"Vil\u00e1g\u00edt\u00f3 Adventi Kalend\u00e1rium 2021 \u2013 Tizennegyedik ablak - Nagyk\u00f6k\u00e9nyes K\u00f6zs\u00e9g \u00d6nkorm\u00e1nyzata","robots":{"index":"index","follow":"follow","max-snippet":"max-snippet:-1","max-image-preview":"max-image-preview:large","max-video-preview":"max-video-preview:-1"},"canonical":"https:\/\/nagykokenyes.hu\/?p=4771","og_locale":"hu_HU","og_type":"article","og_title":"Vil\u00e1g\u00edt\u00f3 Adventi Kalend\u00e1rium 2021 \u2013 Tizennegyedik ablak - Nagyk\u00f6k\u00e9nyes K\u00f6zs\u00e9g \u00d6nkorm\u00e1nyzata","og_description":"Sportos csal\u00e1d, ki ma a f\u00e9nyt meggy\u00fajtja, a h\u00e1z minden f\u00e9rfi tagja a b\u0151rt r\u00fagja. M\u00e1r a legkisebb is csapatban, remekel a fociban. Nemcsak a sportm\u00e1nia, de a levendula illata is jelen van az otthonban. Szomsz\u00e9dokn\u00e1l vil\u00e1g\u00edt m\u00e1r k\u00e9t ablak, seg\u00edts\u00e9gk\u00e9pp fogadj\u00e1tok: A nagyobb sz\u00e1m a kisebb h\u00e1romszorosa. &nbsp;","og_url":"https:\/\/nagykokenyes.hu\/?p=4771","og_site_name":"Nagyk\u00f6k\u00e9nyes K\u00f6zs\u00e9g \u00d6nkorm\u00e1nyzata","article_published_time":"2021-12-14T03:00:32+00:00","article_modified_time":"2021-12-18T21:02:18+00:00","og_image":[{"url":"https:\/\/nagykokenyes.hu\/wp-content\/uploads\/2020\/12\/14.jpg","type":"","width":"","height":""}],"author":"Toldi-Media&amp;Web\u00a9","twitter_card":"summary_large_image","twitter_misc":{"Szerz\u0151:":"Toldi-Media&amp;Web\u00a9"},"schema":{"@context":"https:\/\/schema.org","@graph":[{"@type":"WebPage","@id":"https:\/\/nagykokenyes.hu\/?p=4771","url":"https:\/\/nagykokenyes.hu\/?p=4771","name":"Vil\u00e1g\u00edt\u00f3 Adventi Kalend\u00e1rium 2021 \u2013 Tizennegyedik ablak - Nagyk\u00f6k\u00e9nyes K\u00f6zs\u00e9g \u00d6nkorm\u00e1nyzata","isPartOf":{"@id":"https:\/\/nagykokenyes.hu\/#website"},"primaryImageOfPage":{"@id":"https:\/\/nagykokenyes.hu\/?p=4771#primaryimage"},"image":{"@id":"https:\/\/nagykokenyes.hu\/?p=4771#primaryimage"},"thumbnailUrl":"https:\/\/nagykokenyes.hu\/wp-content\/uploads\/2020\/12\/14.jpg","datePublished":"2021-12-14T03:00:32+00:00","dateModified":"2021-12-18T21:02:18+00:00","author":{"@id":"https:\/\/nagykokenyes.hu\/#\/schema\/person\/91a03ceb98215334e96f799e0fbcb3be"},"breadcrumb":{"@id":"https:\/\/nagykokenyes.hu\/?p=4771#breadcrumb"},"inLanguage":"hu","potentialAction":[{"@type":"ReadAction","target":["https:\/\/nagykokenyes.hu\/?p=4771"]}]},{"@type":"ImageObject","inLanguage":"hu","@id":"https:\/\/nagykokenyes.hu\/?p=4771#primaryimage","url":"https:\/\/nagykokenyes.hu\/wp-content\/uploads\/2020\/12\/14.jpg","contentUrl":"https:\/\/nagykokenyes.hu\/wp-content\/uploads\/2020\/12\/14.jpg"},{"@type":"BreadcrumbList","@id":"https:\/\/nagykokenyes.hu\/?p=4771#breadcrumb","itemListElement":[{"@type":"ListItem","position":1,"name":"Kezd\u0151lap","item":"https:\/\/nagykokenyes.hu\/"},{"@type":"ListItem","position":2,"name":"Vil\u00e1g\u00edt\u00f3 Adventi Kalend\u00e1rium 2021 \u2013 Tizennegyedik ablak"}]},{"@type":"WebSite","@id":"https:\/\/nagykokenyes.hu\/#website","url":"https:\/\/nagykokenyes.hu\/","name":"Nagyk\u00f6k\u00e9nyes K\u00f6zs\u00e9g \u00d6nkorm\u00e1nyzata","description":"","potentialAction":[{"@type":"SearchAction","target":{"@type":"EntryPoint","urlTemplate":"https:\/\/nagykokenyes.hu\/?s={search_term_string}"},"query-input":{"@type":"PropertyValueSpecification","valueRequired":true,"valueName":"search_term_string"}}],"inLanguage":"hu"},{"@type":"Person","@id":"https:\/\/nagykokenyes.hu\/#\/schema\/person\/91a03ceb98215334e96f799e0fbcb3be","name":"Toldi-Media&amp;Web\u00a9","image":{"@type":"ImageObject","inLanguage":"hu","@id":"https:\/\/nagykokenyes.hu\/#\/schema\/person\/image\/","url":"https:\/\/secure.gravatar.com\/avatar\/adc3df0c265574e995fc88e9d5fca046c2077c4ac097b10c58e854f5d7ae42ac?s=96&d=mm&r=g","contentUrl":"https:\/\/secure.gravatar.com\/avatar\/adc3df0c265574e995fc88e9d5fca046c2077c4ac097b10c58e854f5d7ae42ac?s=96&d=mm&r=g","caption":"Toldi-Media&amp;Web\u00a9"},"url":"https:\/\/nagykokenyes.hu\/?author=3"}]}},"_links":{"self":[{"href":"https:\/\/nagykokenyes.hu\/index.php?rest_route=\/wp\/v2\/posts\/4771","targetHints":{"allow":["GET"]}}],"collection":[{"href":"https:\/\/nagykokenyes.hu\/index.php?rest_route=\/wp\/v2\/posts"}],"about":[{"href":"https:\/\/nagykokenyes.hu\/index.php?rest_route=\/wp\/v2\/types\/post"}],"author":[{"embeddable":true,"href":"https:\/\/nagykokenyes.hu\/index.php?rest_route=\/wp\/v2\/users\/3"}],"replies":[{"embeddable":true,"href":"https:\/\/nagykokenyes.hu\/index.php?rest_route=%2Fwp%2Fv2%2Fcomments&post=4771"}],"version-history":[{"count":5,"href":"https:\/\/nagykokenyes.hu\/index.php?rest_route=\/wp\/v2\/posts\/4771\/revisions"}],"predecessor-version":[{"id":4823,"href":"https:\/\/nagykokenyes.hu\/index.php?rest_route=\/wp\/v2\/posts\/4771\/revisions\/4823"}],"wp:attachment":[{"href":"https:\/\/nagykokenyes.hu\/index.php?rest_route=%2Fwp%2Fv2%2Fmedia&parent=4771"}],"wp:term":[{"taxonomy":"category","embeddable":true,"href":"https:\/\/nagykokenyes.hu\/index.php?rest_route=%2Fwp%2Fv2%2Fcategories&post=4771"},{"taxonomy":"post_tag","embeddable":true,"href":"https:\/\/nagykokenyes.hu\/index.php?rest_route=%2Fwp%2Fv2%2Ftags&post=4771"}],"curies":[{"name":"wp","href":"https:\/\/api.w.org\/{rel}","templated":true}]}}