{"id":4776,"date":"2021-12-15T05:00:37","date_gmt":"2021-12-15T03:00:37","guid":{"rendered":"https:\/\/nagykokenyes.hu\/?p=4776"},"modified":"2021-12-18T23:01:46","modified_gmt":"2021-12-18T21:01:46","slug":"vilagito-adventi-kalendarium-2021-tizenotodik-ablak","status":"publish","type":"post","link":"https:\/\/nagykokenyes.hu\/?p=4776","title":{"rendered":"Vil\u00e1g\u00edt\u00f3 Adventi Kalend\u00e1rium 2021 \u2013 Tizen\u00f6t\u00f6dik ablak"},"content":{"rendered":"<table style=\"border-collapse: collapse; width: 100%;\">\n<tbody>\n<tr>\n<td style=\"width: 26.0623%;\"><a href=\"https:\/\/nagykokenyes.hu\/wp-content\/uploads\/2020\/12\/15.jpg\"><img loading=\"lazy\" decoding=\"async\" class=\" wp-image-3334 alignleft\" src=\"https:\/\/nagykokenyes.hu\/wp-content\/uploads\/2020\/12\/15.jpg\" alt=\"\" width=\"129\" height=\"128\" \/><\/a><\/td>\n<td style=\"width: 40.6043%; text-align: center;\">Kicsi fi\u00fa nagy \u00e0lma,<br \/>\nhogy komb\u00e0jnos t\u0171zolt\u00f3 lesz egyszer, nagykor\u00e0ban.<br \/>\nDe m\u00e9g az is megeshet, hogy m\u0171v\u00e9sz cseperedik bel\u0151le,<br \/>\nRestaur\u00e0tor, n\u00e9pm\u0171vel\u0151, szobr\u00e0sz vagy sz\u00edn\u00e9sz.<br \/>\nAz \u00f3vod\u00e0t\u00f3l nem messze, szemedet szegezd \u00e0tellenben,<br \/>\na hely ahol &#8221; T\u0171zolt\u00f3 Sam&#8221; ny\u00fajt seg\u00edts\u00e9get v\u00e9szhelyzetben.<\/td>\n<td style=\"width: 33.3333%;\"><a href=\"https:\/\/nagykokenyes.hu\/wp-content\/uploads\/2021\/12\/266531873_4505075166194724_9062352343427624287_n.jpg\"><img loading=\"lazy\" decoding=\"async\" class=\"alignnone size-full wp-image-4795\" src=\"https:\/\/nagykokenyes.hu\/wp-content\/uploads\/2021\/12\/266531873_4505075166194724_9062352343427624287_n.jpg\" alt=\"\" width=\"1000\" height=\"750\" srcset=\"https:\/\/nagykokenyes.hu\/wp-content\/uploads\/2021\/12\/266531873_4505075166194724_9062352343427624287_n.jpg 1000w, https:\/\/nagykokenyes.hu\/wp-content\/uploads\/2021\/12\/266531873_4505075166194724_9062352343427624287_n-768x576.jpg 768w\" sizes=\"auto, (max-width: 1000px) 100vw, 1000px\" \/><\/a><\/td>\n<\/tr>\n<\/tbody>\n<\/table>\n<p style=\"text-align: left;\">\n","protected":false},"excerpt":{"rendered":"<p>Kicsi fi\u00fa nagy \u00e0lma, hogy komb\u00e0jnos t\u0171zolt\u00f3 lesz egyszer, nagykor\u00e0ban. De m\u00e9g az is megeshet, hogy m\u0171v\u00e9sz cseperedik bel\u0151le, Restaur\u00e0tor, n\u00e9pm\u0171vel\u0151, szobr\u00e0sz vagy sz\u00edn\u00e9sz. Az \u00f3vod\u00e0t\u00f3l nem messze, szemedet szegezd \u00e0tellenben, a hely ahol &#8221; T\u0171zolt\u00f3 Sam&#8221; ny\u00fajt seg\u00edts\u00e9get v\u00e9szhelyzetben.<\/p>\n","protected":false},"author":3,"featured_media":0,"comment_status":"closed","ping_status":"closed","sticky":false,"template":"","format":"standard","meta":{"footnotes":""},"categories":[1],"tags":[],"class_list":["post-4776","post","type-post","status-publish","format-standard","hentry","category-egyeb"],"yoast_head":"<!-- This site is optimized with the Yoast SEO plugin v26.5 - https:\/\/yoast.com\/wordpress\/plugins\/seo\/ -->\n<title>Vil\u00e1g\u00edt\u00f3 Adventi Kalend\u00e1rium 2021 \u2013 Tizen\u00f6t\u00f6dik ablak - Nagyk\u00f6k\u00e9nyes K\u00f6zs\u00e9g \u00d6nkorm\u00e1nyzata<\/title>\n<meta name=\"robots\" content=\"index, follow, max-snippet:-1, max-image-preview:large, max-video-preview:-1\" \/>\n<link rel=\"canonical\" href=\"https:\/\/nagykokenyes.hu\/?p=4776\" \/>\n<meta property=\"og:locale\" content=\"hu_HU\" \/>\n<meta property=\"og:type\" content=\"article\" \/>\n<meta property=\"og:title\" content=\"Vil\u00e1g\u00edt\u00f3 Adventi Kalend\u00e1rium 2021 \u2013 Tizen\u00f6t\u00f6dik ablak - Nagyk\u00f6k\u00e9nyes K\u00f6zs\u00e9g \u00d6nkorm\u00e1nyzata\" \/>\n<meta property=\"og:description\" content=\"Kicsi fi\u00fa nagy \u00e0lma, hogy komb\u00e0jnos t\u0171zolt\u00f3 lesz egyszer, nagykor\u00e0ban. De m\u00e9g az is megeshet, hogy m\u0171v\u00e9sz cseperedik bel\u0151le, Restaur\u00e0tor, n\u00e9pm\u0171vel\u0151, szobr\u00e0sz vagy sz\u00edn\u00e9sz. Az \u00f3vod\u00e0t\u00f3l nem messze, szemedet szegezd \u00e0tellenben, a hely ahol &#8221; T\u0171zolt\u00f3 Sam&#8221; ny\u00fajt seg\u00edts\u00e9get v\u00e9szhelyzetben.\" \/>\n<meta property=\"og:url\" content=\"https:\/\/nagykokenyes.hu\/?p=4776\" \/>\n<meta property=\"og:site_name\" content=\"Nagyk\u00f6k\u00e9nyes K\u00f6zs\u00e9g \u00d6nkorm\u00e1nyzata\" \/>\n<meta property=\"article:published_time\" content=\"2021-12-15T03:00:37+00:00\" \/>\n<meta property=\"article:modified_time\" content=\"2021-12-18T21:01:46+00:00\" \/>\n<meta property=\"og:image\" content=\"https:\/\/nagykokenyes.hu\/wp-content\/uploads\/2020\/12\/15.jpg\" \/>\n<meta name=\"author\" content=\"Toldi-Media&amp;Web\u00a9\" \/>\n<meta name=\"twitter:card\" content=\"summary_large_image\" \/>\n<meta name=\"twitter:label1\" content=\"Szerz\u0151:\" \/>\n\t<meta name=\"twitter:data1\" content=\"Toldi-Media&amp;Web\u00a9\" \/>\n<script type=\"application\/ld+json\" class=\"yoast-schema-graph\">{\"@context\":\"https:\/\/schema.org\",\"@graph\":[{\"@type\":\"WebPage\",\"@id\":\"https:\/\/nagykokenyes.hu\/?p=4776\",\"url\":\"https:\/\/nagykokenyes.hu\/?p=4776\",\"name\":\"Vil\u00e1g\u00edt\u00f3 Adventi Kalend\u00e1rium 2021 \u2013 Tizen\u00f6t\u00f6dik ablak - Nagyk\u00f6k\u00e9nyes K\u00f6zs\u00e9g \u00d6nkorm\u00e1nyzata\",\"isPartOf\":{\"@id\":\"https:\/\/nagykokenyes.hu\/#website\"},\"primaryImageOfPage\":{\"@id\":\"https:\/\/nagykokenyes.hu\/?p=4776#primaryimage\"},\"image\":{\"@id\":\"https:\/\/nagykokenyes.hu\/?p=4776#primaryimage\"},\"thumbnailUrl\":\"https:\/\/nagykokenyes.hu\/wp-content\/uploads\/2020\/12\/15.jpg\",\"datePublished\":\"2021-12-15T03:00:37+00:00\",\"dateModified\":\"2021-12-18T21:01:46+00:00\",\"author\":{\"@id\":\"https:\/\/nagykokenyes.hu\/#\/schema\/person\/91a03ceb98215334e96f799e0fbcb3be\"},\"breadcrumb\":{\"@id\":\"https:\/\/nagykokenyes.hu\/?p=4776#breadcrumb\"},\"inLanguage\":\"hu\",\"potentialAction\":[{\"@type\":\"ReadAction\",\"target\":[\"https:\/\/nagykokenyes.hu\/?p=4776\"]}]},{\"@type\":\"ImageObject\",\"inLanguage\":\"hu\",\"@id\":\"https:\/\/nagykokenyes.hu\/?p=4776#primaryimage\",\"url\":\"https:\/\/nagykokenyes.hu\/wp-content\/uploads\/2020\/12\/15.jpg\",\"contentUrl\":\"https:\/\/nagykokenyes.hu\/wp-content\/uploads\/2020\/12\/15.jpg\"},{\"@type\":\"BreadcrumbList\",\"@id\":\"https:\/\/nagykokenyes.hu\/?p=4776#breadcrumb\",\"itemListElement\":[{\"@type\":\"ListItem\",\"position\":1,\"name\":\"Kezd\u0151lap\",\"item\":\"https:\/\/nagykokenyes.hu\/\"},{\"@type\":\"ListItem\",\"position\":2,\"name\":\"Vil\u00e1g\u00edt\u00f3 Adventi Kalend\u00e1rium 2021 \u2013 Tizen\u00f6t\u00f6dik ablak\"}]},{\"@type\":\"WebSite\",\"@id\":\"https:\/\/nagykokenyes.hu\/#website\",\"url\":\"https:\/\/nagykokenyes.hu\/\",\"name\":\"Nagyk\u00f6k\u00e9nyes K\u00f6zs\u00e9g \u00d6nkorm\u00e1nyzata\",\"description\":\"\",\"potentialAction\":[{\"@type\":\"SearchAction\",\"target\":{\"@type\":\"EntryPoint\",\"urlTemplate\":\"https:\/\/nagykokenyes.hu\/?s={search_term_string}\"},\"query-input\":{\"@type\":\"PropertyValueSpecification\",\"valueRequired\":true,\"valueName\":\"search_term_string\"}}],\"inLanguage\":\"hu\"},{\"@type\":\"Person\",\"@id\":\"https:\/\/nagykokenyes.hu\/#\/schema\/person\/91a03ceb98215334e96f799e0fbcb3be\",\"name\":\"Toldi-Media&amp;Web\u00a9\",\"image\":{\"@type\":\"ImageObject\",\"inLanguage\":\"hu\",\"@id\":\"https:\/\/nagykokenyes.hu\/#\/schema\/person\/image\/\",\"url\":\"https:\/\/secure.gravatar.com\/avatar\/adc3df0c265574e995fc88e9d5fca046c2077c4ac097b10c58e854f5d7ae42ac?s=96&d=mm&r=g\",\"contentUrl\":\"https:\/\/secure.gravatar.com\/avatar\/adc3df0c265574e995fc88e9d5fca046c2077c4ac097b10c58e854f5d7ae42ac?s=96&d=mm&r=g\",\"caption\":\"Toldi-Media&amp;Web\u00a9\"},\"url\":\"https:\/\/nagykokenyes.hu\/?author=3\"}]}<\/script>\n<!-- \/ Yoast SEO plugin. -->","yoast_head_json":{"title":"Vil\u00e1g\u00edt\u00f3 Adventi Kalend\u00e1rium 2021 \u2013 Tizen\u00f6t\u00f6dik ablak - Nagyk\u00f6k\u00e9nyes K\u00f6zs\u00e9g \u00d6nkorm\u00e1nyzata","robots":{"index":"index","follow":"follow","max-snippet":"max-snippet:-1","max-image-preview":"max-image-preview:large","max-video-preview":"max-video-preview:-1"},"canonical":"https:\/\/nagykokenyes.hu\/?p=4776","og_locale":"hu_HU","og_type":"article","og_title":"Vil\u00e1g\u00edt\u00f3 Adventi Kalend\u00e1rium 2021 \u2013 Tizen\u00f6t\u00f6dik ablak - Nagyk\u00f6k\u00e9nyes K\u00f6zs\u00e9g \u00d6nkorm\u00e1nyzata","og_description":"Kicsi fi\u00fa nagy \u00e0lma, hogy komb\u00e0jnos t\u0171zolt\u00f3 lesz egyszer, nagykor\u00e0ban. De m\u00e9g az is megeshet, hogy m\u0171v\u00e9sz cseperedik bel\u0151le, Restaur\u00e0tor, n\u00e9pm\u0171vel\u0151, szobr\u00e0sz vagy sz\u00edn\u00e9sz. Az \u00f3vod\u00e0t\u00f3l nem messze, szemedet szegezd \u00e0tellenben, a hely ahol &#8221; T\u0171zolt\u00f3 Sam&#8221; ny\u00fajt seg\u00edts\u00e9get v\u00e9szhelyzetben.","og_url":"https:\/\/nagykokenyes.hu\/?p=4776","og_site_name":"Nagyk\u00f6k\u00e9nyes K\u00f6zs\u00e9g \u00d6nkorm\u00e1nyzata","article_published_time":"2021-12-15T03:00:37+00:00","article_modified_time":"2021-12-18T21:01:46+00:00","og_image":[{"url":"https:\/\/nagykokenyes.hu\/wp-content\/uploads\/2020\/12\/15.jpg","type":"","width":"","height":""}],"author":"Toldi-Media&amp;Web\u00a9","twitter_card":"summary_large_image","twitter_misc":{"Szerz\u0151:":"Toldi-Media&amp;Web\u00a9"},"schema":{"@context":"https:\/\/schema.org","@graph":[{"@type":"WebPage","@id":"https:\/\/nagykokenyes.hu\/?p=4776","url":"https:\/\/nagykokenyes.hu\/?p=4776","name":"Vil\u00e1g\u00edt\u00f3 Adventi Kalend\u00e1rium 2021 \u2013 Tizen\u00f6t\u00f6dik ablak - Nagyk\u00f6k\u00e9nyes K\u00f6zs\u00e9g \u00d6nkorm\u00e1nyzata","isPartOf":{"@id":"https:\/\/nagykokenyes.hu\/#website"},"primaryImageOfPage":{"@id":"https:\/\/nagykokenyes.hu\/?p=4776#primaryimage"},"image":{"@id":"https:\/\/nagykokenyes.hu\/?p=4776#primaryimage"},"thumbnailUrl":"https:\/\/nagykokenyes.hu\/wp-content\/uploads\/2020\/12\/15.jpg","datePublished":"2021-12-15T03:00:37+00:00","dateModified":"2021-12-18T21:01:46+00:00","author":{"@id":"https:\/\/nagykokenyes.hu\/#\/schema\/person\/91a03ceb98215334e96f799e0fbcb3be"},"breadcrumb":{"@id":"https:\/\/nagykokenyes.hu\/?p=4776#breadcrumb"},"inLanguage":"hu","potentialAction":[{"@type":"ReadAction","target":["https:\/\/nagykokenyes.hu\/?p=4776"]}]},{"@type":"ImageObject","inLanguage":"hu","@id":"https:\/\/nagykokenyes.hu\/?p=4776#primaryimage","url":"https:\/\/nagykokenyes.hu\/wp-content\/uploads\/2020\/12\/15.jpg","contentUrl":"https:\/\/nagykokenyes.hu\/wp-content\/uploads\/2020\/12\/15.jpg"},{"@type":"BreadcrumbList","@id":"https:\/\/nagykokenyes.hu\/?p=4776#breadcrumb","itemListElement":[{"@type":"ListItem","position":1,"name":"Kezd\u0151lap","item":"https:\/\/nagykokenyes.hu\/"},{"@type":"ListItem","position":2,"name":"Vil\u00e1g\u00edt\u00f3 Adventi Kalend\u00e1rium 2021 \u2013 Tizen\u00f6t\u00f6dik ablak"}]},{"@type":"WebSite","@id":"https:\/\/nagykokenyes.hu\/#website","url":"https:\/\/nagykokenyes.hu\/","name":"Nagyk\u00f6k\u00e9nyes K\u00f6zs\u00e9g \u00d6nkorm\u00e1nyzata","description":"","potentialAction":[{"@type":"SearchAction","target":{"@type":"EntryPoint","urlTemplate":"https:\/\/nagykokenyes.hu\/?s={search_term_string}"},"query-input":{"@type":"PropertyValueSpecification","valueRequired":true,"valueName":"search_term_string"}}],"inLanguage":"hu"},{"@type":"Person","@id":"https:\/\/nagykokenyes.hu\/#\/schema\/person\/91a03ceb98215334e96f799e0fbcb3be","name":"Toldi-Media&amp;Web\u00a9","image":{"@type":"ImageObject","inLanguage":"hu","@id":"https:\/\/nagykokenyes.hu\/#\/schema\/person\/image\/","url":"https:\/\/secure.gravatar.com\/avatar\/adc3df0c265574e995fc88e9d5fca046c2077c4ac097b10c58e854f5d7ae42ac?s=96&d=mm&r=g","contentUrl":"https:\/\/secure.gravatar.com\/avatar\/adc3df0c265574e995fc88e9d5fca046c2077c4ac097b10c58e854f5d7ae42ac?s=96&d=mm&r=g","caption":"Toldi-Media&amp;Web\u00a9"},"url":"https:\/\/nagykokenyes.hu\/?author=3"}]}},"_links":{"self":[{"href":"https:\/\/nagykokenyes.hu\/index.php?rest_route=\/wp\/v2\/posts\/4776","targetHints":{"allow":["GET"]}}],"collection":[{"href":"https:\/\/nagykokenyes.hu\/index.php?rest_route=\/wp\/v2\/posts"}],"about":[{"href":"https:\/\/nagykokenyes.hu\/index.php?rest_route=\/wp\/v2\/types\/post"}],"author":[{"embeddable":true,"href":"https:\/\/nagykokenyes.hu\/index.php?rest_route=\/wp\/v2\/users\/3"}],"replies":[{"embeddable":true,"href":"https:\/\/nagykokenyes.hu\/index.php?rest_route=%2Fwp%2Fv2%2Fcomments&post=4776"}],"version-history":[{"count":6,"href":"https:\/\/nagykokenyes.hu\/index.php?rest_route=\/wp\/v2\/posts\/4776\/revisions"}],"predecessor-version":[{"id":4822,"href":"https:\/\/nagykokenyes.hu\/index.php?rest_route=\/wp\/v2\/posts\/4776\/revisions\/4822"}],"wp:attachment":[{"href":"https:\/\/nagykokenyes.hu\/index.php?rest_route=%2Fwp%2Fv2%2Fmedia&parent=4776"}],"wp:term":[{"taxonomy":"category","embeddable":true,"href":"https:\/\/nagykokenyes.hu\/index.php?rest_route=%2Fwp%2Fv2%2Fcategories&post=4776"},{"taxonomy":"post_tag","embeddable":true,"href":"https:\/\/nagykokenyes.hu\/index.php?rest_route=%2Fwp%2Fv2%2Ftags&post=4776"}],"curies":[{"name":"wp","href":"https:\/\/api.w.org\/{rel}","templated":true}]}}