{"id":4845,"date":"2021-12-22T18:56:19","date_gmt":"2021-12-22T16:56:19","guid":{"rendered":"https:\/\/nagykokenyes.hu\/?p=4845"},"modified":"2021-12-22T23:21:54","modified_gmt":"2021-12-22T21:21:54","slug":"vilagito-adventi-kalendarium-2021-huszonkettedik-ablak","status":"publish","type":"post","link":"https:\/\/nagykokenyes.hu\/?p=4845","title":{"rendered":"Vil\u00e1g\u00edt\u00f3 Adventi Kalend\u00e1rium 2021 \u2013 Huszonkettedik ablak"},"content":{"rendered":"<table style=\"border-collapse: collapse; width: 100%;\">\n<tbody>\n<tr>\n<td style=\"width: 33.3333%;\"><img loading=\"lazy\" decoding=\"async\" class=\"alignleft\" src=\"https:\/\/nagykokenyes.hu\/wp-content\/uploads\/2020\/12\/22.jpg\" width=\"139\" height=\"140\" \/><\/td>\n<td style=\"width: 33.3333%;\">\n<div dir=\"auto\" style=\"text-align: center;\">F\u0151 \u00fat mellett Her\u00e9d fel\u00e9,<br \/>\nny\u00edlik a zsalug\u00e1ter kifel\u00e9.<\/div>\n<div dir=\"auto\" style=\"text-align: center;\">A h\u00e1z ura gy\u00e1rban szerel,<br \/>\nm\u00edg feles\u00e9ge egy oviban<\/div>\n<div dir=\"auto\" style=\"text-align: center;\">gyermekeket nevel.<\/div>\n<div dir=\"auto\" style=\"text-align: center;\">K\u00e9t l\u00e1ny lakik vel\u00fck sz\u00e9pek,<br \/>\n\u00e9ppen elad\u00f3 sorba l\u00e9ptek.<\/div>\n<\/td>\n<td style=\"width: 33.3333%;\"><a href=\"https:\/\/nagykokenyes.hu\/wp-content\/uploads\/2021\/12\/269785264_4537392886296285_6419754194447992746_n.jpg\"><img loading=\"lazy\" decoding=\"async\" class=\"alignnone size-full wp-image-4849\" src=\"https:\/\/nagykokenyes.hu\/wp-content\/uploads\/2021\/12\/269785264_4537392886296285_6419754194447992746_n.jpg\" alt=\"\" width=\"750\" height=\"1000\" \/><\/a><\/td>\n<\/tr>\n<\/tbody>\n<\/table>\n<p>&nbsp;<\/p>\n<div dir=\"auto\"><\/div>\n","protected":false},"excerpt":{"rendered":"<p>F\u0151 \u00fat mellett Her\u00e9d fel\u00e9, ny\u00edlik a zsalug\u00e1ter kifel\u00e9. A h\u00e1z ura gy\u00e1rban szerel, m\u00edg feles\u00e9ge egy oviban gyermekeket nevel. K\u00e9t l\u00e1ny lakik vel\u00fck sz\u00e9pek, \u00e9ppen elad\u00f3 sorba l\u00e9ptek. &nbsp;<\/p>\n","protected":false},"author":3,"featured_media":0,"comment_status":"closed","ping_status":"closed","sticky":false,"template":"","format":"standard","meta":{"footnotes":""},"categories":[1],"tags":[],"class_list":["post-4845","post","type-post","status-publish","format-standard","hentry","category-egyeb"],"yoast_head":"<!-- This site is optimized with the Yoast SEO plugin v26.5 - https:\/\/yoast.com\/wordpress\/plugins\/seo\/ -->\n<title>Vil\u00e1g\u00edt\u00f3 Adventi Kalend\u00e1rium 2021 \u2013 Huszonkettedik ablak - Nagyk\u00f6k\u00e9nyes K\u00f6zs\u00e9g \u00d6nkorm\u00e1nyzata<\/title>\n<meta name=\"robots\" content=\"index, follow, max-snippet:-1, max-image-preview:large, max-video-preview:-1\" \/>\n<link rel=\"canonical\" href=\"https:\/\/nagykokenyes.hu\/?p=4845\" \/>\n<meta property=\"og:locale\" content=\"hu_HU\" \/>\n<meta property=\"og:type\" content=\"article\" \/>\n<meta property=\"og:title\" content=\"Vil\u00e1g\u00edt\u00f3 Adventi Kalend\u00e1rium 2021 \u2013 Huszonkettedik ablak - Nagyk\u00f6k\u00e9nyes K\u00f6zs\u00e9g \u00d6nkorm\u00e1nyzata\" \/>\n<meta property=\"og:description\" content=\"F\u0151 \u00fat mellett Her\u00e9d fel\u00e9, ny\u00edlik a zsalug\u00e1ter kifel\u00e9. A h\u00e1z ura gy\u00e1rban szerel, m\u00edg feles\u00e9ge egy oviban gyermekeket nevel. K\u00e9t l\u00e1ny lakik vel\u00fck sz\u00e9pek, \u00e9ppen elad\u00f3 sorba l\u00e9ptek. &nbsp;\" \/>\n<meta property=\"og:url\" content=\"https:\/\/nagykokenyes.hu\/?p=4845\" \/>\n<meta property=\"og:site_name\" content=\"Nagyk\u00f6k\u00e9nyes K\u00f6zs\u00e9g \u00d6nkorm\u00e1nyzata\" \/>\n<meta property=\"article:published_time\" content=\"2021-12-22T16:56:19+00:00\" \/>\n<meta property=\"article:modified_time\" content=\"2021-12-22T21:21:54+00:00\" \/>\n<meta property=\"og:image\" content=\"https:\/\/nagykokenyes.hu\/wp-content\/uploads\/2020\/12\/22.jpg\" \/>\n<meta name=\"author\" content=\"Toldi-Media&amp;Web\u00a9\" \/>\n<meta name=\"twitter:card\" content=\"summary_large_image\" \/>\n<meta name=\"twitter:label1\" content=\"Szerz\u0151:\" \/>\n\t<meta name=\"twitter:data1\" content=\"Toldi-Media&amp;Web\u00a9\" \/>\n<script type=\"application\/ld+json\" class=\"yoast-schema-graph\">{\"@context\":\"https:\/\/schema.org\",\"@graph\":[{\"@type\":\"WebPage\",\"@id\":\"https:\/\/nagykokenyes.hu\/?p=4845\",\"url\":\"https:\/\/nagykokenyes.hu\/?p=4845\",\"name\":\"Vil\u00e1g\u00edt\u00f3 Adventi Kalend\u00e1rium 2021 \u2013 Huszonkettedik ablak - Nagyk\u00f6k\u00e9nyes K\u00f6zs\u00e9g \u00d6nkorm\u00e1nyzata\",\"isPartOf\":{\"@id\":\"https:\/\/nagykokenyes.hu\/#website\"},\"primaryImageOfPage\":{\"@id\":\"https:\/\/nagykokenyes.hu\/?p=4845#primaryimage\"},\"image\":{\"@id\":\"https:\/\/nagykokenyes.hu\/?p=4845#primaryimage\"},\"thumbnailUrl\":\"https:\/\/nagykokenyes.hu\/wp-content\/uploads\/2020\/12\/22.jpg\",\"datePublished\":\"2021-12-22T16:56:19+00:00\",\"dateModified\":\"2021-12-22T21:21:54+00:00\",\"author\":{\"@id\":\"https:\/\/nagykokenyes.hu\/#\/schema\/person\/91a03ceb98215334e96f799e0fbcb3be\"},\"breadcrumb\":{\"@id\":\"https:\/\/nagykokenyes.hu\/?p=4845#breadcrumb\"},\"inLanguage\":\"hu\",\"potentialAction\":[{\"@type\":\"ReadAction\",\"target\":[\"https:\/\/nagykokenyes.hu\/?p=4845\"]}]},{\"@type\":\"ImageObject\",\"inLanguage\":\"hu\",\"@id\":\"https:\/\/nagykokenyes.hu\/?p=4845#primaryimage\",\"url\":\"https:\/\/nagykokenyes.hu\/wp-content\/uploads\/2020\/12\/22.jpg\",\"contentUrl\":\"https:\/\/nagykokenyes.hu\/wp-content\/uploads\/2020\/12\/22.jpg\"},{\"@type\":\"BreadcrumbList\",\"@id\":\"https:\/\/nagykokenyes.hu\/?p=4845#breadcrumb\",\"itemListElement\":[{\"@type\":\"ListItem\",\"position\":1,\"name\":\"Kezd\u0151lap\",\"item\":\"https:\/\/nagykokenyes.hu\/\"},{\"@type\":\"ListItem\",\"position\":2,\"name\":\"Vil\u00e1g\u00edt\u00f3 Adventi Kalend\u00e1rium 2021 \u2013 Huszonkettedik ablak\"}]},{\"@type\":\"WebSite\",\"@id\":\"https:\/\/nagykokenyes.hu\/#website\",\"url\":\"https:\/\/nagykokenyes.hu\/\",\"name\":\"Nagyk\u00f6k\u00e9nyes K\u00f6zs\u00e9g \u00d6nkorm\u00e1nyzata\",\"description\":\"\",\"potentialAction\":[{\"@type\":\"SearchAction\",\"target\":{\"@type\":\"EntryPoint\",\"urlTemplate\":\"https:\/\/nagykokenyes.hu\/?s={search_term_string}\"},\"query-input\":{\"@type\":\"PropertyValueSpecification\",\"valueRequired\":true,\"valueName\":\"search_term_string\"}}],\"inLanguage\":\"hu\"},{\"@type\":\"Person\",\"@id\":\"https:\/\/nagykokenyes.hu\/#\/schema\/person\/91a03ceb98215334e96f799e0fbcb3be\",\"name\":\"Toldi-Media&amp;Web\u00a9\",\"image\":{\"@type\":\"ImageObject\",\"inLanguage\":\"hu\",\"@id\":\"https:\/\/nagykokenyes.hu\/#\/schema\/person\/image\/\",\"url\":\"https:\/\/secure.gravatar.com\/avatar\/adc3df0c265574e995fc88e9d5fca046c2077c4ac097b10c58e854f5d7ae42ac?s=96&d=mm&r=g\",\"contentUrl\":\"https:\/\/secure.gravatar.com\/avatar\/adc3df0c265574e995fc88e9d5fca046c2077c4ac097b10c58e854f5d7ae42ac?s=96&d=mm&r=g\",\"caption\":\"Toldi-Media&amp;Web\u00a9\"},\"url\":\"https:\/\/nagykokenyes.hu\/?author=3\"}]}<\/script>\n<!-- \/ Yoast SEO plugin. -->","yoast_head_json":{"title":"Vil\u00e1g\u00edt\u00f3 Adventi Kalend\u00e1rium 2021 \u2013 Huszonkettedik ablak - Nagyk\u00f6k\u00e9nyes K\u00f6zs\u00e9g \u00d6nkorm\u00e1nyzata","robots":{"index":"index","follow":"follow","max-snippet":"max-snippet:-1","max-image-preview":"max-image-preview:large","max-video-preview":"max-video-preview:-1"},"canonical":"https:\/\/nagykokenyes.hu\/?p=4845","og_locale":"hu_HU","og_type":"article","og_title":"Vil\u00e1g\u00edt\u00f3 Adventi Kalend\u00e1rium 2021 \u2013 Huszonkettedik ablak - Nagyk\u00f6k\u00e9nyes K\u00f6zs\u00e9g \u00d6nkorm\u00e1nyzata","og_description":"F\u0151 \u00fat mellett Her\u00e9d fel\u00e9, ny\u00edlik a zsalug\u00e1ter kifel\u00e9. A h\u00e1z ura gy\u00e1rban szerel, m\u00edg feles\u00e9ge egy oviban gyermekeket nevel. K\u00e9t l\u00e1ny lakik vel\u00fck sz\u00e9pek, \u00e9ppen elad\u00f3 sorba l\u00e9ptek. &nbsp;","og_url":"https:\/\/nagykokenyes.hu\/?p=4845","og_site_name":"Nagyk\u00f6k\u00e9nyes K\u00f6zs\u00e9g \u00d6nkorm\u00e1nyzata","article_published_time":"2021-12-22T16:56:19+00:00","article_modified_time":"2021-12-22T21:21:54+00:00","og_image":[{"url":"https:\/\/nagykokenyes.hu\/wp-content\/uploads\/2020\/12\/22.jpg","type":"","width":"","height":""}],"author":"Toldi-Media&amp;Web\u00a9","twitter_card":"summary_large_image","twitter_misc":{"Szerz\u0151:":"Toldi-Media&amp;Web\u00a9"},"schema":{"@context":"https:\/\/schema.org","@graph":[{"@type":"WebPage","@id":"https:\/\/nagykokenyes.hu\/?p=4845","url":"https:\/\/nagykokenyes.hu\/?p=4845","name":"Vil\u00e1g\u00edt\u00f3 Adventi Kalend\u00e1rium 2021 \u2013 Huszonkettedik ablak - Nagyk\u00f6k\u00e9nyes K\u00f6zs\u00e9g \u00d6nkorm\u00e1nyzata","isPartOf":{"@id":"https:\/\/nagykokenyes.hu\/#website"},"primaryImageOfPage":{"@id":"https:\/\/nagykokenyes.hu\/?p=4845#primaryimage"},"image":{"@id":"https:\/\/nagykokenyes.hu\/?p=4845#primaryimage"},"thumbnailUrl":"https:\/\/nagykokenyes.hu\/wp-content\/uploads\/2020\/12\/22.jpg","datePublished":"2021-12-22T16:56:19+00:00","dateModified":"2021-12-22T21:21:54+00:00","author":{"@id":"https:\/\/nagykokenyes.hu\/#\/schema\/person\/91a03ceb98215334e96f799e0fbcb3be"},"breadcrumb":{"@id":"https:\/\/nagykokenyes.hu\/?p=4845#breadcrumb"},"inLanguage":"hu","potentialAction":[{"@type":"ReadAction","target":["https:\/\/nagykokenyes.hu\/?p=4845"]}]},{"@type":"ImageObject","inLanguage":"hu","@id":"https:\/\/nagykokenyes.hu\/?p=4845#primaryimage","url":"https:\/\/nagykokenyes.hu\/wp-content\/uploads\/2020\/12\/22.jpg","contentUrl":"https:\/\/nagykokenyes.hu\/wp-content\/uploads\/2020\/12\/22.jpg"},{"@type":"BreadcrumbList","@id":"https:\/\/nagykokenyes.hu\/?p=4845#breadcrumb","itemListElement":[{"@type":"ListItem","position":1,"name":"Kezd\u0151lap","item":"https:\/\/nagykokenyes.hu\/"},{"@type":"ListItem","position":2,"name":"Vil\u00e1g\u00edt\u00f3 Adventi Kalend\u00e1rium 2021 \u2013 Huszonkettedik ablak"}]},{"@type":"WebSite","@id":"https:\/\/nagykokenyes.hu\/#website","url":"https:\/\/nagykokenyes.hu\/","name":"Nagyk\u00f6k\u00e9nyes K\u00f6zs\u00e9g \u00d6nkorm\u00e1nyzata","description":"","potentialAction":[{"@type":"SearchAction","target":{"@type":"EntryPoint","urlTemplate":"https:\/\/nagykokenyes.hu\/?s={search_term_string}"},"query-input":{"@type":"PropertyValueSpecification","valueRequired":true,"valueName":"search_term_string"}}],"inLanguage":"hu"},{"@type":"Person","@id":"https:\/\/nagykokenyes.hu\/#\/schema\/person\/91a03ceb98215334e96f799e0fbcb3be","name":"Toldi-Media&amp;Web\u00a9","image":{"@type":"ImageObject","inLanguage":"hu","@id":"https:\/\/nagykokenyes.hu\/#\/schema\/person\/image\/","url":"https:\/\/secure.gravatar.com\/avatar\/adc3df0c265574e995fc88e9d5fca046c2077c4ac097b10c58e854f5d7ae42ac?s=96&d=mm&r=g","contentUrl":"https:\/\/secure.gravatar.com\/avatar\/adc3df0c265574e995fc88e9d5fca046c2077c4ac097b10c58e854f5d7ae42ac?s=96&d=mm&r=g","caption":"Toldi-Media&amp;Web\u00a9"},"url":"https:\/\/nagykokenyes.hu\/?author=3"}]}},"_links":{"self":[{"href":"https:\/\/nagykokenyes.hu\/index.php?rest_route=\/wp\/v2\/posts\/4845","targetHints":{"allow":["GET"]}}],"collection":[{"href":"https:\/\/nagykokenyes.hu\/index.php?rest_route=\/wp\/v2\/posts"}],"about":[{"href":"https:\/\/nagykokenyes.hu\/index.php?rest_route=\/wp\/v2\/types\/post"}],"author":[{"embeddable":true,"href":"https:\/\/nagykokenyes.hu\/index.php?rest_route=\/wp\/v2\/users\/3"}],"replies":[{"embeddable":true,"href":"https:\/\/nagykokenyes.hu\/index.php?rest_route=%2Fwp%2Fv2%2Fcomments&post=4845"}],"version-history":[{"count":4,"href":"https:\/\/nagykokenyes.hu\/index.php?rest_route=\/wp\/v2\/posts\/4845\/revisions"}],"predecessor-version":[{"id":4851,"href":"https:\/\/nagykokenyes.hu\/index.php?rest_route=\/wp\/v2\/posts\/4845\/revisions\/4851"}],"wp:attachment":[{"href":"https:\/\/nagykokenyes.hu\/index.php?rest_route=%2Fwp%2Fv2%2Fmedia&parent=4845"}],"wp:term":[{"taxonomy":"category","embeddable":true,"href":"https:\/\/nagykokenyes.hu\/index.php?rest_route=%2Fwp%2Fv2%2Fcategories&post=4845"},{"taxonomy":"post_tag","embeddable":true,"href":"https:\/\/nagykokenyes.hu\/index.php?rest_route=%2Fwp%2Fv2%2Ftags&post=4845"}],"curies":[{"name":"wp","href":"https:\/\/api.w.org\/{rel}","templated":true}]}}