{"id":5224,"date":"2022-08-05T22:40:03","date_gmt":"2022-08-05T20:40:03","guid":{"rendered":"https:\/\/nagykokenyes.hu\/?p=5224"},"modified":"2022-08-05T22:41:16","modified_gmt":"2022-08-05T20:41:16","slug":"nagykokenyes-a-magyarorszag-ma-cimu-musorban","status":"publish","type":"post","link":"https:\/\/nagykokenyes.hu\/?p=5224","title":{"rendered":"Nagyk\u00f6k\u00e9nyes a &#8222;Magyarorsz\u00e1g ma&#8221; c\u00edm\u0171 m\u0171sorban"},"content":{"rendered":"<p style=\"text-align: justify;\">\u201eMagyarorsz\u00e1g Ma\u201d Ezzel a c\u00edmmel jelentkezik p\u00e9ntek d\u00e9lel\u0151tt\u00f6nk\u00e9nt az M1 \u00faj magazinja. A k\u00f6zm\u00e9dia aktu\u00e1lis csatorn\u00e1j\u00e1n 10.30-kor l\u00e1that\u00f3 m\u0171sor k\u00f6z\u00e9ppontj\u00e1ban a vid\u00e9k fejl\u0151d\u00e9se, meg\u00fajul\u00e1sa \u00e1ll. H\u00e9tr\u0151l-h\u00e9tre olyan beruh\u00e1z\u00e1sokat, fejleszt\u00e9seket l\u00e1thatnak a n\u00e9z\u0151k, amelyek a vid\u00e9ken \u00e9l\u0151 8 milli\u00f3 ember l\u00e9tbiztons\u00e1g\u00e1t \u00e9s k\u00e9nyelm\u00e9t szolg\u00e1lj\u00e1k. A Nagyk\u00f6k\u00e9nyesr\u0151l k\u00e9sz\u00fclt \u00f6ssze\u00e1ll\u00edt\u00e1st az al\u00e1bbi linken tekinthetik meg.<\/p>\n<p><a href=\"https:\/\/mediaklikk.hu\/video\/magyarorszag-ma-2022-08-05-i-adas\/\">https:\/\/mediaklikk.hu\/video\/magyarorszag-ma-2022-08-05-i-adas\/<\/a><\/p>\n","protected":false},"excerpt":{"rendered":"<p>\u201eMagyarorsz\u00e1g Ma\u201d Ezzel a c\u00edmmel jelentkezik p\u00e9ntek d\u00e9lel\u0151tt\u00f6nk\u00e9nt az M1 \u00faj magazinja. A k\u00f6zm\u00e9dia aktu\u00e1lis csatorn\u00e1j\u00e1n 10.30-kor l\u00e1that\u00f3 m\u0171sor k\u00f6z\u00e9ppontj\u00e1ban a vid\u00e9k fejl\u0151d\u00e9se, meg\u00fajul\u00e1sa \u00e1ll. H\u00e9tr\u0151l-h\u00e9tre olyan beruh\u00e1z\u00e1sokat, fejleszt\u00e9seket l\u00e1thatnak a n\u00e9z\u0151k, amelyek a vid\u00e9ken \u00e9l\u0151 8 milli\u00f3 ember l\u00e9tbiztons\u00e1g\u00e1t \u00e9s k\u00e9nyelm\u00e9t szolg\u00e1lj\u00e1k. A Nagyk\u00f6k\u00e9nyesr\u0151l k\u00e9sz\u00fclt \u00f6ssze\u00e1ll\u00edt\u00e1st az al\u00e1bbi linken tekinthetik meg. https:\/\/mediaklikk.hu\/video\/magyarorszag-ma-2022-08-05-i-adas\/<\/p>\n","protected":false},"author":3,"featured_media":0,"comment_status":"closed","ping_status":"closed","sticky":false,"template":"","format":"standard","meta":{"footnotes":""},"categories":[1],"tags":[],"class_list":["post-5224","post","type-post","status-publish","format-standard","hentry","category-egyeb"],"yoast_head":"<!-- This site is optimized with the Yoast SEO plugin v26.5 - https:\/\/yoast.com\/wordpress\/plugins\/seo\/ -->\n<title>Nagyk\u00f6k\u00e9nyes a &quot;Magyarorsz\u00e1g ma&quot; c\u00edm\u0171 m\u0171sorban - Nagyk\u00f6k\u00e9nyes K\u00f6zs\u00e9g \u00d6nkorm\u00e1nyzata<\/title>\n<meta name=\"robots\" content=\"index, follow, max-snippet:-1, max-image-preview:large, max-video-preview:-1\" \/>\n<link rel=\"canonical\" href=\"https:\/\/nagykokenyes.hu\/?p=5224\" \/>\n<meta property=\"og:locale\" content=\"hu_HU\" \/>\n<meta property=\"og:type\" content=\"article\" \/>\n<meta property=\"og:title\" content=\"Nagyk\u00f6k\u00e9nyes a &quot;Magyarorsz\u00e1g ma&quot; c\u00edm\u0171 m\u0171sorban - Nagyk\u00f6k\u00e9nyes K\u00f6zs\u00e9g \u00d6nkorm\u00e1nyzata\" \/>\n<meta property=\"og:description\" content=\"\u201eMagyarorsz\u00e1g Ma\u201d Ezzel a c\u00edmmel jelentkezik p\u00e9ntek d\u00e9lel\u0151tt\u00f6nk\u00e9nt az M1 \u00faj magazinja. A k\u00f6zm\u00e9dia aktu\u00e1lis csatorn\u00e1j\u00e1n 10.30-kor l\u00e1that\u00f3 m\u0171sor k\u00f6z\u00e9ppontj\u00e1ban a vid\u00e9k fejl\u0151d\u00e9se, meg\u00fajul\u00e1sa \u00e1ll. H\u00e9tr\u0151l-h\u00e9tre olyan beruh\u00e1z\u00e1sokat, fejleszt\u00e9seket l\u00e1thatnak a n\u00e9z\u0151k, amelyek a vid\u00e9ken \u00e9l\u0151 8 milli\u00f3 ember l\u00e9tbiztons\u00e1g\u00e1t \u00e9s k\u00e9nyelm\u00e9t szolg\u00e1lj\u00e1k. A Nagyk\u00f6k\u00e9nyesr\u0151l k\u00e9sz\u00fclt \u00f6ssze\u00e1ll\u00edt\u00e1st az al\u00e1bbi linken tekinthetik meg. https:\/\/mediaklikk.hu\/video\/magyarorszag-ma-2022-08-05-i-adas\/\" \/>\n<meta property=\"og:url\" content=\"https:\/\/nagykokenyes.hu\/?p=5224\" \/>\n<meta property=\"og:site_name\" content=\"Nagyk\u00f6k\u00e9nyes K\u00f6zs\u00e9g \u00d6nkorm\u00e1nyzata\" \/>\n<meta property=\"article:published_time\" content=\"2022-08-05T20:40:03+00:00\" \/>\n<meta property=\"article:modified_time\" content=\"2022-08-05T20:41:16+00:00\" \/>\n<meta name=\"author\" content=\"Toldi-Media&amp;Web\u00a9\" \/>\n<meta name=\"twitter:card\" content=\"summary_large_image\" \/>\n<meta name=\"twitter:label1\" content=\"Szerz\u0151:\" \/>\n\t<meta name=\"twitter:data1\" content=\"Toldi-Media&amp;Web\u00a9\" \/>\n\t<meta name=\"twitter:label2\" content=\"Becs\u00fclt olvas\u00e1si id\u0151\" \/>\n\t<meta name=\"twitter:data2\" content=\"1 perc\" \/>\n<script type=\"application\/ld+json\" class=\"yoast-schema-graph\">{\"@context\":\"https:\/\/schema.org\",\"@graph\":[{\"@type\":\"WebPage\",\"@id\":\"https:\/\/nagykokenyes.hu\/?p=5224\",\"url\":\"https:\/\/nagykokenyes.hu\/?p=5224\",\"name\":\"Nagyk\u00f6k\u00e9nyes a \\\"Magyarorsz\u00e1g ma\\\" c\u00edm\u0171 m\u0171sorban - Nagyk\u00f6k\u00e9nyes K\u00f6zs\u00e9g \u00d6nkorm\u00e1nyzata\",\"isPartOf\":{\"@id\":\"https:\/\/nagykokenyes.hu\/#website\"},\"datePublished\":\"2022-08-05T20:40:03+00:00\",\"dateModified\":\"2022-08-05T20:41:16+00:00\",\"author\":{\"@id\":\"https:\/\/nagykokenyes.hu\/#\/schema\/person\/91a03ceb98215334e96f799e0fbcb3be\"},\"breadcrumb\":{\"@id\":\"https:\/\/nagykokenyes.hu\/?p=5224#breadcrumb\"},\"inLanguage\":\"hu\",\"potentialAction\":[{\"@type\":\"ReadAction\",\"target\":[\"https:\/\/nagykokenyes.hu\/?p=5224\"]}]},{\"@type\":\"BreadcrumbList\",\"@id\":\"https:\/\/nagykokenyes.hu\/?p=5224#breadcrumb\",\"itemListElement\":[{\"@type\":\"ListItem\",\"position\":1,\"name\":\"Kezd\u0151lap\",\"item\":\"https:\/\/nagykokenyes.hu\/\"},{\"@type\":\"ListItem\",\"position\":2,\"name\":\"Nagyk\u00f6k\u00e9nyes a &#8222;Magyarorsz\u00e1g ma&#8221; c\u00edm\u0171 m\u0171sorban\"}]},{\"@type\":\"WebSite\",\"@id\":\"https:\/\/nagykokenyes.hu\/#website\",\"url\":\"https:\/\/nagykokenyes.hu\/\",\"name\":\"Nagyk\u00f6k\u00e9nyes K\u00f6zs\u00e9g \u00d6nkorm\u00e1nyzata\",\"description\":\"\",\"potentialAction\":[{\"@type\":\"SearchAction\",\"target\":{\"@type\":\"EntryPoint\",\"urlTemplate\":\"https:\/\/nagykokenyes.hu\/?s={search_term_string}\"},\"query-input\":{\"@type\":\"PropertyValueSpecification\",\"valueRequired\":true,\"valueName\":\"search_term_string\"}}],\"inLanguage\":\"hu\"},{\"@type\":\"Person\",\"@id\":\"https:\/\/nagykokenyes.hu\/#\/schema\/person\/91a03ceb98215334e96f799e0fbcb3be\",\"name\":\"Toldi-Media&amp;Web\u00a9\",\"image\":{\"@type\":\"ImageObject\",\"inLanguage\":\"hu\",\"@id\":\"https:\/\/nagykokenyes.hu\/#\/schema\/person\/image\/\",\"url\":\"https:\/\/secure.gravatar.com\/avatar\/adc3df0c265574e995fc88e9d5fca046c2077c4ac097b10c58e854f5d7ae42ac?s=96&d=mm&r=g\",\"contentUrl\":\"https:\/\/secure.gravatar.com\/avatar\/adc3df0c265574e995fc88e9d5fca046c2077c4ac097b10c58e854f5d7ae42ac?s=96&d=mm&r=g\",\"caption\":\"Toldi-Media&amp;Web\u00a9\"},\"url\":\"https:\/\/nagykokenyes.hu\/?author=3\"}]}<\/script>\n<!-- \/ Yoast SEO plugin. -->","yoast_head_json":{"title":"Nagyk\u00f6k\u00e9nyes a \"Magyarorsz\u00e1g ma\" c\u00edm\u0171 m\u0171sorban - Nagyk\u00f6k\u00e9nyes K\u00f6zs\u00e9g \u00d6nkorm\u00e1nyzata","robots":{"index":"index","follow":"follow","max-snippet":"max-snippet:-1","max-image-preview":"max-image-preview:large","max-video-preview":"max-video-preview:-1"},"canonical":"https:\/\/nagykokenyes.hu\/?p=5224","og_locale":"hu_HU","og_type":"article","og_title":"Nagyk\u00f6k\u00e9nyes a \"Magyarorsz\u00e1g ma\" c\u00edm\u0171 m\u0171sorban - Nagyk\u00f6k\u00e9nyes K\u00f6zs\u00e9g \u00d6nkorm\u00e1nyzata","og_description":"\u201eMagyarorsz\u00e1g Ma\u201d Ezzel a c\u00edmmel jelentkezik p\u00e9ntek d\u00e9lel\u0151tt\u00f6nk\u00e9nt az M1 \u00faj magazinja. A k\u00f6zm\u00e9dia aktu\u00e1lis csatorn\u00e1j\u00e1n 10.30-kor l\u00e1that\u00f3 m\u0171sor k\u00f6z\u00e9ppontj\u00e1ban a vid\u00e9k fejl\u0151d\u00e9se, meg\u00fajul\u00e1sa \u00e1ll. H\u00e9tr\u0151l-h\u00e9tre olyan beruh\u00e1z\u00e1sokat, fejleszt\u00e9seket l\u00e1thatnak a n\u00e9z\u0151k, amelyek a vid\u00e9ken \u00e9l\u0151 8 milli\u00f3 ember l\u00e9tbiztons\u00e1g\u00e1t \u00e9s k\u00e9nyelm\u00e9t szolg\u00e1lj\u00e1k. A Nagyk\u00f6k\u00e9nyesr\u0151l k\u00e9sz\u00fclt \u00f6ssze\u00e1ll\u00edt\u00e1st az al\u00e1bbi linken tekinthetik meg. https:\/\/mediaklikk.hu\/video\/magyarorszag-ma-2022-08-05-i-adas\/","og_url":"https:\/\/nagykokenyes.hu\/?p=5224","og_site_name":"Nagyk\u00f6k\u00e9nyes K\u00f6zs\u00e9g \u00d6nkorm\u00e1nyzata","article_published_time":"2022-08-05T20:40:03+00:00","article_modified_time":"2022-08-05T20:41:16+00:00","author":"Toldi-Media&amp;Web\u00a9","twitter_card":"summary_large_image","twitter_misc":{"Szerz\u0151:":"Toldi-Media&amp;Web\u00a9","Becs\u00fclt olvas\u00e1si id\u0151":"1 perc"},"schema":{"@context":"https:\/\/schema.org","@graph":[{"@type":"WebPage","@id":"https:\/\/nagykokenyes.hu\/?p=5224","url":"https:\/\/nagykokenyes.hu\/?p=5224","name":"Nagyk\u00f6k\u00e9nyes a \"Magyarorsz\u00e1g ma\" c\u00edm\u0171 m\u0171sorban - Nagyk\u00f6k\u00e9nyes K\u00f6zs\u00e9g \u00d6nkorm\u00e1nyzata","isPartOf":{"@id":"https:\/\/nagykokenyes.hu\/#website"},"datePublished":"2022-08-05T20:40:03+00:00","dateModified":"2022-08-05T20:41:16+00:00","author":{"@id":"https:\/\/nagykokenyes.hu\/#\/schema\/person\/91a03ceb98215334e96f799e0fbcb3be"},"breadcrumb":{"@id":"https:\/\/nagykokenyes.hu\/?p=5224#breadcrumb"},"inLanguage":"hu","potentialAction":[{"@type":"ReadAction","target":["https:\/\/nagykokenyes.hu\/?p=5224"]}]},{"@type":"BreadcrumbList","@id":"https:\/\/nagykokenyes.hu\/?p=5224#breadcrumb","itemListElement":[{"@type":"ListItem","position":1,"name":"Kezd\u0151lap","item":"https:\/\/nagykokenyes.hu\/"},{"@type":"ListItem","position":2,"name":"Nagyk\u00f6k\u00e9nyes a &#8222;Magyarorsz\u00e1g ma&#8221; c\u00edm\u0171 m\u0171sorban"}]},{"@type":"WebSite","@id":"https:\/\/nagykokenyes.hu\/#website","url":"https:\/\/nagykokenyes.hu\/","name":"Nagyk\u00f6k\u00e9nyes K\u00f6zs\u00e9g \u00d6nkorm\u00e1nyzata","description":"","potentialAction":[{"@type":"SearchAction","target":{"@type":"EntryPoint","urlTemplate":"https:\/\/nagykokenyes.hu\/?s={search_term_string}"},"query-input":{"@type":"PropertyValueSpecification","valueRequired":true,"valueName":"search_term_string"}}],"inLanguage":"hu"},{"@type":"Person","@id":"https:\/\/nagykokenyes.hu\/#\/schema\/person\/91a03ceb98215334e96f799e0fbcb3be","name":"Toldi-Media&amp;Web\u00a9","image":{"@type":"ImageObject","inLanguage":"hu","@id":"https:\/\/nagykokenyes.hu\/#\/schema\/person\/image\/","url":"https:\/\/secure.gravatar.com\/avatar\/adc3df0c265574e995fc88e9d5fca046c2077c4ac097b10c58e854f5d7ae42ac?s=96&d=mm&r=g","contentUrl":"https:\/\/secure.gravatar.com\/avatar\/adc3df0c265574e995fc88e9d5fca046c2077c4ac097b10c58e854f5d7ae42ac?s=96&d=mm&r=g","caption":"Toldi-Media&amp;Web\u00a9"},"url":"https:\/\/nagykokenyes.hu\/?author=3"}]}},"_links":{"self":[{"href":"https:\/\/nagykokenyes.hu\/index.php?rest_route=\/wp\/v2\/posts\/5224","targetHints":{"allow":["GET"]}}],"collection":[{"href":"https:\/\/nagykokenyes.hu\/index.php?rest_route=\/wp\/v2\/posts"}],"about":[{"href":"https:\/\/nagykokenyes.hu\/index.php?rest_route=\/wp\/v2\/types\/post"}],"author":[{"embeddable":true,"href":"https:\/\/nagykokenyes.hu\/index.php?rest_route=\/wp\/v2\/users\/3"}],"replies":[{"embeddable":true,"href":"https:\/\/nagykokenyes.hu\/index.php?rest_route=%2Fwp%2Fv2%2Fcomments&post=5224"}],"version-history":[{"count":5,"href":"https:\/\/nagykokenyes.hu\/index.php?rest_route=\/wp\/v2\/posts\/5224\/revisions"}],"predecessor-version":[{"id":5230,"href":"https:\/\/nagykokenyes.hu\/index.php?rest_route=\/wp\/v2\/posts\/5224\/revisions\/5230"}],"wp:attachment":[{"href":"https:\/\/nagykokenyes.hu\/index.php?rest_route=%2Fwp%2Fv2%2Fmedia&parent=5224"}],"wp:term":[{"taxonomy":"category","embeddable":true,"href":"https:\/\/nagykokenyes.hu\/index.php?rest_route=%2Fwp%2Fv2%2Fcategories&post=5224"},{"taxonomy":"post_tag","embeddable":true,"href":"https:\/\/nagykokenyes.hu\/index.php?rest_route=%2Fwp%2Fv2%2Ftags&post=5224"}],"curies":[{"name":"wp","href":"https:\/\/api.w.org\/{rel}","templated":true}]}}