{"id":5533,"date":"2022-09-05T17:36:17","date_gmt":"2022-09-05T15:36:17","guid":{"rendered":"https:\/\/nagykokenyes.hu\/?p=5533"},"modified":"2022-09-05T17:38:17","modified_gmt":"2022-09-05T15:38:17","slug":"az-orfk-rfi-ugyeleti-foosztaly-112-es-hirlevele","status":"publish","type":"post","link":"https:\/\/nagykokenyes.hu\/?p=5533","title":{"rendered":"Az ORFK RFI \u00fcgyeleti f\u0151oszt\u00e1ly 112-es h\u00edrlevele"},"content":{"rendered":"<p style=\"text-align: justify;\">2022. augusztus 27-\u00e9n tartotta \u2013 k\u00e9t \u00e9v kihagy\u00e1s ut\u00e1n \u2013 az Orsz\u00e1gos Ment\u0151szolg\u00e1lat csal\u00e1di napj\u00e1t a V\u00e1rosligetben, amelyre id\u00e9n els\u0151 alkalommal az Orsz\u00e1gos Rend\u0151r-f\u0151kapit\u00e1nys\u00e1g \u00dcgyeleti F\u0151oszt\u00e1ly is megh\u00edv\u00e1st kapott. C\u00e9lunk els\u0151sorban a h\u00edv\u00e1sfogad\u00f3 k\u00f6zpontok munk\u00e1j\u00e1nak hiteles bemutat\u00e1sa, a seg\u00e9lyh\u00edv\u00f3sz\u00e1mok rendeltet\u00e9sszer\u0171 haszn\u00e1lat\u00e1ra t\u00f6rt\u00e9n\u0151 figyelemfelh\u00edv\u00e1s volt.<\/p>\n<p>A rendezv\u00e9nyen \u00f6sszesen k\u00f6zel 5 500 f\u0151 vett r\u00e9szt. R\u00e9szletek <a href=\"https:\/\/nagykokenyes.hu\/wp-content\/uploads\/2022\/09\/Hirlevel-3.pdf\">ITT<\/a>.<\/p>\n<p>ELF Bar t\u00e1j\u00e9koztat\u00f3 &#8211; <a href=\"https:\/\/nagykokenyes.hu\/wp-content\/uploads\/2022\/09\/ELFBAR-szuloknek.pdf\">Sz\u00fcl\u0151knek \u00e9s pedag\u00f3gusoknak<\/a><\/p>\n<p>&nbsp;<\/p>\n","protected":false},"excerpt":{"rendered":"<p>2022. augusztus 27-\u00e9n tartotta \u2013 k\u00e9t \u00e9v kihagy\u00e1s ut\u00e1n \u2013 az Orsz\u00e1gos Ment\u0151szolg\u00e1lat csal\u00e1di napj\u00e1t a V\u00e1rosligetben, amelyre id\u00e9n els\u0151 alkalommal az Orsz\u00e1gos Rend\u0151r-f\u0151kapit\u00e1nys\u00e1g \u00dcgyeleti F\u0151oszt\u00e1ly is megh\u00edv\u00e1st kapott. C\u00e9lunk els\u0151sorban a h\u00edv\u00e1sfogad\u00f3 k\u00f6zpontok munk\u00e1j\u00e1nak hiteles bemutat\u00e1sa, a seg\u00e9lyh\u00edv\u00f3sz\u00e1mok rendeltet\u00e9sszer\u0171 haszn\u00e1lat\u00e1ra t\u00f6rt\u00e9n\u0151 figyelemfelh\u00edv\u00e1s volt. A rendezv\u00e9nyen \u00f6sszesen k\u00f6zel 5 500 f\u0151 vett r\u00e9szt. R\u00e9szletek ITT. [&hellip;]<\/p>\n","protected":false},"author":3,"featured_media":0,"comment_status":"closed","ping_status":"closed","sticky":false,"template":"","format":"standard","meta":{"footnotes":""},"categories":[1],"tags":[],"class_list":["post-5533","post","type-post","status-publish","format-standard","hentry","category-egyeb"],"yoast_head":"<!-- This site is optimized with the Yoast SEO plugin v26.5 - https:\/\/yoast.com\/wordpress\/plugins\/seo\/ -->\n<title>Az ORFK RFI \u00fcgyeleti f\u0151oszt\u00e1ly 112-es h\u00edrlevele - Nagyk\u00f6k\u00e9nyes K\u00f6zs\u00e9g \u00d6nkorm\u00e1nyzata<\/title>\n<meta name=\"robots\" content=\"index, follow, max-snippet:-1, max-image-preview:large, max-video-preview:-1\" \/>\n<link rel=\"canonical\" href=\"https:\/\/nagykokenyes.hu\/?p=5533\" \/>\n<meta property=\"og:locale\" content=\"hu_HU\" \/>\n<meta property=\"og:type\" content=\"article\" \/>\n<meta property=\"og:title\" content=\"Az ORFK RFI \u00fcgyeleti f\u0151oszt\u00e1ly 112-es h\u00edrlevele - Nagyk\u00f6k\u00e9nyes K\u00f6zs\u00e9g \u00d6nkorm\u00e1nyzata\" \/>\n<meta property=\"og:description\" content=\"2022. augusztus 27-\u00e9n tartotta \u2013 k\u00e9t \u00e9v kihagy\u00e1s ut\u00e1n \u2013 az Orsz\u00e1gos Ment\u0151szolg\u00e1lat csal\u00e1di napj\u00e1t a V\u00e1rosligetben, amelyre id\u00e9n els\u0151 alkalommal az Orsz\u00e1gos Rend\u0151r-f\u0151kapit\u00e1nys\u00e1g \u00dcgyeleti F\u0151oszt\u00e1ly is megh\u00edv\u00e1st kapott. C\u00e9lunk els\u0151sorban a h\u00edv\u00e1sfogad\u00f3 k\u00f6zpontok munk\u00e1j\u00e1nak hiteles bemutat\u00e1sa, a seg\u00e9lyh\u00edv\u00f3sz\u00e1mok rendeltet\u00e9sszer\u0171 haszn\u00e1lat\u00e1ra t\u00f6rt\u00e9n\u0151 figyelemfelh\u00edv\u00e1s volt. A rendezv\u00e9nyen \u00f6sszesen k\u00f6zel 5 500 f\u0151 vett r\u00e9szt. R\u00e9szletek ITT. [&hellip;]\" \/>\n<meta property=\"og:url\" content=\"https:\/\/nagykokenyes.hu\/?p=5533\" \/>\n<meta property=\"og:site_name\" content=\"Nagyk\u00f6k\u00e9nyes K\u00f6zs\u00e9g \u00d6nkorm\u00e1nyzata\" \/>\n<meta property=\"article:published_time\" content=\"2022-09-05T15:36:17+00:00\" \/>\n<meta property=\"article:modified_time\" content=\"2022-09-05T15:38:17+00:00\" \/>\n<meta name=\"author\" content=\"Toldi-Media&amp;Web\u00a9\" \/>\n<meta name=\"twitter:card\" content=\"summary_large_image\" \/>\n<meta name=\"twitter:label1\" content=\"Szerz\u0151:\" \/>\n\t<meta name=\"twitter:data1\" content=\"Toldi-Media&amp;Web\u00a9\" \/>\n\t<meta name=\"twitter:label2\" content=\"Becs\u00fclt olvas\u00e1si id\u0151\" \/>\n\t<meta name=\"twitter:data2\" content=\"1 perc\" \/>\n<script type=\"application\/ld+json\" class=\"yoast-schema-graph\">{\"@context\":\"https:\/\/schema.org\",\"@graph\":[{\"@type\":\"WebPage\",\"@id\":\"https:\/\/nagykokenyes.hu\/?p=5533\",\"url\":\"https:\/\/nagykokenyes.hu\/?p=5533\",\"name\":\"Az ORFK RFI \u00fcgyeleti f\u0151oszt\u00e1ly 112-es h\u00edrlevele - Nagyk\u00f6k\u00e9nyes K\u00f6zs\u00e9g \u00d6nkorm\u00e1nyzata\",\"isPartOf\":{\"@id\":\"https:\/\/nagykokenyes.hu\/#website\"},\"datePublished\":\"2022-09-05T15:36:17+00:00\",\"dateModified\":\"2022-09-05T15:38:17+00:00\",\"author\":{\"@id\":\"https:\/\/nagykokenyes.hu\/#\/schema\/person\/91a03ceb98215334e96f799e0fbcb3be\"},\"breadcrumb\":{\"@id\":\"https:\/\/nagykokenyes.hu\/?p=5533#breadcrumb\"},\"inLanguage\":\"hu\",\"potentialAction\":[{\"@type\":\"ReadAction\",\"target\":[\"https:\/\/nagykokenyes.hu\/?p=5533\"]}]},{\"@type\":\"BreadcrumbList\",\"@id\":\"https:\/\/nagykokenyes.hu\/?p=5533#breadcrumb\",\"itemListElement\":[{\"@type\":\"ListItem\",\"position\":1,\"name\":\"Kezd\u0151lap\",\"item\":\"https:\/\/nagykokenyes.hu\/\"},{\"@type\":\"ListItem\",\"position\":2,\"name\":\"Az ORFK RFI \u00fcgyeleti f\u0151oszt\u00e1ly 112-es h\u00edrlevele\"}]},{\"@type\":\"WebSite\",\"@id\":\"https:\/\/nagykokenyes.hu\/#website\",\"url\":\"https:\/\/nagykokenyes.hu\/\",\"name\":\"Nagyk\u00f6k\u00e9nyes K\u00f6zs\u00e9g \u00d6nkorm\u00e1nyzata\",\"description\":\"\",\"potentialAction\":[{\"@type\":\"SearchAction\",\"target\":{\"@type\":\"EntryPoint\",\"urlTemplate\":\"https:\/\/nagykokenyes.hu\/?s={search_term_string}\"},\"query-input\":{\"@type\":\"PropertyValueSpecification\",\"valueRequired\":true,\"valueName\":\"search_term_string\"}}],\"inLanguage\":\"hu\"},{\"@type\":\"Person\",\"@id\":\"https:\/\/nagykokenyes.hu\/#\/schema\/person\/91a03ceb98215334e96f799e0fbcb3be\",\"name\":\"Toldi-Media&amp;Web\u00a9\",\"image\":{\"@type\":\"ImageObject\",\"inLanguage\":\"hu\",\"@id\":\"https:\/\/nagykokenyes.hu\/#\/schema\/person\/image\/\",\"url\":\"https:\/\/secure.gravatar.com\/avatar\/adc3df0c265574e995fc88e9d5fca046c2077c4ac097b10c58e854f5d7ae42ac?s=96&d=mm&r=g\",\"contentUrl\":\"https:\/\/secure.gravatar.com\/avatar\/adc3df0c265574e995fc88e9d5fca046c2077c4ac097b10c58e854f5d7ae42ac?s=96&d=mm&r=g\",\"caption\":\"Toldi-Media&amp;Web\u00a9\"},\"url\":\"https:\/\/nagykokenyes.hu\/?author=3\"}]}<\/script>\n<!-- \/ Yoast SEO plugin. -->","yoast_head_json":{"title":"Az ORFK RFI \u00fcgyeleti f\u0151oszt\u00e1ly 112-es h\u00edrlevele - Nagyk\u00f6k\u00e9nyes K\u00f6zs\u00e9g \u00d6nkorm\u00e1nyzata","robots":{"index":"index","follow":"follow","max-snippet":"max-snippet:-1","max-image-preview":"max-image-preview:large","max-video-preview":"max-video-preview:-1"},"canonical":"https:\/\/nagykokenyes.hu\/?p=5533","og_locale":"hu_HU","og_type":"article","og_title":"Az ORFK RFI \u00fcgyeleti f\u0151oszt\u00e1ly 112-es h\u00edrlevele - Nagyk\u00f6k\u00e9nyes K\u00f6zs\u00e9g \u00d6nkorm\u00e1nyzata","og_description":"2022. augusztus 27-\u00e9n tartotta \u2013 k\u00e9t \u00e9v kihagy\u00e1s ut\u00e1n \u2013 az Orsz\u00e1gos Ment\u0151szolg\u00e1lat csal\u00e1di napj\u00e1t a V\u00e1rosligetben, amelyre id\u00e9n els\u0151 alkalommal az Orsz\u00e1gos Rend\u0151r-f\u0151kapit\u00e1nys\u00e1g \u00dcgyeleti F\u0151oszt\u00e1ly is megh\u00edv\u00e1st kapott. C\u00e9lunk els\u0151sorban a h\u00edv\u00e1sfogad\u00f3 k\u00f6zpontok munk\u00e1j\u00e1nak hiteles bemutat\u00e1sa, a seg\u00e9lyh\u00edv\u00f3sz\u00e1mok rendeltet\u00e9sszer\u0171 haszn\u00e1lat\u00e1ra t\u00f6rt\u00e9n\u0151 figyelemfelh\u00edv\u00e1s volt. A rendezv\u00e9nyen \u00f6sszesen k\u00f6zel 5 500 f\u0151 vett r\u00e9szt. R\u00e9szletek ITT. [&hellip;]","og_url":"https:\/\/nagykokenyes.hu\/?p=5533","og_site_name":"Nagyk\u00f6k\u00e9nyes K\u00f6zs\u00e9g \u00d6nkorm\u00e1nyzata","article_published_time":"2022-09-05T15:36:17+00:00","article_modified_time":"2022-09-05T15:38:17+00:00","author":"Toldi-Media&amp;Web\u00a9","twitter_card":"summary_large_image","twitter_misc":{"Szerz\u0151:":"Toldi-Media&amp;Web\u00a9","Becs\u00fclt olvas\u00e1si id\u0151":"1 perc"},"schema":{"@context":"https:\/\/schema.org","@graph":[{"@type":"WebPage","@id":"https:\/\/nagykokenyes.hu\/?p=5533","url":"https:\/\/nagykokenyes.hu\/?p=5533","name":"Az ORFK RFI \u00fcgyeleti f\u0151oszt\u00e1ly 112-es h\u00edrlevele - Nagyk\u00f6k\u00e9nyes K\u00f6zs\u00e9g \u00d6nkorm\u00e1nyzata","isPartOf":{"@id":"https:\/\/nagykokenyes.hu\/#website"},"datePublished":"2022-09-05T15:36:17+00:00","dateModified":"2022-09-05T15:38:17+00:00","author":{"@id":"https:\/\/nagykokenyes.hu\/#\/schema\/person\/91a03ceb98215334e96f799e0fbcb3be"},"breadcrumb":{"@id":"https:\/\/nagykokenyes.hu\/?p=5533#breadcrumb"},"inLanguage":"hu","potentialAction":[{"@type":"ReadAction","target":["https:\/\/nagykokenyes.hu\/?p=5533"]}]},{"@type":"BreadcrumbList","@id":"https:\/\/nagykokenyes.hu\/?p=5533#breadcrumb","itemListElement":[{"@type":"ListItem","position":1,"name":"Kezd\u0151lap","item":"https:\/\/nagykokenyes.hu\/"},{"@type":"ListItem","position":2,"name":"Az ORFK RFI \u00fcgyeleti f\u0151oszt\u00e1ly 112-es h\u00edrlevele"}]},{"@type":"WebSite","@id":"https:\/\/nagykokenyes.hu\/#website","url":"https:\/\/nagykokenyes.hu\/","name":"Nagyk\u00f6k\u00e9nyes K\u00f6zs\u00e9g \u00d6nkorm\u00e1nyzata","description":"","potentialAction":[{"@type":"SearchAction","target":{"@type":"EntryPoint","urlTemplate":"https:\/\/nagykokenyes.hu\/?s={search_term_string}"},"query-input":{"@type":"PropertyValueSpecification","valueRequired":true,"valueName":"search_term_string"}}],"inLanguage":"hu"},{"@type":"Person","@id":"https:\/\/nagykokenyes.hu\/#\/schema\/person\/91a03ceb98215334e96f799e0fbcb3be","name":"Toldi-Media&amp;Web\u00a9","image":{"@type":"ImageObject","inLanguage":"hu","@id":"https:\/\/nagykokenyes.hu\/#\/schema\/person\/image\/","url":"https:\/\/secure.gravatar.com\/avatar\/adc3df0c265574e995fc88e9d5fca046c2077c4ac097b10c58e854f5d7ae42ac?s=96&d=mm&r=g","contentUrl":"https:\/\/secure.gravatar.com\/avatar\/adc3df0c265574e995fc88e9d5fca046c2077c4ac097b10c58e854f5d7ae42ac?s=96&d=mm&r=g","caption":"Toldi-Media&amp;Web\u00a9"},"url":"https:\/\/nagykokenyes.hu\/?author=3"}]}},"_links":{"self":[{"href":"https:\/\/nagykokenyes.hu\/index.php?rest_route=\/wp\/v2\/posts\/5533","targetHints":{"allow":["GET"]}}],"collection":[{"href":"https:\/\/nagykokenyes.hu\/index.php?rest_route=\/wp\/v2\/posts"}],"about":[{"href":"https:\/\/nagykokenyes.hu\/index.php?rest_route=\/wp\/v2\/types\/post"}],"author":[{"embeddable":true,"href":"https:\/\/nagykokenyes.hu\/index.php?rest_route=\/wp\/v2\/users\/3"}],"replies":[{"embeddable":true,"href":"https:\/\/nagykokenyes.hu\/index.php?rest_route=%2Fwp%2Fv2%2Fcomments&post=5533"}],"version-history":[{"count":3,"href":"https:\/\/nagykokenyes.hu\/index.php?rest_route=\/wp\/v2\/posts\/5533\/revisions"}],"predecessor-version":[{"id":5538,"href":"https:\/\/nagykokenyes.hu\/index.php?rest_route=\/wp\/v2\/posts\/5533\/revisions\/5538"}],"wp:attachment":[{"href":"https:\/\/nagykokenyes.hu\/index.php?rest_route=%2Fwp%2Fv2%2Fmedia&parent=5533"}],"wp:term":[{"taxonomy":"category","embeddable":true,"href":"https:\/\/nagykokenyes.hu\/index.php?rest_route=%2Fwp%2Fv2%2Fcategories&post=5533"},{"taxonomy":"post_tag","embeddable":true,"href":"https:\/\/nagykokenyes.hu\/index.php?rest_route=%2Fwp%2Fv2%2Ftags&post=5533"}],"curies":[{"name":"wp","href":"https:\/\/api.w.org\/{rel}","templated":true}]}}