{"id":5672,"date":"2022-09-28T17:56:14","date_gmt":"2022-09-28T15:56:14","guid":{"rendered":"https:\/\/nagykokenyes.hu\/?p=5672"},"modified":"2022-09-28T17:56:14","modified_gmt":"2022-09-28T15:56:14","slug":"a-magyar-kiralyi-sator-nagykokenyesen","status":"publish","type":"post","link":"https:\/\/nagykokenyes.hu\/?p=5672","title":{"rendered":"A magyar kir\u00e1lyi s\u00e1tor Nagyk\u00f6k\u00e9nyesen"},"content":{"rendered":"<div id='gallery-1' class='gallery galleryid-5672 gallery-columns-6 gallery-size-thumbnail'><figure class='gallery-item'>\n\t\t\t<div class='gallery-icon landscape'>\n\t\t\t\t<a href='https:\/\/nagykokenyes.hu\/wp-content\/uploads\/2022\/09\/IMG_8164.jpg'><img loading=\"lazy\" decoding=\"async\" width=\"150\" height=\"150\" src=\"https:\/\/nagykokenyes.hu\/wp-content\/uploads\/2022\/09\/IMG_8164-150x150.jpg\" class=\"attachment-thumbnail size-thumbnail\" alt=\"\" \/><\/a>\n\t\t\t<\/div><\/figure><figure class='gallery-item'>\n\t\t\t<div class='gallery-icon landscape'>\n\t\t\t\t<a href='https:\/\/nagykokenyes.hu\/wp-content\/uploads\/2022\/09\/IMG_8171.jpg'><img loading=\"lazy\" decoding=\"async\" width=\"150\" height=\"150\" src=\"https:\/\/nagykokenyes.hu\/wp-content\/uploads\/2022\/09\/IMG_8171-150x150.jpg\" class=\"attachment-thumbnail size-thumbnail\" alt=\"\" \/><\/a>\n\t\t\t<\/div><\/figure><figure class='gallery-item'>\n\t\t\t<div class='gallery-icon landscape'>\n\t\t\t\t<a href='https:\/\/nagykokenyes.hu\/wp-content\/uploads\/2022\/09\/IMG_8172.jpg'><img loading=\"lazy\" decoding=\"async\" width=\"150\" height=\"150\" src=\"https:\/\/nagykokenyes.hu\/wp-content\/uploads\/2022\/09\/IMG_8172-150x150.jpg\" class=\"attachment-thumbnail size-thumbnail\" alt=\"\" \/><\/a>\n\t\t\t<\/div><\/figure><figure class='gallery-item'>\n\t\t\t<div class='gallery-icon landscape'>\n\t\t\t\t<a href='https:\/\/nagykokenyes.hu\/wp-content\/uploads\/2022\/09\/IMG_8180.jpg'><img loading=\"lazy\" decoding=\"async\" width=\"150\" height=\"150\" src=\"https:\/\/nagykokenyes.hu\/wp-content\/uploads\/2022\/09\/IMG_8180-150x150.jpg\" class=\"attachment-thumbnail size-thumbnail\" alt=\"\" \/><\/a>\n\t\t\t<\/div><\/figure><figure class='gallery-item'>\n\t\t\t<div class='gallery-icon landscape'>\n\t\t\t\t<a href='https:\/\/nagykokenyes.hu\/wp-content\/uploads\/2022\/09\/IMG_8161.jpg'><img loading=\"lazy\" decoding=\"async\" width=\"150\" height=\"150\" src=\"https:\/\/nagykokenyes.hu\/wp-content\/uploads\/2022\/09\/IMG_8161-150x150.jpg\" class=\"attachment-thumbnail size-thumbnail\" alt=\"\" \/><\/a>\n\t\t\t<\/div><\/figure><figure class='gallery-item'>\n\t\t\t<div class='gallery-icon landscape'>\n\t\t\t\t<a href='https:\/\/nagykokenyes.hu\/wp-content\/uploads\/2022\/09\/IMG_8248.jpg'><img loading=\"lazy\" decoding=\"async\" width=\"150\" height=\"150\" src=\"https:\/\/nagykokenyes.hu\/wp-content\/uploads\/2022\/09\/IMG_8248-150x150.jpg\" class=\"attachment-thumbnail size-thumbnail\" alt=\"\" \/><\/a>\n\t\t\t<\/div><\/figure>\n\t\t<\/div>\n\n<p align=\"justify\"><span style=\"color: #3e464e;\"><span style=\"font-family: Open Sans, serif;\"><span><span lang=\"en-US\">A <strong>M\u00faltb\u00f3l a J\u00f6v\u0151be Alap\u00edtv\u00e1ny<\/strong><\/span><\/span><\/span><\/span><span style=\"color: #3e464e;\"><span style=\"font-family: Open Sans, serif;\"><span><span lang=\"en-US\">\u00a02013 \u00f3ta\u00a0<\/span><\/span><\/span><\/span><span style=\"color: #3e464e;\"><span style=\"font-family: Open Sans, serif;\"><span><span lang=\"en-US\">foglalkozik magyar<\/span><\/span><\/span><\/span><span style=\"color: #3e464e;\"><span style=\"font-family: Open Sans, serif;\"><span><span lang=\"en-US\">\u00a0t\u00f6rt\u00e9nelmi ismeretterjeszt\u0151\u00a0<\/span><\/span><\/span><\/span><span style=\"color: #3e464e;\"><span style=\"font-family: Open Sans, serif;\"><span><span lang=\"en-US\">\u00e9s<\/span><\/span><\/span><\/span><span style=\"color: #3e464e;\"><span style=\"font-family: Open Sans, serif;\"><span><span lang=\"en-US\">\u00a0hagyom\u00e1ny\u00e1pol\u00f3 tev\u00e9kenys\u00e9g<\/span><\/span><\/span><\/span><span style=\"color: #3e464e;\"><span style=\"font-family: Open Sans, serif;\"><span><span lang=\"en-US\">gel, hogy ez\u00e1ltal is er\u0151s\u00edtse<\/span><\/span><\/span><\/span><span style=\"color: #3e464e;\"><span style=\"font-family: Open Sans, serif;\"><span><span lang=\"en-US\">\u00a0nemzeti identit\u00e1s<\/span><\/span><\/span><\/span><span style=\"color: #3e464e;\"><span style=\"font-family: Open Sans, serif;\"><span><span lang=\"en-US\">unkat, amelyre igaz\u00e1n nagy sz\u00fcks\u00e9g van a 21. sz\u00e1zad rohamosan globaliz\u00e1l\u00f3d\u00f3\u00a0<\/span><\/span><\/span><\/span><span style=\"color: #3e464e;\"><span style=\"font-family: Open Sans, serif;\"><span><span lang=\"en-US\">\u00e9s uniformiz\u00e1l\u00f3d\u00f3<\/span><\/span><\/span><\/span><span style=\"color: #3e464e;\"><span style=\"font-family: Open Sans, serif;\"><span><span lang=\"en-US\">\u00a0vil\u00e1g\u00e1ban<\/span><\/span><\/span><\/span><span style=\"color: #3e464e;\"><span style=\"font-family: Open Sans, serif;\"><span><span lang=\"en-US\">. A\u00a0<\/span><\/span><\/span><\/span><span style=\"color: #3e464e;\"><span style=\"font-family: Open Sans, serif;\"><span><span lang=\"en-US\">magyar kir\u00e1lyi\u00a0<\/span><\/span><\/span><\/span><span style=\"color: #3e464e;\"><span style=\"font-family: Open Sans, serif;\"><span><span lang=\"en-US\">s\u00e1tor rekonstrukci\u00f3j\u00e1val a k\u00f6z\u00e9pkor vil\u00e1g\u00e1t\u00a0<\/span><\/span><\/span><\/span><span style=\"color: #3e464e;\"><span style=\"font-family: Open Sans, serif;\"><span><span lang=\"en-US\">akarjuk kicsit<\/span><\/span><\/span><\/span><span style=\"color: #3e464e;\"><span style=\"font-family: Open Sans, serif;\"><span><span lang=\"en-US\">\u00a0k\u00f6zelebb hozni a mai\u00a0<\/span><\/span><\/span><\/span><span style=\"color: #3e464e;\"><span style=\"font-family: Open Sans, serif;\"><span><span lang=\"en-US\">kor\u00a0<\/span><\/span><\/span><\/span><span style=\"color: #3e464e;\"><span style=\"font-family: Open Sans, serif;\"><span><span lang=\"en-US\">ember<\/span><\/span><\/span><\/span><span style=\"color: #3e464e;\"><span style=\"font-family: Open Sans, serif;\"><span><span lang=\"en-US\">\u00e9<\/span><\/span><\/span><\/span><span style=\"color: #3e464e;\"><span style=\"font-family: Open Sans, serif;\"><span><span lang=\"en-US\">hez, hogy ne csak k\u00f6nyvekb\u0151l \u00e9s a k\u00e9perny\u0151n kereszt\u00fcl, hanem \u00e9l\u0151ben is megismerkedhessen a t\u00f6bb sz\u00e1z \u00e9vvel ezel\u0151tti\u00a0<\/span><\/span><\/span><\/span><span style=\"color: #3e464e;\"><span style=\"font-family: Open Sans, serif;\"><span><span lang=\"en-US\">vil\u00e1ggal<\/span><\/span><\/span><\/span><span style=\"color: #3e464e;\"><span style=\"font-family: Open Sans, serif;\"><span><span lang=\"en-US\">.\u00a0A\u00a0<\/span><\/span><\/span><\/span><span style=\"color: #3e464e;\"><span style=\"font-family: Open Sans, serif;\"><span><span lang=\"en-US\">kir\u00e1lyi s\u00e1tor meg\u00e9p\u00edt\u00e9s\u00e9nek konkr\u00e9t<\/span><\/span><\/span><\/span><span style=\"color: #3e464e;\"><span style=\"font-family: Open Sans, serif;\"><span><span lang=\"en-US\">\u00a0\u00f6tlet<\/span><\/span><\/span><\/span><span style=\"color: #3e464e;\"><span style=\"font-family: Open Sans, serif;\"><span><span lang=\"en-US\">\u00e9<\/span><\/span><\/span><\/span><span style=\"color: #3e464e;\"><span style=\"font-family: Open Sans, serif;\"><span><span lang=\"en-US\">t az adta, hogy a k\u00f6z\u00e9pkori magyar orsz\u00e1ggy\u0171l\u00e9seknek 1277 \u00e9s 1540 k\u00f6z\u00f6tti id\u0151szakban otthon ad\u00f3 R\u00e1kosmez\u0151 k\u00f6zponti helysz\u00edn\u00e9t, a Kir\u00e1lydombot \u2013 azt a helyet, ahol az orsz\u00e1ggy\u0171l\u00e9sre kil\u00e1togat\u00f3 kir\u00e1ly s\u00e1tra \u00e1llt \u2013 2020-ban a Magyar Orsz\u00e1ggy\u0171l\u00e9s Nemzeti Eml\u00e9khelly\u00e9 nyilv\u00e1n\u00edtotta,\u00a0<\/span><\/span><\/span><\/span><span style=\"color: #3e464e;\"><span style=\"font-family: Open Sans, serif;\"><span><span lang=\"en-US\">s szerett\u00fck volna, ha ez a szimbolikus \u00e9p\u00edtm\u00e9ny \u2013 a kir\u00e1ly s\u00e1tra \u2013 nem csak a t\u00f6rv\u00e9nyben, hanem a val\u00f3 mivoltj\u00e1ban is megjelenne<\/span><\/span><\/span><\/span><span style=\"color: #3e464e;\"><span style=\"font-family: Open Sans, serif;\"><span><span lang=\"en-US\">.<\/span><\/span><\/span><\/span><\/p>\n<p align=\"justify\"><span style=\"color: #3e464e;\"><span style=\"font-family: Open Sans, serif;\"><span><span lang=\"en-US\">A\u00a0<\/span><\/span><\/span><\/span><span style=\"color: #3e464e;\"><span style=\"font-family: Open Sans, serif;\"><span><span lang=\"en-US\">k\u00f6z\u00e9pkori magyar kir\u00e1lyi s\u00e1t<\/span><\/span><\/span><\/span><span style=\"color: #3e464e;\"><span style=\"font-family: Open Sans, serif;\"><span><span lang=\"en-US\">or konkr\u00e9t kin\u00e9zet\u00e9r\u0151l nagyon kev\u00e9s forr\u00e1s sz\u00f3l<\/span><\/span><\/span><\/span><span style=\"color: #3e464e;\"><span style=\"font-family: Open Sans, serif;\"><span><span lang=\"en-US\">. A K\u00e9pes Kr\u00f3nik<\/span><\/span><\/span><\/span><span style=\"color: #3e464e;\"><span style=\"font-family: Open Sans, serif;\"><span><span lang=\"en-US\">a<\/span><\/span><\/span><\/span><span style=\"color: #3e464e;\"><span style=\"font-family: Open Sans, serif;\"><span><span lang=\"en-US\">\u00a0IV. (Kun) L\u00e1szl\u00f3 kir\u00e1ly hal\u00e1l\u00e1t s\u00e1torban \u00e1br\u00e1zol<\/span><\/span><\/span><\/span><span style=\"color: #3e464e;\"><span style=\"font-family: Open Sans, serif;\"><span><span lang=\"en-US\">ja<\/span><\/span><\/span><\/span><span style=\"color: #3e464e;\"><span style=\"font-family: Open Sans, serif;\"><span><span lang=\"en-US\">. E<\/span><\/span><\/span><\/span><span style=\"color: #3e464e;\"><span style=\"font-family: Open Sans, serif;\"><span><span lang=\"en-US\">nnek a<\/span><\/span><\/span><\/span><span style=\"color: #3e464e;\"><span style=\"font-family: Open Sans, serif;\"><span><span lang=\"en-US\">\u00a0s\u00e1tor<\/span><\/span><\/span><\/span><span style=\"color: #3e464e;\"><span style=\"font-family: Open Sans, serif;\"><span><span lang=\"en-US\">nak<\/span><\/span><\/span><\/span><span style=\"color: #3e464e;\"><span style=\"font-family: Open Sans, serif;\"><span><span lang=\"en-US\">\u00a0k\u00f6r alak<\/span><\/span><\/span><\/span><span style=\"color: #3e464e;\"><span style=\"font-family: Open Sans, serif;\"><span><span lang=\"en-US\">ja<\/span><\/span><\/span><\/span><span style=\"color: #3e464e;\"><span style=\"font-family: Open Sans, serif;\"><span><span lang=\"en-US\">\u00a0volt, cs\u00facsos tetej<\/span><\/span><\/span><\/span><span style=\"color: #3e464e;\"><span style=\"font-family: Open Sans, serif;\"><span><span lang=\"en-US\">e<\/span><\/span><\/span><\/span><span style=\"color: #3e464e;\"><span style=\"font-family: Open Sans, serif;\"><span><span lang=\"en-US\">\u00a0\u00e9s\u00a0<\/span><\/span><\/span><\/span><span style=\"color: #3e464e;\"><span style=\"font-family: Open Sans, serif;\"><span><span lang=\"en-US\">k\u00edv\u00fclr\u0151l\u00a0<\/span><\/span><\/span><\/span><span style=\"color: #3e464e;\"><span style=\"font-family: Open Sans, serif;\"><span><span lang=\"en-US\">a kir\u00e1lyi c\u00edmer d\u00edsz\u00edtette. A Thur\u00f3czy-kr\u00f3nik<\/span><\/span><\/span><\/span><span style=\"color: #3e464e;\"><span style=\"font-family: Open Sans, serif;\"><span><span lang=\"en-US\">\u00e1ban\u00a0<\/span><\/span><\/span><\/span><span style=\"color: #3e464e;\"><span style=\"font-family: Open Sans, serif;\"><span><span lang=\"en-US\">I. Andr\u00e1s kir\u00e1ly szint\u00e9n\u00a0<\/span><\/span><\/span><\/span><span style=\"color: #3e464e;\"><span style=\"font-family: Open Sans, serif;\"><span><span lang=\"en-US\">hasonl\u00f3,<\/span><\/span><\/span><\/span><span style=\"color: #3e464e;\"><span style=\"font-family: Open Sans, serif;\"><span><span lang=\"en-US\">\u00a0kerek, cs\u00facsos tetej\u0171 s\u00e1torban tr\u00f3nol.\u00a0<\/span><\/span><\/span><\/span><span style=\"color: #3e464e;\"><span style=\"font-family: Open Sans, serif;\"><span><span lang=\"en-US\">A\u00a0<\/span><\/span><\/span><\/span><span style=\"color: #3e464e;\"><span style=\"font-family: Open Sans, serif;\"><span><span lang=\"en-US\">s\u00e1tornak er\u0151snek, az id\u0151j\u00e1r\u00e1s viszontags\u00e1gait j\u00f3l visel\u0151 anyagnak kellett lennie.\u00a0<\/span><\/span><\/span><\/span><span style=\"color: #3e464e;\"><span style=\"font-family: Open Sans, serif;\"><span><span lang=\"en-US\">A s\u00e1tor anyaga<\/span><\/span><\/span><\/span><span style=\"color: #3e464e;\"><span style=\"font-family: Open Sans, serif;\"><span><span lang=\"en-US\">\u00a0lenv\u00e1szon\u00a0<\/span><\/span><\/span><\/span><span style=\"color: #3e464e;\"><span style=\"font-family: Open Sans, serif;\"><span><span lang=\"en-US\">volt, rekonstru\u00e1lt ut\u00f3dj\u00e1\u00e9 pedig<\/span><\/span><\/span><\/span><span style=\"color: #3e464e;\"><span style=\"font-family: Open Sans, serif;\"><span><span lang=\"en-US\">\u00a0impregn\u00e1lt lenv\u00e1szon, ami\u00a0<\/span><\/span><\/span><\/span><span style=\"color: #3e464e;\"><span style=\"font-family: Open Sans, serif;\"><span><span lang=\"en-US\">m\u00e9g ellen\u00e1ll\u00f3bb a k\u00f6rnyezeti hat\u00e1sokkal szemben<\/span><\/span><\/span><\/span><span style=\"color: #3e464e;\"><span style=\"font-family: Open Sans, serif;\"><span><span lang=\"en-US\">. Az \u00e9p\u00edt\u00e9s<\/span><\/span><\/span><\/span><span style=\"color: #3e464e;\"><span style=\"font-family: Open Sans, serif;\"><span><span lang=\"en-US\">t<\/span><\/span><\/span><\/span><span style=\"color: #3e464e;\"><span style=\"font-family: Open Sans, serif;\"><span><span lang=\"en-US\">, bont\u00e1s<\/span><\/span><\/span><\/span><span style=\"color: #3e464e;\"><span style=\"font-family: Open Sans, serif;\"><span><span lang=\"en-US\">t<\/span><\/span><\/span><\/span><span style=\"color: #3e464e;\"><span style=\"font-family: Open Sans, serif;\"><span><span lang=\"en-US\">\u00a0\u00e9s a sz\u00e1ll\u00edt\u00e1s<\/span><\/span><\/span><\/span><span style=\"color: #3e464e;\"><span style=\"font-family: Open Sans, serif;\"><span><span lang=\"en-US\">t<\/span><\/span><\/span><\/span><span style=\"color: #3e464e;\"><span style=\"font-family: Open Sans, serif;\"><span><span lang=\"en-US\">\u00a0<\/span><\/span><\/span><\/span><span style=\"color: #3e464e;\"><span style=\"font-family: Open Sans, serif;\"><span><span lang=\"en-US\">k\u00f6z\u00e9pkori\u00a0<\/span><\/span><\/span><\/span><span style=\"color: #3e464e;\"><span style=\"font-family: Open Sans, serif;\"><span><span lang=\"en-US\">hagyom\u00e1ny\u0151rz\u0151<\/span><\/span><\/span><\/span><span style=\"color: #3e464e;\"><span style=\"font-family: Open Sans, serif;\"><span><span lang=\"en-US\">k v\u00e9gzik.\u00a0<\/span><\/span><\/span><\/span><span style=\"color: #3e464e;\"><span style=\"font-family: Open Sans, serif;\"><span><span lang=\"en-US\">Az alap\u00edtv\u00e1ny \u00e1ltal k\u00e9sz\u00edttetett s\u00e1tor a r\u00e9giekhez hasonl\u00f3an 80 m2 alapter\u00fclet\u0171 \u00e9s 10 m magas.\u00a0<\/span><\/span><\/span><\/span><span style=\"color: #3e464e;\"><span style=\"font-family: Open Sans, serif;\"><span><span lang=\"en-US\">Elk\u00e9sz\u00edt\u00e9se n<\/span><\/span><\/span><\/span><span style=\"color: #3e464e;\"><span style=\"font-family: Open Sans, serif;\"><span><span lang=\"en-US\">em kis befektet\u00e9s\u00a0<\/span><\/span><\/span><\/span><span style=\"color: #3e464e;\"><span style=\"font-family: Open Sans, serif;\"><span><span lang=\"en-US\">volt<\/span><\/span><\/span><\/span><span style=\"color: #3e464e;\"><span style=\"font-family: Open Sans, serif;\"><span><span lang=\"en-US\">, mint ahogy az sem, hogy elsz\u00e1ll\u00edtsuk \u00e9s fel\u00e1ll\u00edtsuk a K\u00e1rp\u00e1t-medence k\u00fcl\u00f6nb\u00f6z\u0151\u00a0<\/span><\/span><\/span><\/span><span style=\"color: #3e464e;\"><span style=\"font-family: Open Sans, serif;\"><span><span lang=\"en-US\">rendezv\u00e9nyein<\/span><\/span><\/span><\/span><span style=\"color: #3e464e;\"><span style=\"font-family: Open Sans, serif;\"><span><span lang=\"en-US\">. Minde<\/span><\/span><\/span><\/span><span style=\"color: #3e464e;\"><span style=\"font-family: Open Sans, serif;\"><span><span lang=\"en-US\">z<\/span><\/span><\/span><\/span><span style=\"color: #3e464e;\"><span style=\"font-family: Open Sans, serif;\"><span><span lang=\"en-US\">\u00a0a Nemzeti Kultur\u00e1lis Alap t\u00e1mogat\u00e1s\u00e1val\u00a0<\/span><\/span><\/span><\/span><span style=\"color: #3e464e;\"><span style=\"font-family: Open Sans, serif;\"><span><span lang=\"en-US\">val\u00f3sulhatott meg<\/span><\/span><\/span><\/span><span style=\"color: #3e464e;\"><span style=\"font-family: Open Sans, serif;\"><span><span lang=\"en-US\">,\u00a0<\/span><\/span><\/span><\/span><span style=\"color: #3e464e;\"><span style=\"font-family: Open Sans, serif;\"><span><span lang=\"en-US\">s s<\/span><\/span><\/span><\/span><span style=\"color: #3e464e;\"><span style=\"font-family: Open Sans, serif;\"><span><span lang=\"en-US\">z\u00e1nd\u00e9kunk szerint\u00a0<\/span><\/span><\/span><\/span><span style=\"color: #3e464e;\"><span style=\"font-family: Open Sans, serif;\"><span><span lang=\"en-US\">a j\u00f6v\u0151ben is min\u00e9l\u00a0<\/span><\/span><\/span><\/span><span style=\"color: #3e464e;\"><span style=\"font-family: Open Sans, serif;\"><span><span lang=\"en-US\">t\u00f6bb olyan, t\u00f6rt\u00e9nelmet id\u00e9z\u0151, hagyom\u00e1ny\u0151rz\u0151 rendezv\u00e9ny<\/span><\/span><\/span><\/span><span style=\"color: #3e464e;\"><span style=\"font-family: Open Sans, serif;\"><span><span lang=\"en-US\">re<\/span><\/span><\/span><\/span><span style=\"color: #3e464e;\"><span style=\"font-family: Open Sans, serif;\"><span><span lang=\"en-US\">\u00a0szeretn\u00e9nk\u00a0<\/span><\/span><\/span><\/span><span style=\"color: #3e464e;\"><span style=\"font-family: Open Sans, serif;\"><span><span lang=\"en-US\">elvinni<\/span><\/span><\/span><\/span><span style=\"color: #3e464e;\"><span style=\"font-family: Open Sans, serif;\"><span><span lang=\"en-US\">, ahol az ismeretterjeszt\u00e9s \u00e9s\u00a0<\/span><\/span><\/span><\/span><span style=\"color: #3e464e;\"><span style=\"font-family: Open Sans, serif;\"><span><span lang=\"en-US\">a nemzeti\u00a0<\/span><\/span><\/span><\/span><span style=\"color: #3e464e;\"><span style=\"font-family: Open Sans, serif;\"><span><span lang=\"en-US\">\u00f6nazonoss\u00e1g \u00e9p\u00edt\u00e9s<\/span><\/span><\/span><\/span><span style=\"color: #3e464e;\"><span style=\"font-family: Open Sans, serif;\"><span><span lang=\"en-US\">e<\/span><\/span><\/span><\/span><span style=\"color: #3e464e;\"><span style=\"font-family: Open Sans, serif;\"><span><span lang=\"en-US\">\u00a0a c\u00e9l.<\/span><\/span><\/span><\/span><\/p>\n<p>&nbsp;<\/p>\n","protected":false},"excerpt":{"rendered":"<p>A M\u00faltb\u00f3l a J\u00f6v\u0151be Alap\u00edtv\u00e1ny\u00a02013 \u00f3ta\u00a0foglalkozik magyar\u00a0t\u00f6rt\u00e9nelmi ismeretterjeszt\u0151\u00a0\u00e9s\u00a0hagyom\u00e1ny\u00e1pol\u00f3 tev\u00e9kenys\u00e9ggel, hogy ez\u00e1ltal is er\u0151s\u00edtse\u00a0nemzeti identit\u00e1sunkat, amelyre igaz\u00e1n nagy sz\u00fcks\u00e9g van a 21. sz\u00e1zad rohamosan globaliz\u00e1l\u00f3d\u00f3\u00a0\u00e9s uniformiz\u00e1l\u00f3d\u00f3\u00a0vil\u00e1g\u00e1ban. A\u00a0magyar kir\u00e1lyi\u00a0s\u00e1tor rekonstrukci\u00f3j\u00e1val a k\u00f6z\u00e9pkor vil\u00e1g\u00e1t\u00a0akarjuk kicsit\u00a0k\u00f6zelebb hozni a mai\u00a0kor\u00a0ember\u00e9hez, hogy ne csak k\u00f6nyvekb\u0151l \u00e9s a k\u00e9perny\u0151n kereszt\u00fcl, hanem \u00e9l\u0151ben is megismerkedhessen a t\u00f6bb sz\u00e1z \u00e9vvel ezel\u0151tti\u00a0vil\u00e1ggal.\u00a0A\u00a0kir\u00e1lyi s\u00e1tor meg\u00e9p\u00edt\u00e9s\u00e9nek konkr\u00e9t\u00a0\u00f6tlet\u00e9t [&hellip;]<\/p>\n","protected":false},"author":3,"featured_media":0,"comment_status":"closed","ping_status":"closed","sticky":false,"template":"","format":"standard","meta":{"footnotes":""},"categories":[1],"tags":[],"class_list":["post-5672","post","type-post","status-publish","format-standard","hentry","category-egyeb"],"yoast_head":"<!-- This site is optimized with the Yoast SEO plugin v26.5 - https:\/\/yoast.com\/wordpress\/plugins\/seo\/ -->\n<title>A magyar kir\u00e1lyi s\u00e1tor Nagyk\u00f6k\u00e9nyesen - Nagyk\u00f6k\u00e9nyes K\u00f6zs\u00e9g \u00d6nkorm\u00e1nyzata<\/title>\n<meta name=\"robots\" content=\"index, follow, max-snippet:-1, max-image-preview:large, max-video-preview:-1\" \/>\n<link rel=\"canonical\" href=\"https:\/\/nagykokenyes.hu\/?p=5672\" \/>\n<meta property=\"og:locale\" content=\"hu_HU\" \/>\n<meta property=\"og:type\" content=\"article\" \/>\n<meta property=\"og:title\" content=\"A magyar kir\u00e1lyi s\u00e1tor Nagyk\u00f6k\u00e9nyesen - Nagyk\u00f6k\u00e9nyes K\u00f6zs\u00e9g \u00d6nkorm\u00e1nyzata\" \/>\n<meta property=\"og:description\" content=\"A M\u00faltb\u00f3l a J\u00f6v\u0151be Alap\u00edtv\u00e1ny\u00a02013 \u00f3ta\u00a0foglalkozik magyar\u00a0t\u00f6rt\u00e9nelmi ismeretterjeszt\u0151\u00a0\u00e9s\u00a0hagyom\u00e1ny\u00e1pol\u00f3 tev\u00e9kenys\u00e9ggel, hogy ez\u00e1ltal is er\u0151s\u00edtse\u00a0nemzeti identit\u00e1sunkat, amelyre igaz\u00e1n nagy sz\u00fcks\u00e9g van a 21. sz\u00e1zad rohamosan globaliz\u00e1l\u00f3d\u00f3\u00a0\u00e9s uniformiz\u00e1l\u00f3d\u00f3\u00a0vil\u00e1g\u00e1ban. A\u00a0magyar kir\u00e1lyi\u00a0s\u00e1tor rekonstrukci\u00f3j\u00e1val a k\u00f6z\u00e9pkor vil\u00e1g\u00e1t\u00a0akarjuk kicsit\u00a0k\u00f6zelebb hozni a mai\u00a0kor\u00a0ember\u00e9hez, hogy ne csak k\u00f6nyvekb\u0151l \u00e9s a k\u00e9perny\u0151n kereszt\u00fcl, hanem \u00e9l\u0151ben is megismerkedhessen a t\u00f6bb sz\u00e1z \u00e9vvel ezel\u0151tti\u00a0vil\u00e1ggal.\u00a0A\u00a0kir\u00e1lyi s\u00e1tor meg\u00e9p\u00edt\u00e9s\u00e9nek konkr\u00e9t\u00a0\u00f6tlet\u00e9t [&hellip;]\" \/>\n<meta property=\"og:url\" content=\"https:\/\/nagykokenyes.hu\/?p=5672\" \/>\n<meta property=\"og:site_name\" content=\"Nagyk\u00f6k\u00e9nyes K\u00f6zs\u00e9g \u00d6nkorm\u00e1nyzata\" \/>\n<meta property=\"article:published_time\" content=\"2022-09-28T15:56:14+00:00\" \/>\n<meta property=\"og:image\" content=\"https:\/\/nagykokenyes.hu\/wp-content\/uploads\/2022\/09\/IMG_8164-150x150.jpg\" \/>\n<meta name=\"author\" content=\"Toldi-Media&amp;Web\u00a9\" \/>\n<meta name=\"twitter:card\" content=\"summary_large_image\" \/>\n<meta name=\"twitter:label1\" content=\"Szerz\u0151:\" \/>\n\t<meta name=\"twitter:data1\" content=\"Toldi-Media&amp;Web\u00a9\" \/>\n\t<meta name=\"twitter:label2\" content=\"Becs\u00fclt olvas\u00e1si id\u0151\" \/>\n\t<meta name=\"twitter:data2\" content=\"2 perc\" \/>\n<script type=\"application\/ld+json\" class=\"yoast-schema-graph\">{\"@context\":\"https:\/\/schema.org\",\"@graph\":[{\"@type\":\"WebPage\",\"@id\":\"https:\/\/nagykokenyes.hu\/?p=5672\",\"url\":\"https:\/\/nagykokenyes.hu\/?p=5672\",\"name\":\"A magyar kir\u00e1lyi s\u00e1tor Nagyk\u00f6k\u00e9nyesen - Nagyk\u00f6k\u00e9nyes K\u00f6zs\u00e9g \u00d6nkorm\u00e1nyzata\",\"isPartOf\":{\"@id\":\"https:\/\/nagykokenyes.hu\/#website\"},\"datePublished\":\"2022-09-28T15:56:14+00:00\",\"author\":{\"@id\":\"https:\/\/nagykokenyes.hu\/#\/schema\/person\/91a03ceb98215334e96f799e0fbcb3be\"},\"breadcrumb\":{\"@id\":\"https:\/\/nagykokenyes.hu\/?p=5672#breadcrumb\"},\"inLanguage\":\"hu\",\"potentialAction\":[{\"@type\":\"ReadAction\",\"target\":[\"https:\/\/nagykokenyes.hu\/?p=5672\"]}]},{\"@type\":\"BreadcrumbList\",\"@id\":\"https:\/\/nagykokenyes.hu\/?p=5672#breadcrumb\",\"itemListElement\":[{\"@type\":\"ListItem\",\"position\":1,\"name\":\"Kezd\u0151lap\",\"item\":\"https:\/\/nagykokenyes.hu\/\"},{\"@type\":\"ListItem\",\"position\":2,\"name\":\"A magyar kir\u00e1lyi s\u00e1tor Nagyk\u00f6k\u00e9nyesen\"}]},{\"@type\":\"WebSite\",\"@id\":\"https:\/\/nagykokenyes.hu\/#website\",\"url\":\"https:\/\/nagykokenyes.hu\/\",\"name\":\"Nagyk\u00f6k\u00e9nyes K\u00f6zs\u00e9g \u00d6nkorm\u00e1nyzata\",\"description\":\"\",\"potentialAction\":[{\"@type\":\"SearchAction\",\"target\":{\"@type\":\"EntryPoint\",\"urlTemplate\":\"https:\/\/nagykokenyes.hu\/?s={search_term_string}\"},\"query-input\":{\"@type\":\"PropertyValueSpecification\",\"valueRequired\":true,\"valueName\":\"search_term_string\"}}],\"inLanguage\":\"hu\"},{\"@type\":\"Person\",\"@id\":\"https:\/\/nagykokenyes.hu\/#\/schema\/person\/91a03ceb98215334e96f799e0fbcb3be\",\"name\":\"Toldi-Media&amp;Web\u00a9\",\"image\":{\"@type\":\"ImageObject\",\"inLanguage\":\"hu\",\"@id\":\"https:\/\/nagykokenyes.hu\/#\/schema\/person\/image\/\",\"url\":\"https:\/\/secure.gravatar.com\/avatar\/adc3df0c265574e995fc88e9d5fca046c2077c4ac097b10c58e854f5d7ae42ac?s=96&d=mm&r=g\",\"contentUrl\":\"https:\/\/secure.gravatar.com\/avatar\/adc3df0c265574e995fc88e9d5fca046c2077c4ac097b10c58e854f5d7ae42ac?s=96&d=mm&r=g\",\"caption\":\"Toldi-Media&amp;Web\u00a9\"},\"url\":\"https:\/\/nagykokenyes.hu\/?author=3\"}]}<\/script>\n<!-- \/ Yoast SEO plugin. -->","yoast_head_json":{"title":"A magyar kir\u00e1lyi s\u00e1tor Nagyk\u00f6k\u00e9nyesen - Nagyk\u00f6k\u00e9nyes K\u00f6zs\u00e9g \u00d6nkorm\u00e1nyzata","robots":{"index":"index","follow":"follow","max-snippet":"max-snippet:-1","max-image-preview":"max-image-preview:large","max-video-preview":"max-video-preview:-1"},"canonical":"https:\/\/nagykokenyes.hu\/?p=5672","og_locale":"hu_HU","og_type":"article","og_title":"A magyar kir\u00e1lyi s\u00e1tor Nagyk\u00f6k\u00e9nyesen - Nagyk\u00f6k\u00e9nyes K\u00f6zs\u00e9g \u00d6nkorm\u00e1nyzata","og_description":"A M\u00faltb\u00f3l a J\u00f6v\u0151be Alap\u00edtv\u00e1ny\u00a02013 \u00f3ta\u00a0foglalkozik magyar\u00a0t\u00f6rt\u00e9nelmi ismeretterjeszt\u0151\u00a0\u00e9s\u00a0hagyom\u00e1ny\u00e1pol\u00f3 tev\u00e9kenys\u00e9ggel, hogy ez\u00e1ltal is er\u0151s\u00edtse\u00a0nemzeti identit\u00e1sunkat, amelyre igaz\u00e1n nagy sz\u00fcks\u00e9g van a 21. sz\u00e1zad rohamosan globaliz\u00e1l\u00f3d\u00f3\u00a0\u00e9s uniformiz\u00e1l\u00f3d\u00f3\u00a0vil\u00e1g\u00e1ban. A\u00a0magyar kir\u00e1lyi\u00a0s\u00e1tor rekonstrukci\u00f3j\u00e1val a k\u00f6z\u00e9pkor vil\u00e1g\u00e1t\u00a0akarjuk kicsit\u00a0k\u00f6zelebb hozni a mai\u00a0kor\u00a0ember\u00e9hez, hogy ne csak k\u00f6nyvekb\u0151l \u00e9s a k\u00e9perny\u0151n kereszt\u00fcl, hanem \u00e9l\u0151ben is megismerkedhessen a t\u00f6bb sz\u00e1z \u00e9vvel ezel\u0151tti\u00a0vil\u00e1ggal.\u00a0A\u00a0kir\u00e1lyi s\u00e1tor meg\u00e9p\u00edt\u00e9s\u00e9nek konkr\u00e9t\u00a0\u00f6tlet\u00e9t [&hellip;]","og_url":"https:\/\/nagykokenyes.hu\/?p=5672","og_site_name":"Nagyk\u00f6k\u00e9nyes K\u00f6zs\u00e9g \u00d6nkorm\u00e1nyzata","article_published_time":"2022-09-28T15:56:14+00:00","og_image":[{"url":"https:\/\/nagykokenyes.hu\/wp-content\/uploads\/2022\/09\/IMG_8164-150x150.jpg","type":"","width":"","height":""}],"author":"Toldi-Media&amp;Web\u00a9","twitter_card":"summary_large_image","twitter_misc":{"Szerz\u0151:":"Toldi-Media&amp;Web\u00a9","Becs\u00fclt olvas\u00e1si id\u0151":"2 perc"},"schema":{"@context":"https:\/\/schema.org","@graph":[{"@type":"WebPage","@id":"https:\/\/nagykokenyes.hu\/?p=5672","url":"https:\/\/nagykokenyes.hu\/?p=5672","name":"A magyar kir\u00e1lyi s\u00e1tor Nagyk\u00f6k\u00e9nyesen - Nagyk\u00f6k\u00e9nyes K\u00f6zs\u00e9g \u00d6nkorm\u00e1nyzata","isPartOf":{"@id":"https:\/\/nagykokenyes.hu\/#website"},"datePublished":"2022-09-28T15:56:14+00:00","author":{"@id":"https:\/\/nagykokenyes.hu\/#\/schema\/person\/91a03ceb98215334e96f799e0fbcb3be"},"breadcrumb":{"@id":"https:\/\/nagykokenyes.hu\/?p=5672#breadcrumb"},"inLanguage":"hu","potentialAction":[{"@type":"ReadAction","target":["https:\/\/nagykokenyes.hu\/?p=5672"]}]},{"@type":"BreadcrumbList","@id":"https:\/\/nagykokenyes.hu\/?p=5672#breadcrumb","itemListElement":[{"@type":"ListItem","position":1,"name":"Kezd\u0151lap","item":"https:\/\/nagykokenyes.hu\/"},{"@type":"ListItem","position":2,"name":"A magyar kir\u00e1lyi s\u00e1tor Nagyk\u00f6k\u00e9nyesen"}]},{"@type":"WebSite","@id":"https:\/\/nagykokenyes.hu\/#website","url":"https:\/\/nagykokenyes.hu\/","name":"Nagyk\u00f6k\u00e9nyes K\u00f6zs\u00e9g \u00d6nkorm\u00e1nyzata","description":"","potentialAction":[{"@type":"SearchAction","target":{"@type":"EntryPoint","urlTemplate":"https:\/\/nagykokenyes.hu\/?s={search_term_string}"},"query-input":{"@type":"PropertyValueSpecification","valueRequired":true,"valueName":"search_term_string"}}],"inLanguage":"hu"},{"@type":"Person","@id":"https:\/\/nagykokenyes.hu\/#\/schema\/person\/91a03ceb98215334e96f799e0fbcb3be","name":"Toldi-Media&amp;Web\u00a9","image":{"@type":"ImageObject","inLanguage":"hu","@id":"https:\/\/nagykokenyes.hu\/#\/schema\/person\/image\/","url":"https:\/\/secure.gravatar.com\/avatar\/adc3df0c265574e995fc88e9d5fca046c2077c4ac097b10c58e854f5d7ae42ac?s=96&d=mm&r=g","contentUrl":"https:\/\/secure.gravatar.com\/avatar\/adc3df0c265574e995fc88e9d5fca046c2077c4ac097b10c58e854f5d7ae42ac?s=96&d=mm&r=g","caption":"Toldi-Media&amp;Web\u00a9"},"url":"https:\/\/nagykokenyes.hu\/?author=3"}]}},"_links":{"self":[{"href":"https:\/\/nagykokenyes.hu\/index.php?rest_route=\/wp\/v2\/posts\/5672","targetHints":{"allow":["GET"]}}],"collection":[{"href":"https:\/\/nagykokenyes.hu\/index.php?rest_route=\/wp\/v2\/posts"}],"about":[{"href":"https:\/\/nagykokenyes.hu\/index.php?rest_route=\/wp\/v2\/types\/post"}],"author":[{"embeddable":true,"href":"https:\/\/nagykokenyes.hu\/index.php?rest_route=\/wp\/v2\/users\/3"}],"replies":[{"embeddable":true,"href":"https:\/\/nagykokenyes.hu\/index.php?rest_route=%2Fwp%2Fv2%2Fcomments&post=5672"}],"version-history":[{"count":2,"href":"https:\/\/nagykokenyes.hu\/index.php?rest_route=\/wp\/v2\/posts\/5672\/revisions"}],"predecessor-version":[{"id":5674,"href":"https:\/\/nagykokenyes.hu\/index.php?rest_route=\/wp\/v2\/posts\/5672\/revisions\/5674"}],"wp:attachment":[{"href":"https:\/\/nagykokenyes.hu\/index.php?rest_route=%2Fwp%2Fv2%2Fmedia&parent=5672"}],"wp:term":[{"taxonomy":"category","embeddable":true,"href":"https:\/\/nagykokenyes.hu\/index.php?rest_route=%2Fwp%2Fv2%2Fcategories&post=5672"},{"taxonomy":"post_tag","embeddable":true,"href":"https:\/\/nagykokenyes.hu\/index.php?rest_route=%2Fwp%2Fv2%2Ftags&post=5672"}],"curies":[{"name":"wp","href":"https:\/\/api.w.org\/{rel}","templated":true}]}}