{"id":6288,"date":"2023-03-30T09:41:41","date_gmt":"2023-03-30T07:41:41","guid":{"rendered":"https:\/\/nagykokenyes.hu\/?p=6288"},"modified":"2023-03-30T09:41:41","modified_gmt":"2023-03-30T07:41:41","slug":"fagykarok","status":"publish","type":"post","link":"https:\/\/nagykokenyes.hu\/?p=6288","title":{"rendered":"Fagyk\u00e1rok"},"content":{"rendered":"<p style=\"text-align: justify;\"><strong>A mez\u0151gazdas\u00e1got \u00e9rint\u0151 asz\u00e1ly ut\u00e1n a fagy is fokozott vesz\u00e9lyt jelent.<\/strong><\/p>\n<p>A napokban v\u00e1rhat\u00f3 \u00e9jszakai \u00e9s hajnali fagyok miatt, a fagyk\u00e1r m\u00e9rs\u00e9kl\u00e9s\u00e9re, fokozott f\u00fcstfejl\u0151d\u00e9ssel \u00e9s l\u00e1nghat\u00e1ssal j\u00e1r\u00f3 \u00fagynevezett &#8222;f\u00fcst\u00f6l\u00e9ses&#8221; technol\u00f3gi\u00e1val v\u00e9dekeznek a gazd\u00e1k. A &#8222;f\u00fcst\u00f6l\u00e9ssel&#8221; jogszab\u00e1lyt nem s\u00e9rtenek, de a mell\u00e9kelten megk\u00fcld\u00f6tt &#8222;Bejelent\u0151&#8221; lapon a tev\u00e9kenys\u00e9g megkezd\u00e9se el\u0151tt meg kell tenni a bejelent\u00e9st a Heves V\u00e1rmegyei Katasztr\u00f3fav\u00e9delmi Igazgat\u00f3s\u00e1gra. A bejelent\u00e9s m\u00f3dj\u00e1t a t\u00e1j\u00e9koztat\u00f3 tartalmazza.<\/p>\n<p>A teljes t\u00e1j\u00e9koztat\u00f3 <a href=\"https:\/\/nagykokenyes.hu\/wp-content\/uploads\/2023\/03\/A-fagy-elleni-fustoles-nem-utkozik-tuzvedelmi-szabalyba.pdf\">ITT<\/a> t\u00f6rlthet\u0151 le.<\/p>\n<p><a href=\"https:\/\/nagykokenyes.hu\/wp-content\/uploads\/2023\/03\/Fustfejlodessel-langhatassal-jaro-tevekenyseg-bejelentese-nyomtatvany.pdf\">Adatlap<\/a><\/p>\n<p>&nbsp;<\/p>\n","protected":false},"excerpt":{"rendered":"<p>A mez\u0151gazdas\u00e1got \u00e9rint\u0151 asz\u00e1ly ut\u00e1n a fagy is fokozott vesz\u00e9lyt jelent. A napokban v\u00e1rhat\u00f3 \u00e9jszakai \u00e9s hajnali fagyok miatt, a fagyk\u00e1r m\u00e9rs\u00e9kl\u00e9s\u00e9re, fokozott f\u00fcstfejl\u0151d\u00e9ssel \u00e9s l\u00e1nghat\u00e1ssal j\u00e1r\u00f3 \u00fagynevezett &#8222;f\u00fcst\u00f6l\u00e9ses&#8221; technol\u00f3gi\u00e1val v\u00e9dekeznek a gazd\u00e1k. A &#8222;f\u00fcst\u00f6l\u00e9ssel&#8221; jogszab\u00e1lyt nem s\u00e9rtenek, de a mell\u00e9kelten megk\u00fcld\u00f6tt &#8222;Bejelent\u0151&#8221; lapon a tev\u00e9kenys\u00e9g megkezd\u00e9se el\u0151tt meg kell tenni a bejelent\u00e9st a Heves [&hellip;]<\/p>\n","protected":false},"author":3,"featured_media":0,"comment_status":"closed","ping_status":"closed","sticky":false,"template":"","format":"standard","meta":{"footnotes":""},"categories":[1],"tags":[],"class_list":["post-6288","post","type-post","status-publish","format-standard","hentry","category-egyeb"],"yoast_head":"<!-- This site is optimized with the Yoast SEO plugin v26.5 - https:\/\/yoast.com\/wordpress\/plugins\/seo\/ -->\n<title>Fagyk\u00e1rok - Nagyk\u00f6k\u00e9nyes K\u00f6zs\u00e9g \u00d6nkorm\u00e1nyzata<\/title>\n<meta name=\"robots\" content=\"index, follow, max-snippet:-1, max-image-preview:large, max-video-preview:-1\" \/>\n<link rel=\"canonical\" href=\"https:\/\/nagykokenyes.hu\/?p=6288\" \/>\n<meta property=\"og:locale\" content=\"hu_HU\" \/>\n<meta property=\"og:type\" content=\"article\" \/>\n<meta property=\"og:title\" content=\"Fagyk\u00e1rok - Nagyk\u00f6k\u00e9nyes K\u00f6zs\u00e9g \u00d6nkorm\u00e1nyzata\" \/>\n<meta property=\"og:description\" content=\"A mez\u0151gazdas\u00e1got \u00e9rint\u0151 asz\u00e1ly ut\u00e1n a fagy is fokozott vesz\u00e9lyt jelent. A napokban v\u00e1rhat\u00f3 \u00e9jszakai \u00e9s hajnali fagyok miatt, a fagyk\u00e1r m\u00e9rs\u00e9kl\u00e9s\u00e9re, fokozott f\u00fcstfejl\u0151d\u00e9ssel \u00e9s l\u00e1nghat\u00e1ssal j\u00e1r\u00f3 \u00fagynevezett &#8222;f\u00fcst\u00f6l\u00e9ses&#8221; technol\u00f3gi\u00e1val v\u00e9dekeznek a gazd\u00e1k. A &#8222;f\u00fcst\u00f6l\u00e9ssel&#8221; jogszab\u00e1lyt nem s\u00e9rtenek, de a mell\u00e9kelten megk\u00fcld\u00f6tt &#8222;Bejelent\u0151&#8221; lapon a tev\u00e9kenys\u00e9g megkezd\u00e9se el\u0151tt meg kell tenni a bejelent\u00e9st a Heves [&hellip;]\" \/>\n<meta property=\"og:url\" content=\"https:\/\/nagykokenyes.hu\/?p=6288\" \/>\n<meta property=\"og:site_name\" content=\"Nagyk\u00f6k\u00e9nyes K\u00f6zs\u00e9g \u00d6nkorm\u00e1nyzata\" \/>\n<meta property=\"article:published_time\" content=\"2023-03-30T07:41:41+00:00\" \/>\n<meta name=\"author\" content=\"Toldi-Media&amp;Web\u00a9\" \/>\n<meta name=\"twitter:card\" content=\"summary_large_image\" \/>\n<meta name=\"twitter:label1\" content=\"Szerz\u0151:\" \/>\n\t<meta name=\"twitter:data1\" content=\"Toldi-Media&amp;Web\u00a9\" \/>\n\t<meta name=\"twitter:label2\" content=\"Becs\u00fclt olvas\u00e1si id\u0151\" \/>\n\t<meta name=\"twitter:data2\" content=\"1 perc\" \/>\n<script type=\"application\/ld+json\" class=\"yoast-schema-graph\">{\"@context\":\"https:\/\/schema.org\",\"@graph\":[{\"@type\":\"WebPage\",\"@id\":\"https:\/\/nagykokenyes.hu\/?p=6288\",\"url\":\"https:\/\/nagykokenyes.hu\/?p=6288\",\"name\":\"Fagyk\u00e1rok - Nagyk\u00f6k\u00e9nyes K\u00f6zs\u00e9g \u00d6nkorm\u00e1nyzata\",\"isPartOf\":{\"@id\":\"https:\/\/nagykokenyes.hu\/#website\"},\"datePublished\":\"2023-03-30T07:41:41+00:00\",\"author\":{\"@id\":\"https:\/\/nagykokenyes.hu\/#\/schema\/person\/91a03ceb98215334e96f799e0fbcb3be\"},\"breadcrumb\":{\"@id\":\"https:\/\/nagykokenyes.hu\/?p=6288#breadcrumb\"},\"inLanguage\":\"hu\",\"potentialAction\":[{\"@type\":\"ReadAction\",\"target\":[\"https:\/\/nagykokenyes.hu\/?p=6288\"]}]},{\"@type\":\"BreadcrumbList\",\"@id\":\"https:\/\/nagykokenyes.hu\/?p=6288#breadcrumb\",\"itemListElement\":[{\"@type\":\"ListItem\",\"position\":1,\"name\":\"Kezd\u0151lap\",\"item\":\"https:\/\/nagykokenyes.hu\/\"},{\"@type\":\"ListItem\",\"position\":2,\"name\":\"Fagyk\u00e1rok\"}]},{\"@type\":\"WebSite\",\"@id\":\"https:\/\/nagykokenyes.hu\/#website\",\"url\":\"https:\/\/nagykokenyes.hu\/\",\"name\":\"Nagyk\u00f6k\u00e9nyes K\u00f6zs\u00e9g \u00d6nkorm\u00e1nyzata\",\"description\":\"\",\"potentialAction\":[{\"@type\":\"SearchAction\",\"target\":{\"@type\":\"EntryPoint\",\"urlTemplate\":\"https:\/\/nagykokenyes.hu\/?s={search_term_string}\"},\"query-input\":{\"@type\":\"PropertyValueSpecification\",\"valueRequired\":true,\"valueName\":\"search_term_string\"}}],\"inLanguage\":\"hu\"},{\"@type\":\"Person\",\"@id\":\"https:\/\/nagykokenyes.hu\/#\/schema\/person\/91a03ceb98215334e96f799e0fbcb3be\",\"name\":\"Toldi-Media&amp;Web\u00a9\",\"image\":{\"@type\":\"ImageObject\",\"inLanguage\":\"hu\",\"@id\":\"https:\/\/nagykokenyes.hu\/#\/schema\/person\/image\/\",\"url\":\"https:\/\/secure.gravatar.com\/avatar\/adc3df0c265574e995fc88e9d5fca046c2077c4ac097b10c58e854f5d7ae42ac?s=96&d=mm&r=g\",\"contentUrl\":\"https:\/\/secure.gravatar.com\/avatar\/adc3df0c265574e995fc88e9d5fca046c2077c4ac097b10c58e854f5d7ae42ac?s=96&d=mm&r=g\",\"caption\":\"Toldi-Media&amp;Web\u00a9\"},\"url\":\"https:\/\/nagykokenyes.hu\/?author=3\"}]}<\/script>\n<!-- \/ Yoast SEO plugin. -->","yoast_head_json":{"title":"Fagyk\u00e1rok - Nagyk\u00f6k\u00e9nyes K\u00f6zs\u00e9g \u00d6nkorm\u00e1nyzata","robots":{"index":"index","follow":"follow","max-snippet":"max-snippet:-1","max-image-preview":"max-image-preview:large","max-video-preview":"max-video-preview:-1"},"canonical":"https:\/\/nagykokenyes.hu\/?p=6288","og_locale":"hu_HU","og_type":"article","og_title":"Fagyk\u00e1rok - Nagyk\u00f6k\u00e9nyes K\u00f6zs\u00e9g \u00d6nkorm\u00e1nyzata","og_description":"A mez\u0151gazdas\u00e1got \u00e9rint\u0151 asz\u00e1ly ut\u00e1n a fagy is fokozott vesz\u00e9lyt jelent. A napokban v\u00e1rhat\u00f3 \u00e9jszakai \u00e9s hajnali fagyok miatt, a fagyk\u00e1r m\u00e9rs\u00e9kl\u00e9s\u00e9re, fokozott f\u00fcstfejl\u0151d\u00e9ssel \u00e9s l\u00e1nghat\u00e1ssal j\u00e1r\u00f3 \u00fagynevezett &#8222;f\u00fcst\u00f6l\u00e9ses&#8221; technol\u00f3gi\u00e1val v\u00e9dekeznek a gazd\u00e1k. A &#8222;f\u00fcst\u00f6l\u00e9ssel&#8221; jogszab\u00e1lyt nem s\u00e9rtenek, de a mell\u00e9kelten megk\u00fcld\u00f6tt &#8222;Bejelent\u0151&#8221; lapon a tev\u00e9kenys\u00e9g megkezd\u00e9se el\u0151tt meg kell tenni a bejelent\u00e9st a Heves [&hellip;]","og_url":"https:\/\/nagykokenyes.hu\/?p=6288","og_site_name":"Nagyk\u00f6k\u00e9nyes K\u00f6zs\u00e9g \u00d6nkorm\u00e1nyzata","article_published_time":"2023-03-30T07:41:41+00:00","author":"Toldi-Media&amp;Web\u00a9","twitter_card":"summary_large_image","twitter_misc":{"Szerz\u0151:":"Toldi-Media&amp;Web\u00a9","Becs\u00fclt olvas\u00e1si id\u0151":"1 perc"},"schema":{"@context":"https:\/\/schema.org","@graph":[{"@type":"WebPage","@id":"https:\/\/nagykokenyes.hu\/?p=6288","url":"https:\/\/nagykokenyes.hu\/?p=6288","name":"Fagyk\u00e1rok - Nagyk\u00f6k\u00e9nyes K\u00f6zs\u00e9g \u00d6nkorm\u00e1nyzata","isPartOf":{"@id":"https:\/\/nagykokenyes.hu\/#website"},"datePublished":"2023-03-30T07:41:41+00:00","author":{"@id":"https:\/\/nagykokenyes.hu\/#\/schema\/person\/91a03ceb98215334e96f799e0fbcb3be"},"breadcrumb":{"@id":"https:\/\/nagykokenyes.hu\/?p=6288#breadcrumb"},"inLanguage":"hu","potentialAction":[{"@type":"ReadAction","target":["https:\/\/nagykokenyes.hu\/?p=6288"]}]},{"@type":"BreadcrumbList","@id":"https:\/\/nagykokenyes.hu\/?p=6288#breadcrumb","itemListElement":[{"@type":"ListItem","position":1,"name":"Kezd\u0151lap","item":"https:\/\/nagykokenyes.hu\/"},{"@type":"ListItem","position":2,"name":"Fagyk\u00e1rok"}]},{"@type":"WebSite","@id":"https:\/\/nagykokenyes.hu\/#website","url":"https:\/\/nagykokenyes.hu\/","name":"Nagyk\u00f6k\u00e9nyes K\u00f6zs\u00e9g \u00d6nkorm\u00e1nyzata","description":"","potentialAction":[{"@type":"SearchAction","target":{"@type":"EntryPoint","urlTemplate":"https:\/\/nagykokenyes.hu\/?s={search_term_string}"},"query-input":{"@type":"PropertyValueSpecification","valueRequired":true,"valueName":"search_term_string"}}],"inLanguage":"hu"},{"@type":"Person","@id":"https:\/\/nagykokenyes.hu\/#\/schema\/person\/91a03ceb98215334e96f799e0fbcb3be","name":"Toldi-Media&amp;Web\u00a9","image":{"@type":"ImageObject","inLanguage":"hu","@id":"https:\/\/nagykokenyes.hu\/#\/schema\/person\/image\/","url":"https:\/\/secure.gravatar.com\/avatar\/adc3df0c265574e995fc88e9d5fca046c2077c4ac097b10c58e854f5d7ae42ac?s=96&d=mm&r=g","contentUrl":"https:\/\/secure.gravatar.com\/avatar\/adc3df0c265574e995fc88e9d5fca046c2077c4ac097b10c58e854f5d7ae42ac?s=96&d=mm&r=g","caption":"Toldi-Media&amp;Web\u00a9"},"url":"https:\/\/nagykokenyes.hu\/?author=3"}]}},"_links":{"self":[{"href":"https:\/\/nagykokenyes.hu\/index.php?rest_route=\/wp\/v2\/posts\/6288","targetHints":{"allow":["GET"]}}],"collection":[{"href":"https:\/\/nagykokenyes.hu\/index.php?rest_route=\/wp\/v2\/posts"}],"about":[{"href":"https:\/\/nagykokenyes.hu\/index.php?rest_route=\/wp\/v2\/types\/post"}],"author":[{"embeddable":true,"href":"https:\/\/nagykokenyes.hu\/index.php?rest_route=\/wp\/v2\/users\/3"}],"replies":[{"embeddable":true,"href":"https:\/\/nagykokenyes.hu\/index.php?rest_route=%2Fwp%2Fv2%2Fcomments&post=6288"}],"version-history":[{"count":1,"href":"https:\/\/nagykokenyes.hu\/index.php?rest_route=\/wp\/v2\/posts\/6288\/revisions"}],"predecessor-version":[{"id":6291,"href":"https:\/\/nagykokenyes.hu\/index.php?rest_route=\/wp\/v2\/posts\/6288\/revisions\/6291"}],"wp:attachment":[{"href":"https:\/\/nagykokenyes.hu\/index.php?rest_route=%2Fwp%2Fv2%2Fmedia&parent=6288"}],"wp:term":[{"taxonomy":"category","embeddable":true,"href":"https:\/\/nagykokenyes.hu\/index.php?rest_route=%2Fwp%2Fv2%2Fcategories&post=6288"},{"taxonomy":"post_tag","embeddable":true,"href":"https:\/\/nagykokenyes.hu\/index.php?rest_route=%2Fwp%2Fv2%2Ftags&post=6288"}],"curies":[{"name":"wp","href":"https:\/\/api.w.org\/{rel}","templated":true}]}}