{"id":6465,"date":"2023-05-03T17:43:20","date_gmt":"2023-05-03T15:43:20","guid":{"rendered":"https:\/\/nagykokenyes.hu\/?p=6465"},"modified":"2023-05-03T17:43:20","modified_gmt":"2023-05-03T15:43:20","slug":"jazmin-a-8-eves-hos","status":"publish","type":"post","link":"https:\/\/nagykokenyes.hu\/?p=6465","title":{"rendered":"J\u00e1zmin, a 8 \u00e9ves h\u0151s"},"content":{"rendered":"<p style=\"text-align: justify;\">P\u00e1ratlan l\u00e9lekjelenl\u00e9tr\u0151l tett tan\u00fabizonys\u00e1got J\u00e1zmin, a 8 \u00e9ves kisl\u00e1ny, aki felh\u00edvta a 112-es egys\u00e9ges eur\u00f3pai seg\u00e9lyh\u00edv\u00f3 sz\u00e1mot, amikor az \u00e9desanyja rosszul lett. Az eset 2023 febru\u00e1r 7- \u00e9n t\u00f6rt\u00e9nt. J\u00e1zmin \u00e9pp az iskol\u00e1ba indult, amikor \u00e9szrevette, hogy \u00e9desanyja nem \u00e9rzi j\u00f3l mag\u00e1t. Az anya elmond\u00e1sa szerint nem akarta a kisl\u00e1nyt megijeszteni, ez\u00e9rt igyekezett titokban tartani, hogy rosszul van, de m\u00e1r besz\u00e9lni is alig tudott.<\/p>\n<p style=\"text-align: justify;\">Nagyon neh\u00e9z egy ilyen helyzetben nyugodtan, \u00f6sszeszedetten besz\u00e9lni, J\u00e1zmin m\u00e9gis higgadtan elmondta, hogy h\u00edvj\u00e1k, azt, hogy pontosan hol lakik, mi t\u00f6rt\u00e9nt, milyen t\u00fcnetei vannak az anyuk\u00e1j\u00e1nak. A kisl\u00e1ny nem ijedt meg, pedig hallhat\u00f3an nagyon rosszul volt az anyuk\u00e1ja. Nagyon fesz\u00fclt pillanatok voltak, a szombathelyi H\u00edv\u00e1sfogad\u00f3 K\u00f6zpont h\u00edv\u00e1sfogad\u00f3 oper\u00e1tora \u00e9s az Orsz\u00e1gos Ment\u0151szolg\u00e1lat ment\u00e9sir\u00e1ny\u00edt\u00f3ja v\u00e9gig a kisl\u00e1nnyal maradt a vonalban.<\/p>\n<p style=\"text-align: justify;\">A teljes h\u00edrlev\u00e9l <a href=\"https:\/\/nagykokenyes.hu\/wp-content\/uploads\/2023\/05\/2.-hirlevel.pdf\">ITT<\/a> olvashat\u00f3.<\/p>\n","protected":false},"excerpt":{"rendered":"<p>P\u00e1ratlan l\u00e9lekjelenl\u00e9tr\u0151l tett tan\u00fabizonys\u00e1got J\u00e1zmin, a 8 \u00e9ves kisl\u00e1ny, aki felh\u00edvta a 112-es egys\u00e9ges eur\u00f3pai seg\u00e9lyh\u00edv\u00f3 sz\u00e1mot, amikor az \u00e9desanyja rosszul lett. Az eset 2023 febru\u00e1r 7- \u00e9n t\u00f6rt\u00e9nt. J\u00e1zmin \u00e9pp az iskol\u00e1ba indult, amikor \u00e9szrevette, hogy \u00e9desanyja nem \u00e9rzi j\u00f3l mag\u00e1t. Az anya elmond\u00e1sa szerint nem akarta a kisl\u00e1nyt megijeszteni, ez\u00e9rt igyekezett titokban tartani, [&hellip;]<\/p>\n","protected":false},"author":3,"featured_media":0,"comment_status":"closed","ping_status":"closed","sticky":false,"template":"","format":"standard","meta":{"footnotes":""},"categories":[1],"tags":[],"class_list":["post-6465","post","type-post","status-publish","format-standard","hentry","category-egyeb"],"yoast_head":"<!-- This site is optimized with the Yoast SEO plugin v26.5 - https:\/\/yoast.com\/wordpress\/plugins\/seo\/ -->\n<title>J\u00e1zmin, a 8 \u00e9ves h\u0151s - Nagyk\u00f6k\u00e9nyes K\u00f6zs\u00e9g \u00d6nkorm\u00e1nyzata<\/title>\n<meta name=\"robots\" content=\"index, follow, max-snippet:-1, max-image-preview:large, max-video-preview:-1\" \/>\n<link rel=\"canonical\" href=\"https:\/\/nagykokenyes.hu\/?p=6465\" \/>\n<meta property=\"og:locale\" content=\"hu_HU\" \/>\n<meta property=\"og:type\" content=\"article\" \/>\n<meta property=\"og:title\" content=\"J\u00e1zmin, a 8 \u00e9ves h\u0151s - Nagyk\u00f6k\u00e9nyes K\u00f6zs\u00e9g \u00d6nkorm\u00e1nyzata\" \/>\n<meta property=\"og:description\" content=\"P\u00e1ratlan l\u00e9lekjelenl\u00e9tr\u0151l tett tan\u00fabizonys\u00e1got J\u00e1zmin, a 8 \u00e9ves kisl\u00e1ny, aki felh\u00edvta a 112-es egys\u00e9ges eur\u00f3pai seg\u00e9lyh\u00edv\u00f3 sz\u00e1mot, amikor az \u00e9desanyja rosszul lett. Az eset 2023 febru\u00e1r 7- \u00e9n t\u00f6rt\u00e9nt. J\u00e1zmin \u00e9pp az iskol\u00e1ba indult, amikor \u00e9szrevette, hogy \u00e9desanyja nem \u00e9rzi j\u00f3l mag\u00e1t. Az anya elmond\u00e1sa szerint nem akarta a kisl\u00e1nyt megijeszteni, ez\u00e9rt igyekezett titokban tartani, [&hellip;]\" \/>\n<meta property=\"og:url\" content=\"https:\/\/nagykokenyes.hu\/?p=6465\" \/>\n<meta property=\"og:site_name\" content=\"Nagyk\u00f6k\u00e9nyes K\u00f6zs\u00e9g \u00d6nkorm\u00e1nyzata\" \/>\n<meta property=\"article:published_time\" content=\"2023-05-03T15:43:20+00:00\" \/>\n<meta name=\"author\" content=\"Toldi-Media&amp;Web\u00a9\" \/>\n<meta name=\"twitter:card\" content=\"summary_large_image\" \/>\n<meta name=\"twitter:label1\" content=\"Szerz\u0151:\" \/>\n\t<meta name=\"twitter:data1\" content=\"Toldi-Media&amp;Web\u00a9\" \/>\n\t<meta name=\"twitter:label2\" content=\"Becs\u00fclt olvas\u00e1si id\u0151\" \/>\n\t<meta name=\"twitter:data2\" content=\"1 perc\" \/>\n<script type=\"application\/ld+json\" class=\"yoast-schema-graph\">{\"@context\":\"https:\/\/schema.org\",\"@graph\":[{\"@type\":\"WebPage\",\"@id\":\"https:\/\/nagykokenyes.hu\/?p=6465\",\"url\":\"https:\/\/nagykokenyes.hu\/?p=6465\",\"name\":\"J\u00e1zmin, a 8 \u00e9ves h\u0151s - Nagyk\u00f6k\u00e9nyes K\u00f6zs\u00e9g \u00d6nkorm\u00e1nyzata\",\"isPartOf\":{\"@id\":\"https:\/\/nagykokenyes.hu\/#website\"},\"datePublished\":\"2023-05-03T15:43:20+00:00\",\"author\":{\"@id\":\"https:\/\/nagykokenyes.hu\/#\/schema\/person\/91a03ceb98215334e96f799e0fbcb3be\"},\"breadcrumb\":{\"@id\":\"https:\/\/nagykokenyes.hu\/?p=6465#breadcrumb\"},\"inLanguage\":\"hu\",\"potentialAction\":[{\"@type\":\"ReadAction\",\"target\":[\"https:\/\/nagykokenyes.hu\/?p=6465\"]}]},{\"@type\":\"BreadcrumbList\",\"@id\":\"https:\/\/nagykokenyes.hu\/?p=6465#breadcrumb\",\"itemListElement\":[{\"@type\":\"ListItem\",\"position\":1,\"name\":\"Kezd\u0151lap\",\"item\":\"https:\/\/nagykokenyes.hu\/\"},{\"@type\":\"ListItem\",\"position\":2,\"name\":\"J\u00e1zmin, a 8 \u00e9ves h\u0151s\"}]},{\"@type\":\"WebSite\",\"@id\":\"https:\/\/nagykokenyes.hu\/#website\",\"url\":\"https:\/\/nagykokenyes.hu\/\",\"name\":\"Nagyk\u00f6k\u00e9nyes K\u00f6zs\u00e9g \u00d6nkorm\u00e1nyzata\",\"description\":\"\",\"potentialAction\":[{\"@type\":\"SearchAction\",\"target\":{\"@type\":\"EntryPoint\",\"urlTemplate\":\"https:\/\/nagykokenyes.hu\/?s={search_term_string}\"},\"query-input\":{\"@type\":\"PropertyValueSpecification\",\"valueRequired\":true,\"valueName\":\"search_term_string\"}}],\"inLanguage\":\"hu\"},{\"@type\":\"Person\",\"@id\":\"https:\/\/nagykokenyes.hu\/#\/schema\/person\/91a03ceb98215334e96f799e0fbcb3be\",\"name\":\"Toldi-Media&amp;Web\u00a9\",\"image\":{\"@type\":\"ImageObject\",\"inLanguage\":\"hu\",\"@id\":\"https:\/\/nagykokenyes.hu\/#\/schema\/person\/image\/\",\"url\":\"https:\/\/secure.gravatar.com\/avatar\/adc3df0c265574e995fc88e9d5fca046c2077c4ac097b10c58e854f5d7ae42ac?s=96&d=mm&r=g\",\"contentUrl\":\"https:\/\/secure.gravatar.com\/avatar\/adc3df0c265574e995fc88e9d5fca046c2077c4ac097b10c58e854f5d7ae42ac?s=96&d=mm&r=g\",\"caption\":\"Toldi-Media&amp;Web\u00a9\"},\"url\":\"https:\/\/nagykokenyes.hu\/?author=3\"}]}<\/script>\n<!-- \/ Yoast SEO plugin. -->","yoast_head_json":{"title":"J\u00e1zmin, a 8 \u00e9ves h\u0151s - Nagyk\u00f6k\u00e9nyes K\u00f6zs\u00e9g \u00d6nkorm\u00e1nyzata","robots":{"index":"index","follow":"follow","max-snippet":"max-snippet:-1","max-image-preview":"max-image-preview:large","max-video-preview":"max-video-preview:-1"},"canonical":"https:\/\/nagykokenyes.hu\/?p=6465","og_locale":"hu_HU","og_type":"article","og_title":"J\u00e1zmin, a 8 \u00e9ves h\u0151s - Nagyk\u00f6k\u00e9nyes K\u00f6zs\u00e9g \u00d6nkorm\u00e1nyzata","og_description":"P\u00e1ratlan l\u00e9lekjelenl\u00e9tr\u0151l tett tan\u00fabizonys\u00e1got J\u00e1zmin, a 8 \u00e9ves kisl\u00e1ny, aki felh\u00edvta a 112-es egys\u00e9ges eur\u00f3pai seg\u00e9lyh\u00edv\u00f3 sz\u00e1mot, amikor az \u00e9desanyja rosszul lett. Az eset 2023 febru\u00e1r 7- \u00e9n t\u00f6rt\u00e9nt. J\u00e1zmin \u00e9pp az iskol\u00e1ba indult, amikor \u00e9szrevette, hogy \u00e9desanyja nem \u00e9rzi j\u00f3l mag\u00e1t. Az anya elmond\u00e1sa szerint nem akarta a kisl\u00e1nyt megijeszteni, ez\u00e9rt igyekezett titokban tartani, [&hellip;]","og_url":"https:\/\/nagykokenyes.hu\/?p=6465","og_site_name":"Nagyk\u00f6k\u00e9nyes K\u00f6zs\u00e9g \u00d6nkorm\u00e1nyzata","article_published_time":"2023-05-03T15:43:20+00:00","author":"Toldi-Media&amp;Web\u00a9","twitter_card":"summary_large_image","twitter_misc":{"Szerz\u0151:":"Toldi-Media&amp;Web\u00a9","Becs\u00fclt olvas\u00e1si id\u0151":"1 perc"},"schema":{"@context":"https:\/\/schema.org","@graph":[{"@type":"WebPage","@id":"https:\/\/nagykokenyes.hu\/?p=6465","url":"https:\/\/nagykokenyes.hu\/?p=6465","name":"J\u00e1zmin, a 8 \u00e9ves h\u0151s - Nagyk\u00f6k\u00e9nyes K\u00f6zs\u00e9g \u00d6nkorm\u00e1nyzata","isPartOf":{"@id":"https:\/\/nagykokenyes.hu\/#website"},"datePublished":"2023-05-03T15:43:20+00:00","author":{"@id":"https:\/\/nagykokenyes.hu\/#\/schema\/person\/91a03ceb98215334e96f799e0fbcb3be"},"breadcrumb":{"@id":"https:\/\/nagykokenyes.hu\/?p=6465#breadcrumb"},"inLanguage":"hu","potentialAction":[{"@type":"ReadAction","target":["https:\/\/nagykokenyes.hu\/?p=6465"]}]},{"@type":"BreadcrumbList","@id":"https:\/\/nagykokenyes.hu\/?p=6465#breadcrumb","itemListElement":[{"@type":"ListItem","position":1,"name":"Kezd\u0151lap","item":"https:\/\/nagykokenyes.hu\/"},{"@type":"ListItem","position":2,"name":"J\u00e1zmin, a 8 \u00e9ves h\u0151s"}]},{"@type":"WebSite","@id":"https:\/\/nagykokenyes.hu\/#website","url":"https:\/\/nagykokenyes.hu\/","name":"Nagyk\u00f6k\u00e9nyes K\u00f6zs\u00e9g \u00d6nkorm\u00e1nyzata","description":"","potentialAction":[{"@type":"SearchAction","target":{"@type":"EntryPoint","urlTemplate":"https:\/\/nagykokenyes.hu\/?s={search_term_string}"},"query-input":{"@type":"PropertyValueSpecification","valueRequired":true,"valueName":"search_term_string"}}],"inLanguage":"hu"},{"@type":"Person","@id":"https:\/\/nagykokenyes.hu\/#\/schema\/person\/91a03ceb98215334e96f799e0fbcb3be","name":"Toldi-Media&amp;Web\u00a9","image":{"@type":"ImageObject","inLanguage":"hu","@id":"https:\/\/nagykokenyes.hu\/#\/schema\/person\/image\/","url":"https:\/\/secure.gravatar.com\/avatar\/adc3df0c265574e995fc88e9d5fca046c2077c4ac097b10c58e854f5d7ae42ac?s=96&d=mm&r=g","contentUrl":"https:\/\/secure.gravatar.com\/avatar\/adc3df0c265574e995fc88e9d5fca046c2077c4ac097b10c58e854f5d7ae42ac?s=96&d=mm&r=g","caption":"Toldi-Media&amp;Web\u00a9"},"url":"https:\/\/nagykokenyes.hu\/?author=3"}]}},"_links":{"self":[{"href":"https:\/\/nagykokenyes.hu\/index.php?rest_route=\/wp\/v2\/posts\/6465","targetHints":{"allow":["GET"]}}],"collection":[{"href":"https:\/\/nagykokenyes.hu\/index.php?rest_route=\/wp\/v2\/posts"}],"about":[{"href":"https:\/\/nagykokenyes.hu\/index.php?rest_route=\/wp\/v2\/types\/post"}],"author":[{"embeddable":true,"href":"https:\/\/nagykokenyes.hu\/index.php?rest_route=\/wp\/v2\/users\/3"}],"replies":[{"embeddable":true,"href":"https:\/\/nagykokenyes.hu\/index.php?rest_route=%2Fwp%2Fv2%2Fcomments&post=6465"}],"version-history":[{"count":1,"href":"https:\/\/nagykokenyes.hu\/index.php?rest_route=\/wp\/v2\/posts\/6465\/revisions"}],"predecessor-version":[{"id":6467,"href":"https:\/\/nagykokenyes.hu\/index.php?rest_route=\/wp\/v2\/posts\/6465\/revisions\/6467"}],"wp:attachment":[{"href":"https:\/\/nagykokenyes.hu\/index.php?rest_route=%2Fwp%2Fv2%2Fmedia&parent=6465"}],"wp:term":[{"taxonomy":"category","embeddable":true,"href":"https:\/\/nagykokenyes.hu\/index.php?rest_route=%2Fwp%2Fv2%2Fcategories&post=6465"},{"taxonomy":"post_tag","embeddable":true,"href":"https:\/\/nagykokenyes.hu\/index.php?rest_route=%2Fwp%2Fv2%2Ftags&post=6465"}],"curies":[{"name":"wp","href":"https:\/\/api.w.org\/{rel}","templated":true}]}}