{"id":7162,"date":"2023-09-25T10:39:00","date_gmt":"2023-09-25T08:39:00","guid":{"rendered":"https:\/\/nagykokenyes.hu\/?p=7162"},"modified":"2023-09-25T10:39:00","modified_gmt":"2023-09-25T08:39:00","slug":"meghivo-22","status":"publish","type":"post","link":"https:\/\/nagykokenyes.hu\/?p=7162","title":{"rendered":"Megh\u00edv\u00f3"},"content":{"rendered":"<p>2023.09.30-\u00e1n NAGYK\u00d6K\u00c9NYESI EGYH\u00c1ZK\u00d6ZS\u00c9GI NAPRA A NAGYK\u00d6K\u00c9NYESI TEMPLOMBAN \u00c9S PAR\u00d3KI\u00c1N<\/p>\n<ul>\n<li>09:00\u00a0\u00a0\u00a0\u00a0\u00a0\u00a0\u00a0\u00a0\u00a0 Reggeli ima\u00f3ra, <em>(Tertia)<\/em> k\u00f6sz\u00f6nt\u0151 \u00e9s megnyit\u00f3<\/li>\n<li>09:30\u00a0\u00a0\u00a0\u00a0\u00a0\u00a0\u00a0\u00a0\u00a0 A premontrei rend k\u00f3dexei el\u0151ad\u00e1s vet\u00edtett k\u00e9pekkel, Orb\u00e1n Csaba Frigyes O.Pr\u00e6m.<\/li>\n<li>10:30-12:00 K\u00e9mia-fizika j\u00e1tsz\u00f3h\u00e1z term\u00e9szettudom\u00e1nyos k\u00eds\u00e9rletek bemutat\u00e1sa \u00e9s interakt\u00edv \u00e9lm\u00e9nyszer\u0171 k\u00eds\u00e9rletez\u00e9s Szakm\u00e1ny Csaba k\u00e9mia-fizika szakos tan\u00e1rral<\/li>\n<li>11:00\u00a0\u00a0\u00a0\u00a0\u00a0\u00a0\u00a0\u00a0\u00a0 Toronybej\u00e1r\u00e1s \u00e9s harangismertet\u00e9s<\/li>\n<li>11:40\u00a0\u00a0\u00a0\u00a0\u00a0\u00a0\u00a0\u00a0\u00a0 A premontrei rend k\u00f3dexei el\u0151ad\u00e1s vet\u00edtett k\u00e9pekkel, Orb\u00e1n Csaba Frigyes O.Pr\u00e6m.<\/li>\n<li>12:00\u00a0\u00a0\u00a0\u00a0\u00a0\u00a0\u00a0\u00a0\u00a0 Toronybej\u00e1r\u00e1s \u00e9s harangismertet\u00e9s<\/li>\n<li>12:40\u00a0\u00a0\u00a0\u00a0\u00a0\u00a0\u00a0\u00a0\u00a0 Orgonakoncert Ft. Balogh P\u00e9ter Piusz O. Pr\u00e6m, g\u00f6d\u00f6ll\u0151i ap\u00e1t<\/li>\n<li>13:00\u00a0\u00a0\u00a0\u00a0\u00a0\u00a0\u00a0\u00a0\u00a0 Eb\u00e9d<\/li>\n<li>14:00\u00a0\u00a0\u00a0\u00a0\u00a0\u00a0\u00a0\u00a0\u00a0 Toronybej\u00e1r\u00e1s \u00e9s harangismertet\u00e9s<\/li>\n<li>14:30\u00a0\u00a0\u00a0\u00a0\u00a0\u00a0\u00a0\u00a0\u00a0 Fogadj \u00f6r\u00f6kbe egy f\u00e1t! F\u00e1k \u00f6r\u00f6kbefogad\u00e1sa a premontrei gy\u00fcm\u00f6lcs\u00f6sben. Az \u00f6r\u00f6kbefogad\u00f3k seg\u00edthetnek az \u00f6r\u00f6kbefogadott f\u00e1k \u00e9s a gy\u00fcm\u00f6lcs\u00f6skert \u00e1pol\u00e1s\u00e1ban. A m\u00e1r \u00f6r\u00f6kbefogadott f\u00e1k megl\u00e1togat\u00e1sa \u00f6r\u00f6kbefogad\u00f3ik \u00e1ltal<\/li>\n<li>15:00\u00a0\u00a0\u00a0\u00a0\u00a0\u00a0\u00a0\u00a0\u00a0 Z\u00e1r\u00f3 ima\u00f3ra <em>(Nona)<\/em><\/li>\n<\/ul>\n<p>A napi programok alatt folyamatosan:<\/p>\n<ul>\n<li>\u0150szi gy\u00fcm\u00f6lcs\u00f6k, s\u00fct\u0151t\u00f6k, sz\u0151l\u0151k\u00f3stol\u00f3<\/li>\n<li>Rajzk\u00e9sz\u00edt\u00e9si lehet\u0151s\u00e9g a gyermekeknek<\/li>\n<li>K\u00e9mia-fizika j\u00e1tsz\u00f3h\u00e1z<\/li>\n<\/ul>\n","protected":false},"excerpt":{"rendered":"<p>2023.09.30-\u00e1n NAGYK\u00d6K\u00c9NYESI EGYH\u00c1ZK\u00d6ZS\u00c9GI NAPRA A NAGYK\u00d6K\u00c9NYESI TEMPLOMBAN \u00c9S PAR\u00d3KI\u00c1N 09:00\u00a0\u00a0\u00a0\u00a0\u00a0\u00a0\u00a0\u00a0\u00a0 Reggeli ima\u00f3ra, (Tertia) k\u00f6sz\u00f6nt\u0151 \u00e9s megnyit\u00f3 09:30\u00a0\u00a0\u00a0\u00a0\u00a0\u00a0\u00a0\u00a0\u00a0 A premontrei rend k\u00f3dexei el\u0151ad\u00e1s vet\u00edtett k\u00e9pekkel, Orb\u00e1n Csaba Frigyes O.Pr\u00e6m. 10:30-12:00 K\u00e9mia-fizika j\u00e1tsz\u00f3h\u00e1z term\u00e9szettudom\u00e1nyos k\u00eds\u00e9rletek bemutat\u00e1sa \u00e9s interakt\u00edv \u00e9lm\u00e9nyszer\u0171 k\u00eds\u00e9rletez\u00e9s Szakm\u00e1ny Csaba k\u00e9mia-fizika szakos tan\u00e1rral 11:00\u00a0\u00a0\u00a0\u00a0\u00a0\u00a0\u00a0\u00a0\u00a0 Toronybej\u00e1r\u00e1s \u00e9s harangismertet\u00e9s 11:40\u00a0\u00a0\u00a0\u00a0\u00a0\u00a0\u00a0\u00a0\u00a0 A premontrei rend k\u00f3dexei el\u0151ad\u00e1s vet\u00edtett k\u00e9pekkel, [&hellip;]<\/p>\n","protected":false},"author":3,"featured_media":0,"comment_status":"closed","ping_status":"closed","sticky":false,"template":"","format":"standard","meta":{"footnotes":""},"categories":[1],"tags":[],"class_list":["post-7162","post","type-post","status-publish","format-standard","hentry","category-egyeb"],"yoast_head":"<!-- This site is optimized with the Yoast SEO plugin v26.5 - https:\/\/yoast.com\/wordpress\/plugins\/seo\/ -->\n<title>Megh\u00edv\u00f3 - Nagyk\u00f6k\u00e9nyes K\u00f6zs\u00e9g \u00d6nkorm\u00e1nyzata<\/title>\n<meta name=\"robots\" content=\"index, follow, max-snippet:-1, max-image-preview:large, max-video-preview:-1\" \/>\n<link rel=\"canonical\" href=\"https:\/\/nagykokenyes.hu\/?p=7162\" \/>\n<meta property=\"og:locale\" content=\"hu_HU\" \/>\n<meta property=\"og:type\" content=\"article\" \/>\n<meta property=\"og:title\" content=\"Megh\u00edv\u00f3 - Nagyk\u00f6k\u00e9nyes K\u00f6zs\u00e9g \u00d6nkorm\u00e1nyzata\" \/>\n<meta property=\"og:description\" content=\"2023.09.30-\u00e1n NAGYK\u00d6K\u00c9NYESI EGYH\u00c1ZK\u00d6ZS\u00c9GI NAPRA A NAGYK\u00d6K\u00c9NYESI TEMPLOMBAN \u00c9S PAR\u00d3KI\u00c1N 09:00\u00a0\u00a0\u00a0\u00a0\u00a0\u00a0\u00a0\u00a0\u00a0 Reggeli ima\u00f3ra, (Tertia) k\u00f6sz\u00f6nt\u0151 \u00e9s megnyit\u00f3 09:30\u00a0\u00a0\u00a0\u00a0\u00a0\u00a0\u00a0\u00a0\u00a0 A premontrei rend k\u00f3dexei el\u0151ad\u00e1s vet\u00edtett k\u00e9pekkel, Orb\u00e1n Csaba Frigyes O.Pr\u00e6m. 10:30-12:00 K\u00e9mia-fizika j\u00e1tsz\u00f3h\u00e1z term\u00e9szettudom\u00e1nyos k\u00eds\u00e9rletek bemutat\u00e1sa \u00e9s interakt\u00edv \u00e9lm\u00e9nyszer\u0171 k\u00eds\u00e9rletez\u00e9s Szakm\u00e1ny Csaba k\u00e9mia-fizika szakos tan\u00e1rral 11:00\u00a0\u00a0\u00a0\u00a0\u00a0\u00a0\u00a0\u00a0\u00a0 Toronybej\u00e1r\u00e1s \u00e9s harangismertet\u00e9s 11:40\u00a0\u00a0\u00a0\u00a0\u00a0\u00a0\u00a0\u00a0\u00a0 A premontrei rend k\u00f3dexei el\u0151ad\u00e1s vet\u00edtett k\u00e9pekkel, [&hellip;]\" \/>\n<meta property=\"og:url\" content=\"https:\/\/nagykokenyes.hu\/?p=7162\" \/>\n<meta property=\"og:site_name\" content=\"Nagyk\u00f6k\u00e9nyes K\u00f6zs\u00e9g \u00d6nkorm\u00e1nyzata\" \/>\n<meta property=\"article:published_time\" content=\"2023-09-25T08:39:00+00:00\" \/>\n<meta name=\"author\" content=\"Toldi-Media&amp;Web\u00a9\" \/>\n<meta name=\"twitter:card\" content=\"summary_large_image\" \/>\n<meta name=\"twitter:label1\" content=\"Szerz\u0151:\" \/>\n\t<meta name=\"twitter:data1\" content=\"Toldi-Media&amp;Web\u00a9\" \/>\n\t<meta name=\"twitter:label2\" content=\"Becs\u00fclt olvas\u00e1si id\u0151\" \/>\n\t<meta name=\"twitter:data2\" content=\"1 perc\" \/>\n<script type=\"application\/ld+json\" class=\"yoast-schema-graph\">{\"@context\":\"https:\/\/schema.org\",\"@graph\":[{\"@type\":\"WebPage\",\"@id\":\"https:\/\/nagykokenyes.hu\/?p=7162\",\"url\":\"https:\/\/nagykokenyes.hu\/?p=7162\",\"name\":\"Megh\u00edv\u00f3 - Nagyk\u00f6k\u00e9nyes K\u00f6zs\u00e9g \u00d6nkorm\u00e1nyzata\",\"isPartOf\":{\"@id\":\"https:\/\/nagykokenyes.hu\/#website\"},\"datePublished\":\"2023-09-25T08:39:00+00:00\",\"author\":{\"@id\":\"https:\/\/nagykokenyes.hu\/#\/schema\/person\/91a03ceb98215334e96f799e0fbcb3be\"},\"breadcrumb\":{\"@id\":\"https:\/\/nagykokenyes.hu\/?p=7162#breadcrumb\"},\"inLanguage\":\"hu\",\"potentialAction\":[{\"@type\":\"ReadAction\",\"target\":[\"https:\/\/nagykokenyes.hu\/?p=7162\"]}]},{\"@type\":\"BreadcrumbList\",\"@id\":\"https:\/\/nagykokenyes.hu\/?p=7162#breadcrumb\",\"itemListElement\":[{\"@type\":\"ListItem\",\"position\":1,\"name\":\"Kezd\u0151lap\",\"item\":\"https:\/\/nagykokenyes.hu\/\"},{\"@type\":\"ListItem\",\"position\":2,\"name\":\"Megh\u00edv\u00f3\"}]},{\"@type\":\"WebSite\",\"@id\":\"https:\/\/nagykokenyes.hu\/#website\",\"url\":\"https:\/\/nagykokenyes.hu\/\",\"name\":\"Nagyk\u00f6k\u00e9nyes K\u00f6zs\u00e9g \u00d6nkorm\u00e1nyzata\",\"description\":\"\",\"potentialAction\":[{\"@type\":\"SearchAction\",\"target\":{\"@type\":\"EntryPoint\",\"urlTemplate\":\"https:\/\/nagykokenyes.hu\/?s={search_term_string}\"},\"query-input\":{\"@type\":\"PropertyValueSpecification\",\"valueRequired\":true,\"valueName\":\"search_term_string\"}}],\"inLanguage\":\"hu\"},{\"@type\":\"Person\",\"@id\":\"https:\/\/nagykokenyes.hu\/#\/schema\/person\/91a03ceb98215334e96f799e0fbcb3be\",\"name\":\"Toldi-Media&amp;Web\u00a9\",\"image\":{\"@type\":\"ImageObject\",\"inLanguage\":\"hu\",\"@id\":\"https:\/\/nagykokenyes.hu\/#\/schema\/person\/image\/\",\"url\":\"https:\/\/secure.gravatar.com\/avatar\/adc3df0c265574e995fc88e9d5fca046c2077c4ac097b10c58e854f5d7ae42ac?s=96&d=mm&r=g\",\"contentUrl\":\"https:\/\/secure.gravatar.com\/avatar\/adc3df0c265574e995fc88e9d5fca046c2077c4ac097b10c58e854f5d7ae42ac?s=96&d=mm&r=g\",\"caption\":\"Toldi-Media&amp;Web\u00a9\"},\"url\":\"https:\/\/nagykokenyes.hu\/?author=3\"}]}<\/script>\n<!-- \/ Yoast SEO plugin. -->","yoast_head_json":{"title":"Megh\u00edv\u00f3 - Nagyk\u00f6k\u00e9nyes K\u00f6zs\u00e9g \u00d6nkorm\u00e1nyzata","robots":{"index":"index","follow":"follow","max-snippet":"max-snippet:-1","max-image-preview":"max-image-preview:large","max-video-preview":"max-video-preview:-1"},"canonical":"https:\/\/nagykokenyes.hu\/?p=7162","og_locale":"hu_HU","og_type":"article","og_title":"Megh\u00edv\u00f3 - Nagyk\u00f6k\u00e9nyes K\u00f6zs\u00e9g \u00d6nkorm\u00e1nyzata","og_description":"2023.09.30-\u00e1n NAGYK\u00d6K\u00c9NYESI EGYH\u00c1ZK\u00d6ZS\u00c9GI NAPRA A NAGYK\u00d6K\u00c9NYESI TEMPLOMBAN \u00c9S PAR\u00d3KI\u00c1N 09:00\u00a0\u00a0\u00a0\u00a0\u00a0\u00a0\u00a0\u00a0\u00a0 Reggeli ima\u00f3ra, (Tertia) k\u00f6sz\u00f6nt\u0151 \u00e9s megnyit\u00f3 09:30\u00a0\u00a0\u00a0\u00a0\u00a0\u00a0\u00a0\u00a0\u00a0 A premontrei rend k\u00f3dexei el\u0151ad\u00e1s vet\u00edtett k\u00e9pekkel, Orb\u00e1n Csaba Frigyes O.Pr\u00e6m. 10:30-12:00 K\u00e9mia-fizika j\u00e1tsz\u00f3h\u00e1z term\u00e9szettudom\u00e1nyos k\u00eds\u00e9rletek bemutat\u00e1sa \u00e9s interakt\u00edv \u00e9lm\u00e9nyszer\u0171 k\u00eds\u00e9rletez\u00e9s Szakm\u00e1ny Csaba k\u00e9mia-fizika szakos tan\u00e1rral 11:00\u00a0\u00a0\u00a0\u00a0\u00a0\u00a0\u00a0\u00a0\u00a0 Toronybej\u00e1r\u00e1s \u00e9s harangismertet\u00e9s 11:40\u00a0\u00a0\u00a0\u00a0\u00a0\u00a0\u00a0\u00a0\u00a0 A premontrei rend k\u00f3dexei el\u0151ad\u00e1s vet\u00edtett k\u00e9pekkel, [&hellip;]","og_url":"https:\/\/nagykokenyes.hu\/?p=7162","og_site_name":"Nagyk\u00f6k\u00e9nyes K\u00f6zs\u00e9g \u00d6nkorm\u00e1nyzata","article_published_time":"2023-09-25T08:39:00+00:00","author":"Toldi-Media&amp;Web\u00a9","twitter_card":"summary_large_image","twitter_misc":{"Szerz\u0151:":"Toldi-Media&amp;Web\u00a9","Becs\u00fclt olvas\u00e1si id\u0151":"1 perc"},"schema":{"@context":"https:\/\/schema.org","@graph":[{"@type":"WebPage","@id":"https:\/\/nagykokenyes.hu\/?p=7162","url":"https:\/\/nagykokenyes.hu\/?p=7162","name":"Megh\u00edv\u00f3 - Nagyk\u00f6k\u00e9nyes K\u00f6zs\u00e9g \u00d6nkorm\u00e1nyzata","isPartOf":{"@id":"https:\/\/nagykokenyes.hu\/#website"},"datePublished":"2023-09-25T08:39:00+00:00","author":{"@id":"https:\/\/nagykokenyes.hu\/#\/schema\/person\/91a03ceb98215334e96f799e0fbcb3be"},"breadcrumb":{"@id":"https:\/\/nagykokenyes.hu\/?p=7162#breadcrumb"},"inLanguage":"hu","potentialAction":[{"@type":"ReadAction","target":["https:\/\/nagykokenyes.hu\/?p=7162"]}]},{"@type":"BreadcrumbList","@id":"https:\/\/nagykokenyes.hu\/?p=7162#breadcrumb","itemListElement":[{"@type":"ListItem","position":1,"name":"Kezd\u0151lap","item":"https:\/\/nagykokenyes.hu\/"},{"@type":"ListItem","position":2,"name":"Megh\u00edv\u00f3"}]},{"@type":"WebSite","@id":"https:\/\/nagykokenyes.hu\/#website","url":"https:\/\/nagykokenyes.hu\/","name":"Nagyk\u00f6k\u00e9nyes K\u00f6zs\u00e9g \u00d6nkorm\u00e1nyzata","description":"","potentialAction":[{"@type":"SearchAction","target":{"@type":"EntryPoint","urlTemplate":"https:\/\/nagykokenyes.hu\/?s={search_term_string}"},"query-input":{"@type":"PropertyValueSpecification","valueRequired":true,"valueName":"search_term_string"}}],"inLanguage":"hu"},{"@type":"Person","@id":"https:\/\/nagykokenyes.hu\/#\/schema\/person\/91a03ceb98215334e96f799e0fbcb3be","name":"Toldi-Media&amp;Web\u00a9","image":{"@type":"ImageObject","inLanguage":"hu","@id":"https:\/\/nagykokenyes.hu\/#\/schema\/person\/image\/","url":"https:\/\/secure.gravatar.com\/avatar\/adc3df0c265574e995fc88e9d5fca046c2077c4ac097b10c58e854f5d7ae42ac?s=96&d=mm&r=g","contentUrl":"https:\/\/secure.gravatar.com\/avatar\/adc3df0c265574e995fc88e9d5fca046c2077c4ac097b10c58e854f5d7ae42ac?s=96&d=mm&r=g","caption":"Toldi-Media&amp;Web\u00a9"},"url":"https:\/\/nagykokenyes.hu\/?author=3"}]}},"_links":{"self":[{"href":"https:\/\/nagykokenyes.hu\/index.php?rest_route=\/wp\/v2\/posts\/7162","targetHints":{"allow":["GET"]}}],"collection":[{"href":"https:\/\/nagykokenyes.hu\/index.php?rest_route=\/wp\/v2\/posts"}],"about":[{"href":"https:\/\/nagykokenyes.hu\/index.php?rest_route=\/wp\/v2\/types\/post"}],"author":[{"embeddable":true,"href":"https:\/\/nagykokenyes.hu\/index.php?rest_route=\/wp\/v2\/users\/3"}],"replies":[{"embeddable":true,"href":"https:\/\/nagykokenyes.hu\/index.php?rest_route=%2Fwp%2Fv2%2Fcomments&post=7162"}],"version-history":[{"count":2,"href":"https:\/\/nagykokenyes.hu\/index.php?rest_route=\/wp\/v2\/posts\/7162\/revisions"}],"predecessor-version":[{"id":7164,"href":"https:\/\/nagykokenyes.hu\/index.php?rest_route=\/wp\/v2\/posts\/7162\/revisions\/7164"}],"wp:attachment":[{"href":"https:\/\/nagykokenyes.hu\/index.php?rest_route=%2Fwp%2Fv2%2Fmedia&parent=7162"}],"wp:term":[{"taxonomy":"category","embeddable":true,"href":"https:\/\/nagykokenyes.hu\/index.php?rest_route=%2Fwp%2Fv2%2Fcategories&post=7162"},{"taxonomy":"post_tag","embeddable":true,"href":"https:\/\/nagykokenyes.hu\/index.php?rest_route=%2Fwp%2Fv2%2Ftags&post=7162"}],"curies":[{"name":"wp","href":"https:\/\/api.w.org\/{rel}","templated":true}]}}