{"id":9784,"date":"2025-09-10T14:04:56","date_gmt":"2025-09-10T12:04:56","guid":{"rendered":"https:\/\/nagykokenyes.hu\/?p=9784"},"modified":"2025-09-11T14:05:26","modified_gmt":"2025-09-11T12:05:26","slug":"rendorjaror-kepzes","status":"publish","type":"post","link":"https:\/\/nagykokenyes.hu\/?p=9784","title":{"rendered":"Rend\u0151rj\u00e1r\u0151r k\u00e9pz\u00e9s"},"content":{"rendered":"<p style=\"text-align: justify;\">A Heves V\u00e1rmegyei Rend\u0151r-f\u0151kapit\u00e1nys\u00e1g mindenkori c\u00e9lkit\u0171z\u00e9se a megye k\u00f6zbiztons\u00e1g\u00e1nak fenntart\u00e1sa, ennek \u00e9rdek\u00e9ben a helyi szervek hum\u00e1ner\u0151forr\u00e1s ut\u00e1np\u00f3tl\u00e1s\u00e1nak biztos\u00edt\u00e1sa.<\/p>\n<p style=\"text-align: justify;\">T\u00e1j\u00e9koztatjuk az \u00e9rdekl\u0151d\u0151ket, hogy a Rend\u0151rs\u00e9g hivat\u00e1sos \u00e1llom\u00e1ny\u00e1ba t\u00f6rt\u00e9n\u0151 felv\u00e9telre a 10 h\u00f3napos k\u00e9pz\u00e9si idej\u0171 k\u00f6zbiztons\u00e1gi rend\u0151rj\u00e1r\u0151r k\u00e9pz\u00e9sre t\u00f6rt\u00e9n\u0151 jelentkez\u00e9s \u00fatj\u00e1n is lehet\u0151s\u00e9g van.<\/p>\n<p style=\"text-align: justify;\">A k\u00e9pz\u00e9si forma nagy el\u0151nye, hogy a tanul\u00f3kat m\u00e1r a k\u00e9pz\u00e9s els\u0151 napj\u00e1t\u00f3l munkav\u00e1llal\u00f3k\u00e9nt alkalmazz\u00e1k \u00e9s a garant\u00e1lt b\u00e9rminimumnak megfelel\u0151 fizet\u00e9st kapnak, a 3. h\u00f3napt\u00f3l pedig hivat\u00e1sos \u00e1llom\u00e1nyba ker\u00fclnek kinevez\u00e9sre, rend\u0151r \u0151rmester rendfokozatba.<\/p>\n<p style=\"text-align: justify;\">A k\u00f6vetkez\u0151 k\u00e9pz\u00e9s indul\u00e1s\u00e1nak id\u0151pontja 2025. november 17., melynek <strong>jelentkez\u00e9si <\/strong><strong>hat\u00e1rideje 2025. okt\u00f3ber 31.<\/strong><\/p>\n<p style=\"text-align: justify;\"><strong>Jelentkez\u00e9si felt\u00e9tel:<\/strong><\/p>\n<ul style=\"text-align: justify;\">\n<li>magyar \u00e1llampolg\u00e1rs\u00e1g,<\/li>\n<li>jelentkez\u00e9si \u00e9letkor: 18-55 \u00e9v,<\/li>\n<li>cselekv\u0151k\u00e9pess\u00e9g,<\/li>\n<li>\u00e1lland\u00f3 bejelentett belf\u00f6ldi lak\u00f3hely,<\/li>\n<li>b\u00fcntetlen el\u0151\u00e9let \u00e9s kifog\u00e1stalan \u00e9letvitel, illetve hozz\u00e1j\u00e1rul\u00e1s annak szolg\u00e1lati viszony l\u00e9tes\u00edt\u00e9se el\u0151tti, valamint szolg\u00e1lati viszony fenn\u00e1ll\u00e1sa alatti ellen\u0151rz\u00e9s\u00e9hez,<\/li>\n<li>k\u00f6z\u00e9p- vagy emelt szint\u0171 \u00e9retts\u00e9gi,<\/li>\n<li>eg\u00e9szs\u00e9gi, pszichol\u00f3giai, fizikai alkalmass\u00e1g,<\/li>\n<\/ul>\n<p style=\"text-align: justify;\">Az \u00e9rdekl\u0151d\u0151k jelentkez\u00e9seiket a lak\u00f3helyhez legk\u00f6zelebbi rend\u0151ri szervn\u00e9l adhatj\u00e1k le.<\/p>\n<p style=\"text-align: justify;\">Felvil\u00e1gos\u00edt\u00e1st hivatali id\u0151ben a Hum\u00e1nigazgat\u00e1si Szolg\u00e1latn\u00e1l a 36\/522-111 12-12-es mell\u00e9ken, illetve a karrier@heves.police.hu e-mail c\u00edmen k\u00e9rhetnek.<\/p>\n<p style=\"text-align: justify;\">A friss\u00edtett jelentkez\u00e9si egys\u00e9gcsomag az al\u00e1bbi linken \u00e9rhet\u0151 el:<\/p>\n<p style=\"text-align: justify;\"><a href=\"https:\/\/karrier.police.hu\/dokumentumtar\">https:\/\/karrier.police.hu\/dokumentumtar<\/a><\/p>\n","protected":false},"excerpt":{"rendered":"<p>A Heves V\u00e1rmegyei Rend\u0151r-f\u0151kapit\u00e1nys\u00e1g mindenkori c\u00e9lkit\u0171z\u00e9se a megye k\u00f6zbiztons\u00e1g\u00e1nak fenntart\u00e1sa, ennek \u00e9rdek\u00e9ben a helyi szervek hum\u00e1ner\u0151forr\u00e1s ut\u00e1np\u00f3tl\u00e1s\u00e1nak biztos\u00edt\u00e1sa. T\u00e1j\u00e9koztatjuk az \u00e9rdekl\u0151d\u0151ket, hogy a Rend\u0151rs\u00e9g hivat\u00e1sos \u00e1llom\u00e1ny\u00e1ba t\u00f6rt\u00e9n\u0151 felv\u00e9telre a 10 h\u00f3napos k\u00e9pz\u00e9si idej\u0171 k\u00f6zbiztons\u00e1gi rend\u0151rj\u00e1r\u0151r k\u00e9pz\u00e9sre t\u00f6rt\u00e9n\u0151 jelentkez\u00e9s \u00fatj\u00e1n is lehet\u0151s\u00e9g van. A k\u00e9pz\u00e9si forma nagy el\u0151nye, hogy a tanul\u00f3kat m\u00e1r a k\u00e9pz\u00e9s els\u0151 napj\u00e1t\u00f3l [&hellip;]<\/p>\n","protected":false},"author":3,"featured_media":0,"comment_status":"closed","ping_status":"closed","sticky":false,"template":"","format":"standard","meta":{"footnotes":""},"categories":[1],"tags":[],"class_list":["post-9784","post","type-post","status-publish","format-standard","hentry","category-egyeb"],"yoast_head":"<!-- This site is optimized with the Yoast SEO plugin v26.5 - https:\/\/yoast.com\/wordpress\/plugins\/seo\/ -->\n<title>Rend\u0151rj\u00e1r\u0151r k\u00e9pz\u00e9s - Nagyk\u00f6k\u00e9nyes K\u00f6zs\u00e9g \u00d6nkorm\u00e1nyzata<\/title>\n<meta name=\"robots\" content=\"index, follow, max-snippet:-1, max-image-preview:large, max-video-preview:-1\" \/>\n<link rel=\"canonical\" href=\"https:\/\/nagykokenyes.hu\/?p=9784\" \/>\n<meta property=\"og:locale\" content=\"hu_HU\" \/>\n<meta property=\"og:type\" content=\"article\" \/>\n<meta property=\"og:title\" content=\"Rend\u0151rj\u00e1r\u0151r k\u00e9pz\u00e9s - Nagyk\u00f6k\u00e9nyes K\u00f6zs\u00e9g \u00d6nkorm\u00e1nyzata\" \/>\n<meta property=\"og:description\" content=\"A Heves V\u00e1rmegyei Rend\u0151r-f\u0151kapit\u00e1nys\u00e1g mindenkori c\u00e9lkit\u0171z\u00e9se a megye k\u00f6zbiztons\u00e1g\u00e1nak fenntart\u00e1sa, ennek \u00e9rdek\u00e9ben a helyi szervek hum\u00e1ner\u0151forr\u00e1s ut\u00e1np\u00f3tl\u00e1s\u00e1nak biztos\u00edt\u00e1sa. T\u00e1j\u00e9koztatjuk az \u00e9rdekl\u0151d\u0151ket, hogy a Rend\u0151rs\u00e9g hivat\u00e1sos \u00e1llom\u00e1ny\u00e1ba t\u00f6rt\u00e9n\u0151 felv\u00e9telre a 10 h\u00f3napos k\u00e9pz\u00e9si idej\u0171 k\u00f6zbiztons\u00e1gi rend\u0151rj\u00e1r\u0151r k\u00e9pz\u00e9sre t\u00f6rt\u00e9n\u0151 jelentkez\u00e9s \u00fatj\u00e1n is lehet\u0151s\u00e9g van. A k\u00e9pz\u00e9si forma nagy el\u0151nye, hogy a tanul\u00f3kat m\u00e1r a k\u00e9pz\u00e9s els\u0151 napj\u00e1t\u00f3l [&hellip;]\" \/>\n<meta property=\"og:url\" content=\"https:\/\/nagykokenyes.hu\/?p=9784\" \/>\n<meta property=\"og:site_name\" content=\"Nagyk\u00f6k\u00e9nyes K\u00f6zs\u00e9g \u00d6nkorm\u00e1nyzata\" \/>\n<meta property=\"article:published_time\" content=\"2025-09-10T12:04:56+00:00\" \/>\n<meta property=\"article:modified_time\" content=\"2025-09-11T12:05:26+00:00\" \/>\n<meta name=\"author\" content=\"Toldi-Media&amp;Web\u00a9\" \/>\n<meta name=\"twitter:card\" content=\"summary_large_image\" \/>\n<meta name=\"twitter:label1\" content=\"Szerz\u0151:\" \/>\n\t<meta name=\"twitter:data1\" content=\"Toldi-Media&amp;Web\u00a9\" \/>\n\t<meta name=\"twitter:label2\" content=\"Becs\u00fclt olvas\u00e1si id\u0151\" \/>\n\t<meta name=\"twitter:data2\" content=\"1 perc\" \/>\n<script type=\"application\/ld+json\" class=\"yoast-schema-graph\">{\"@context\":\"https:\/\/schema.org\",\"@graph\":[{\"@type\":\"WebPage\",\"@id\":\"https:\/\/nagykokenyes.hu\/?p=9784\",\"url\":\"https:\/\/nagykokenyes.hu\/?p=9784\",\"name\":\"Rend\u0151rj\u00e1r\u0151r k\u00e9pz\u00e9s - Nagyk\u00f6k\u00e9nyes K\u00f6zs\u00e9g \u00d6nkorm\u00e1nyzata\",\"isPartOf\":{\"@id\":\"https:\/\/nagykokenyes.hu\/#website\"},\"datePublished\":\"2025-09-10T12:04:56+00:00\",\"dateModified\":\"2025-09-11T12:05:26+00:00\",\"author\":{\"@id\":\"https:\/\/nagykokenyes.hu\/#\/schema\/person\/91a03ceb98215334e96f799e0fbcb3be\"},\"breadcrumb\":{\"@id\":\"https:\/\/nagykokenyes.hu\/?p=9784#breadcrumb\"},\"inLanguage\":\"hu\",\"potentialAction\":[{\"@type\":\"ReadAction\",\"target\":[\"https:\/\/nagykokenyes.hu\/?p=9784\"]}]},{\"@type\":\"BreadcrumbList\",\"@id\":\"https:\/\/nagykokenyes.hu\/?p=9784#breadcrumb\",\"itemListElement\":[{\"@type\":\"ListItem\",\"position\":1,\"name\":\"Kezd\u0151lap\",\"item\":\"https:\/\/nagykokenyes.hu\/\"},{\"@type\":\"ListItem\",\"position\":2,\"name\":\"Rend\u0151rj\u00e1r\u0151r k\u00e9pz\u00e9s\"}]},{\"@type\":\"WebSite\",\"@id\":\"https:\/\/nagykokenyes.hu\/#website\",\"url\":\"https:\/\/nagykokenyes.hu\/\",\"name\":\"Nagyk\u00f6k\u00e9nyes K\u00f6zs\u00e9g \u00d6nkorm\u00e1nyzata\",\"description\":\"\",\"potentialAction\":[{\"@type\":\"SearchAction\",\"target\":{\"@type\":\"EntryPoint\",\"urlTemplate\":\"https:\/\/nagykokenyes.hu\/?s={search_term_string}\"},\"query-input\":{\"@type\":\"PropertyValueSpecification\",\"valueRequired\":true,\"valueName\":\"search_term_string\"}}],\"inLanguage\":\"hu\"},{\"@type\":\"Person\",\"@id\":\"https:\/\/nagykokenyes.hu\/#\/schema\/person\/91a03ceb98215334e96f799e0fbcb3be\",\"name\":\"Toldi-Media&amp;Web\u00a9\",\"image\":{\"@type\":\"ImageObject\",\"inLanguage\":\"hu\",\"@id\":\"https:\/\/nagykokenyes.hu\/#\/schema\/person\/image\/\",\"url\":\"https:\/\/secure.gravatar.com\/avatar\/adc3df0c265574e995fc88e9d5fca046c2077c4ac097b10c58e854f5d7ae42ac?s=96&d=mm&r=g\",\"contentUrl\":\"https:\/\/secure.gravatar.com\/avatar\/adc3df0c265574e995fc88e9d5fca046c2077c4ac097b10c58e854f5d7ae42ac?s=96&d=mm&r=g\",\"caption\":\"Toldi-Media&amp;Web\u00a9\"},\"url\":\"https:\/\/nagykokenyes.hu\/?author=3\"}]}<\/script>\n<!-- \/ Yoast SEO plugin. -->","yoast_head_json":{"title":"Rend\u0151rj\u00e1r\u0151r k\u00e9pz\u00e9s - Nagyk\u00f6k\u00e9nyes K\u00f6zs\u00e9g \u00d6nkorm\u00e1nyzata","robots":{"index":"index","follow":"follow","max-snippet":"max-snippet:-1","max-image-preview":"max-image-preview:large","max-video-preview":"max-video-preview:-1"},"canonical":"https:\/\/nagykokenyes.hu\/?p=9784","og_locale":"hu_HU","og_type":"article","og_title":"Rend\u0151rj\u00e1r\u0151r k\u00e9pz\u00e9s - Nagyk\u00f6k\u00e9nyes K\u00f6zs\u00e9g \u00d6nkorm\u00e1nyzata","og_description":"A Heves V\u00e1rmegyei Rend\u0151r-f\u0151kapit\u00e1nys\u00e1g mindenkori c\u00e9lkit\u0171z\u00e9se a megye k\u00f6zbiztons\u00e1g\u00e1nak fenntart\u00e1sa, ennek \u00e9rdek\u00e9ben a helyi szervek hum\u00e1ner\u0151forr\u00e1s ut\u00e1np\u00f3tl\u00e1s\u00e1nak biztos\u00edt\u00e1sa. T\u00e1j\u00e9koztatjuk az \u00e9rdekl\u0151d\u0151ket, hogy a Rend\u0151rs\u00e9g hivat\u00e1sos \u00e1llom\u00e1ny\u00e1ba t\u00f6rt\u00e9n\u0151 felv\u00e9telre a 10 h\u00f3napos k\u00e9pz\u00e9si idej\u0171 k\u00f6zbiztons\u00e1gi rend\u0151rj\u00e1r\u0151r k\u00e9pz\u00e9sre t\u00f6rt\u00e9n\u0151 jelentkez\u00e9s \u00fatj\u00e1n is lehet\u0151s\u00e9g van. A k\u00e9pz\u00e9si forma nagy el\u0151nye, hogy a tanul\u00f3kat m\u00e1r a k\u00e9pz\u00e9s els\u0151 napj\u00e1t\u00f3l [&hellip;]","og_url":"https:\/\/nagykokenyes.hu\/?p=9784","og_site_name":"Nagyk\u00f6k\u00e9nyes K\u00f6zs\u00e9g \u00d6nkorm\u00e1nyzata","article_published_time":"2025-09-10T12:04:56+00:00","article_modified_time":"2025-09-11T12:05:26+00:00","author":"Toldi-Media&amp;Web\u00a9","twitter_card":"summary_large_image","twitter_misc":{"Szerz\u0151:":"Toldi-Media&amp;Web\u00a9","Becs\u00fclt olvas\u00e1si id\u0151":"1 perc"},"schema":{"@context":"https:\/\/schema.org","@graph":[{"@type":"WebPage","@id":"https:\/\/nagykokenyes.hu\/?p=9784","url":"https:\/\/nagykokenyes.hu\/?p=9784","name":"Rend\u0151rj\u00e1r\u0151r k\u00e9pz\u00e9s - Nagyk\u00f6k\u00e9nyes K\u00f6zs\u00e9g \u00d6nkorm\u00e1nyzata","isPartOf":{"@id":"https:\/\/nagykokenyes.hu\/#website"},"datePublished":"2025-09-10T12:04:56+00:00","dateModified":"2025-09-11T12:05:26+00:00","author":{"@id":"https:\/\/nagykokenyes.hu\/#\/schema\/person\/91a03ceb98215334e96f799e0fbcb3be"},"breadcrumb":{"@id":"https:\/\/nagykokenyes.hu\/?p=9784#breadcrumb"},"inLanguage":"hu","potentialAction":[{"@type":"ReadAction","target":["https:\/\/nagykokenyes.hu\/?p=9784"]}]},{"@type":"BreadcrumbList","@id":"https:\/\/nagykokenyes.hu\/?p=9784#breadcrumb","itemListElement":[{"@type":"ListItem","position":1,"name":"Kezd\u0151lap","item":"https:\/\/nagykokenyes.hu\/"},{"@type":"ListItem","position":2,"name":"Rend\u0151rj\u00e1r\u0151r k\u00e9pz\u00e9s"}]},{"@type":"WebSite","@id":"https:\/\/nagykokenyes.hu\/#website","url":"https:\/\/nagykokenyes.hu\/","name":"Nagyk\u00f6k\u00e9nyes K\u00f6zs\u00e9g \u00d6nkorm\u00e1nyzata","description":"","potentialAction":[{"@type":"SearchAction","target":{"@type":"EntryPoint","urlTemplate":"https:\/\/nagykokenyes.hu\/?s={search_term_string}"},"query-input":{"@type":"PropertyValueSpecification","valueRequired":true,"valueName":"search_term_string"}}],"inLanguage":"hu"},{"@type":"Person","@id":"https:\/\/nagykokenyes.hu\/#\/schema\/person\/91a03ceb98215334e96f799e0fbcb3be","name":"Toldi-Media&amp;Web\u00a9","image":{"@type":"ImageObject","inLanguage":"hu","@id":"https:\/\/nagykokenyes.hu\/#\/schema\/person\/image\/","url":"https:\/\/secure.gravatar.com\/avatar\/adc3df0c265574e995fc88e9d5fca046c2077c4ac097b10c58e854f5d7ae42ac?s=96&d=mm&r=g","contentUrl":"https:\/\/secure.gravatar.com\/avatar\/adc3df0c265574e995fc88e9d5fca046c2077c4ac097b10c58e854f5d7ae42ac?s=96&d=mm&r=g","caption":"Toldi-Media&amp;Web\u00a9"},"url":"https:\/\/nagykokenyes.hu\/?author=3"}]}},"_links":{"self":[{"href":"https:\/\/nagykokenyes.hu\/index.php?rest_route=\/wp\/v2\/posts\/9784","targetHints":{"allow":["GET"]}}],"collection":[{"href":"https:\/\/nagykokenyes.hu\/index.php?rest_route=\/wp\/v2\/posts"}],"about":[{"href":"https:\/\/nagykokenyes.hu\/index.php?rest_route=\/wp\/v2\/types\/post"}],"author":[{"embeddable":true,"href":"https:\/\/nagykokenyes.hu\/index.php?rest_route=\/wp\/v2\/users\/3"}],"replies":[{"embeddable":true,"href":"https:\/\/nagykokenyes.hu\/index.php?rest_route=%2Fwp%2Fv2%2Fcomments&post=9784"}],"version-history":[{"count":2,"href":"https:\/\/nagykokenyes.hu\/index.php?rest_route=\/wp\/v2\/posts\/9784\/revisions"}],"predecessor-version":[{"id":9786,"href":"https:\/\/nagykokenyes.hu\/index.php?rest_route=\/wp\/v2\/posts\/9784\/revisions\/9786"}],"wp:attachment":[{"href":"https:\/\/nagykokenyes.hu\/index.php?rest_route=%2Fwp%2Fv2%2Fmedia&parent=9784"}],"wp:term":[{"taxonomy":"category","embeddable":true,"href":"https:\/\/nagykokenyes.hu\/index.php?rest_route=%2Fwp%2Fv2%2Fcategories&post=9784"},{"taxonomy":"post_tag","embeddable":true,"href":"https:\/\/nagykokenyes.hu\/index.php?rest_route=%2Fwp%2Fv2%2Ftags&post=9784"}],"curies":[{"name":"wp","href":"https:\/\/api.w.org\/{rel}","templated":true}]}}